{"id":12603,"date":"2014-06-01T12:00:40","date_gmt":"2014-06-01T10:00:40","guid":{"rendered":"http:\/\/www.susannavaris.com\/blogg\/?p=12603"},"modified":"2014-06-01T22:41:17","modified_gmt":"2014-06-01T20:41:17","slug":"lovin-gor-reklam-for-fler-kvinnor-pa-tunga-positioner","status":"publish","type":"post","link":"http:\/\/www.susannavaris.com\/blogg\/2014\/06\/lovin-gor-reklam-for-fler-kvinnor-pa-tunga-positioner\/","title":{"rendered":"L\u00f6vin g\u00f6r reklam f\u00f6r fler kvinnor p\u00e5 tunga positioner?"},"content":{"rendered":"<p style=\"text-align: center;\"><a href=\"http:\/\/www.susannavaris.com\/blogg\/wp-content\/uploads\/2014\/06\/l\u00f6vinfredrikhjerling.jpg\"><img loading=\"lazy\" decoding=\"async\" class=\"aligncenter size-full wp-image-12604\" alt=\"Isabella L\u00f6vin 0035\" src=\"http:\/\/www.susannavaris.com\/blogg\/wp-content\/uploads\/2014\/06\/l\u00f6vinfredrikhjerling.jpg\" width=\"480\" height=\"226\" srcset=\"http:\/\/www.susannavaris.com\/blogg\/wp-content\/uploads\/2014\/06\/l\u00f6vinfredrikhjerling.jpg 480w, http:\/\/www.susannavaris.com\/blogg\/wp-content\/uploads\/2014\/06\/l\u00f6vinfredrikhjerling-300x141.jpg 300w\" sizes=\"auto, (max-width: 480px) 100vw, 480px\" \/><\/a><em>Isabella L\u00f6vin. Foto: Fredrik Hjerling<\/em><\/p>\n<p>Den milj\u00f6partistiska EU-parlamentarikern illustrerar vikten av fler kvinnor p\u00e5 tunga positioner p\u00e5 f\u00f6ljande vis:<\/p>\n<blockquote><p>&#8221;\u2013 Jag sl\u00f6sade bort flera timmar av min h\u00f6gt betalda arbetsdag med att fundera p\u00e5 min egen och andras midjor. Tills det slog mig med full kraft: all denna f\u00f6rspillda kvinnoenergi.&#8221;<\/p><\/blockquote>\n<p>(Bakgrunden \u00e4r den moderata riksdagsledamoten Maria Abrahamssons plumpa\u00a0<a href=\"http:\/\/www.expressen.se\/nyheter\/val2014\/m-toppens-angrepp-pa-mp-kvinnornas-midjor\/\">kommentarer<\/a> om L\u00f6vins och Romssons kroppshyddor.) L\u00f6vin ber\u00e4ttar allts\u00e5 glatt att hon \u00e4r h\u00f6gt betald av oss skattebetalare och att hon sl\u00f6sat bort en ansenlig summa i form av f\u00f6rlorad arbetstid p\u00e5 grund av ett par kommentarer fr\u00e5n en annan kvinnlig politiker. Jag vet inte om er andra, men i mina \u00f6ron kan man knappast agera s\u00e4mre reklampelare f\u00f6r fler kvinnor p\u00e5 tunga, politiska poster. L\u00f6vin kunde prova att s\u00f6ka vilket annat prestigefullt jobb som helst med argumentet att hon sitter och sl\u00f6sar bort uppdragsgivarens pengar och att det d\u00e4rut\u00f6ver p\u00e5 n\u00e5got vis \u00e4r synd om henne och andra kvinnor (f\u00f6rspilld kvinnoenergi).<\/p>\n<p>F\u00f6r \u00f6vrigt \u00e4r viktmobbing en klassisk, kvinnlig h\u00e4rskarteknik, oftast riktad mot andra kvinnor. N\u00e4r blir feminismen f\u00f6rm\u00f6gen att utvidga sin omv\u00e4rldsanalys med s\u00e5dana ingredienser? Eller \u00e4r patriarkatet slutpunkten av analysen? I det skruvade universum som den moderna medielogiken utg\u00f6r blir dock allt detta sj\u00e4lvklart ett argument f\u00f6r b\u00e5de fler kvinnor i politiken och f\u00f6r mer feminism:<\/p>\n<blockquote><p><strong>&#8221;N\u00e4r L\u00f6vin sedan<\/strong> lyfte den feministiska kampen brakade appl\u00e5derna loss:<\/p>\n<p>\u2013 Det \u00e4r inte \u00f6ver, systrar och br\u00f6der, m\u00e4nniskov\u00e4rdet m\u00e5ste f\u00f6rsvaras varje dag i politiken, hemma vid k\u00f6ksbordet, med v\u00e5ra d\u00f6ttrar och s\u00f6ner \u2013 ja, till och med i m\u00f6tet med v\u00e5r egen spegelbild.<\/p>\n<p>\u2013 Jag v\u00e4lkomnar FI in i EU-parlamentet.&#8221;<\/p><\/blockquote>\n<p>Senare i artikeln lovar Fridolin Sverige den f\u00f6rsta feministiska regeringen och MP:s j\u00e4mst\u00e4lldhetspolitiska talesperson Gunvor G Ericson f\u00f6rklarar vad en feministisk regering \u00e4r:<\/p>\n<blockquote><p>\u2013 Det \u00e4r en regering som jobbar f\u00f6r en ekonomisk och representativ j\u00e4mst\u00e4lldhet d\u00e4r man analyserar f\u00f6rslag utifr\u00e5n ett feministiskt perspektiv, s\u00e4ger Gunvor G Ericson, j\u00e4mst\u00e4lldhetspolitisk talesperson.<\/p>\n<p>Centrala fr\u00e5gor tycker hon \u00e4r j\u00e4mst\u00e4llda l\u00f6ner och tredelad f\u00f6r\u00e4ldraf\u00f6rs\u00e4kring. Men \u00e4ven internt kr\u00e4vs visst arbete, medger hon:<\/p>\n<p>\u2013 Vi har inte den mest j\u00e4mst\u00e4llda representationen i styrelser \u2013 det \u00e4r faktiskt Socialdemokraterna som har det. Minst 40 procent kvinnor i kommunala f\u00f6rsamlingar m\u00e5ste vi n\u00e5.&#8221;<\/p><\/blockquote>\n<p>GU-spr\u00e5kr\u00f6ret Tovatt vill sj\u00e4lvklart kvotera in kvinnlig kompetens \u00e4ven i bolagsstyrelser:<\/p>\n<blockquote><p>&#8221;\u2013 Vi vill definitivt g\u00e5 l\u00e4ngre n\u00e4r det g\u00e4ller f\u00f6r\u00e4ldraf\u00f6rs\u00e4kringen. Kvotering till bolagsstyrelser kommer s\u00e4kert ocks\u00e5 att bli en utmaning. Vi m\u00e5ste helt enkelt vara vassare i f\u00f6rhandlingarna, s\u00e4ger han.&#8221;<\/p><\/blockquote>\n<p>&#8211; : &#8211; : &#8211; : &#8211;<\/p>\n<p><a href=\"http:\/\/jhlundell.wordpress.com\/2014\/06\/01\/feminismen-och-den-kanslomassiga-infarkten\/\">J. H. Lundell<\/a> om samma \u00e4mne, bland annat.<\/p>\n","protected":false},"excerpt":{"rendered":"<p>Isabella L\u00f6vin. Foto: Fredrik Hjerling Den milj\u00f6partistiska EU-parlamentarikern illustrerar vikten av fler kvinnor p\u00e5 tunga positioner p\u00e5 f\u00f6ljande vis: &#8221;\u2013 Jag sl\u00f6sade bort flera timmar av min h\u00f6gt betalda arbetsdag med att fundera p\u00e5 min egen och andras midjor. Tills &hellip; <a href=\"http:\/\/www.susannavaris.com\/blogg\/2014\/06\/lovin-gor-reklam-for-fler-kvinnor-pa-tunga-positioner\/\">Forts\u00e4tt l\u00e4sa <span class=\"meta-nav\">&rarr;<\/span><\/a><\/p>\n","protected":false},"author":1,"featured_media":0,"comment_status":"open","ping_status":"open","sticky":false,"template":"","format":"standard","meta":{"footnotes":""},"categories":[178,181,154,259,1321,1928,589,1,590,403,303],"tags":[2460,4048,4900,2809,4044,2879,2123,4045,2339,3095,4047,1543,4046],"class_list":["post-12603","post","type-post","status-publish","format-standard","hentry","category-blodtryckshojare","category-feminism","category-genus","category-genusvetenskap","category-jamstalldhet","category-journalistik","category-medier","category-okategoriserade","category-politik","category-pseudovetenskap","category-religion","tag-2460","tag-asa-romsson","tag-feminism","tag-harskartekniker","tag-isabella-lovin","tag-konsmaktsordning","tag-kvotering","tag-maria-abrahamsson","tag-miljopartiet","tag-mobbning","tag-mp","tag-patriarkat","tag-vikt"],"_links":{"self":[{"href":"http:\/\/www.susannavaris.com\/blogg\/wp-json\/wp\/v2\/posts\/12603","targetHints":{"allow":["GET"]}}],"collection":[{"href":"http:\/\/www.susannavaris.com\/blogg\/wp-json\/wp\/v2\/posts"}],"about":[{"href":"http:\/\/www.susannavaris.com\/blogg\/wp-json\/wp\/v2\/types\/post"}],"author":[{"embeddable":true,"href":"http:\/\/www.susannavaris.com\/blogg\/wp-json\/wp\/v2\/users\/1"}],"replies":[{"embeddable":true,"href":"http:\/\/www.susannavaris.com\/blogg\/wp-json\/wp\/v2\/comments?post=12603"}],"version-history":[{"count":4,"href":"http:\/\/www.susannavaris.com\/blogg\/wp-json\/wp\/v2\/posts\/12603\/revisions"}],"predecessor-version":[{"id":12608,"href":"http:\/\/www.susannavaris.com\/blogg\/wp-json\/wp\/v2\/posts\/12603\/revisions\/12608"}],"wp:attachment":[{"href":"http:\/\/www.susannavaris.com\/blogg\/wp-json\/wp\/v2\/media?parent=12603"}],"wp:term":[{"taxonomy":"category","embeddable":true,"href":"http:\/\/www.susannavaris.com\/blogg\/wp-json\/wp\/v2\/categories?post=12603"},{"taxonomy":"post_tag","embeddable":true,"href":"http:\/\/www.susannavaris.com\/blogg\/wp-json\/wp\/v2\/tags?post=12603"}],"curies":[{"name":"wp","href":"https:\/\/api.w.org\/{rel}","templated":true}]}}