{"id":12693,"date":"2014-06-11T14:58:21","date_gmt":"2014-06-11T12:58:21","guid":{"rendered":"http:\/\/www.susannavaris.com\/blogg\/?p=12693"},"modified":"2014-06-11T14:58:21","modified_gmt":"2014-06-11T12:58:21","slug":"traditionellt-for-schyman","status":"publish","type":"post","link":"http:\/\/www.susannavaris.com\/blogg\/2014\/06\/traditionellt-for-schyman\/","title":{"rendered":"Traditionellt f\u00f6r Schyman"},"content":{"rendered":"<p><a href=\"http:\/\/www.susannavaris.com\/blogg\/wp-content\/uploads\/2014\/06\/gudrun01.jpg\"><img loading=\"lazy\" decoding=\"async\" class=\"aligncenter size-full wp-image-12694\" alt=\"gudrun01\" src=\"http:\/\/www.susannavaris.com\/blogg\/wp-content\/uploads\/2014\/06\/gudrun01.jpg\" width=\"875\" height=\"480\" srcset=\"http:\/\/www.susannavaris.com\/blogg\/wp-content\/uploads\/2014\/06\/gudrun01.jpg 875w, http:\/\/www.susannavaris.com\/blogg\/wp-content\/uploads\/2014\/06\/gudrun01-300x164.jpg 300w\" sizes=\"auto, (max-width: 875px) 100vw, 875px\" \/><\/a>I en <a href=\"http:\/\/www.metro.se\/nyheter\/gudrun-schyman-gor-succe-med-visor-fran-forr\/EVHnfi!OfuJcG97kxQJE\/\">artikel<\/a> i Metro nyligen ber\u00e4ttar F!:s partiordf\u00f6rande Gudrun Schyman om att hon hade blivit barnmorska om hon inte hade blivit politiker. Man kanske kan anta att hon k\u00e4nde att politiken var s\u00e5 pass viktig att hon prioriterade bort det hon egentligen ville g\u00f6ra, men \u00e4r inte barnmorska ett h\u00f6gst traditionellt kvinnligt yrke? Om Schyman ville v\u00e4lja ett s\u00e5 typiskt kvinnoyrke, varf\u00f6r tror hon att v\u00e4ldigt m\u00e5nga kvinnor inte vill g\u00f6ra det? Fr\u00e5n radikalfeministiskt h\u00e5ll h\u00e4vdas det ju inte bara att kvinnor ska ha samma m\u00f6jligheter att v\u00e4lja vad de vill arbeta med som m\u00e4n, utan att exakt lika m\u00e5nga kvinnor som m\u00e4n \u00e4r intresserade av de traditionellt manliga yrkena (50\/50-f\u00f6rdelning som definition p\u00e5 j\u00e4mst\u00e4lldhet). Vilka \u00e4r alla dessa kvinnor? Existerar de ens?<\/p>\n","protected":false},"excerpt":{"rendered":"<p>I en artikel i Metro nyligen ber\u00e4ttar F!:s partiordf\u00f6rande Gudrun Schyman om att hon hade blivit barnmorska om hon inte hade blivit politiker. Man kanske kan anta att hon k\u00e4nde att politiken var s\u00e5 pass viktig att hon prioriterade bort &hellip; <a href=\"http:\/\/www.susannavaris.com\/blogg\/2014\/06\/traditionellt-for-schyman\/\">Forts\u00e4tt l\u00e4sa <span class=\"meta-nav\">&rarr;<\/span><\/a><\/p>\n","protected":false},"author":1,"featured_media":0,"comment_status":"open","ping_status":"open","sticky":false,"template":"","format":"standard","meta":{"footnotes":""},"categories":[181,154,259,1321,1,590,403,303],"tags":[2460,3557,3558,975,4899,4903,2047,4918,4067],"class_list":["post-12693","post","type-post","status-publish","format-standard","hentry","category-feminism","category-genus","category-genusvetenskap","category-jamstalldhet","category-okategoriserade","category-politik","category-pseudovetenskap","category-religion","tag-2460","tag-f","tag-feministiskt-initiativ","tag-fi","tag-genus","tag-genusvetenskap","tag-gudrun-schyman","tag-jamstalldhet","tag-yrkesval"],"_links":{"self":[{"href":"http:\/\/www.susannavaris.com\/blogg\/wp-json\/wp\/v2\/posts\/12693","targetHints":{"allow":["GET"]}}],"collection":[{"href":"http:\/\/www.susannavaris.com\/blogg\/wp-json\/wp\/v2\/posts"}],"about":[{"href":"http:\/\/www.susannavaris.com\/blogg\/wp-json\/wp\/v2\/types\/post"}],"author":[{"embeddable":true,"href":"http:\/\/www.susannavaris.com\/blogg\/wp-json\/wp\/v2\/users\/1"}],"replies":[{"embeddable":true,"href":"http:\/\/www.susannavaris.com\/blogg\/wp-json\/wp\/v2\/comments?post=12693"}],"version-history":[{"count":1,"href":"http:\/\/www.susannavaris.com\/blogg\/wp-json\/wp\/v2\/posts\/12693\/revisions"}],"predecessor-version":[{"id":12695,"href":"http:\/\/www.susannavaris.com\/blogg\/wp-json\/wp\/v2\/posts\/12693\/revisions\/12695"}],"wp:attachment":[{"href":"http:\/\/www.susannavaris.com\/blogg\/wp-json\/wp\/v2\/media?parent=12693"}],"wp:term":[{"taxonomy":"category","embeddable":true,"href":"http:\/\/www.susannavaris.com\/blogg\/wp-json\/wp\/v2\/categories?post=12693"},{"taxonomy":"post_tag","embeddable":true,"href":"http:\/\/www.susannavaris.com\/blogg\/wp-json\/wp\/v2\/tags?post=12693"}],"curies":[{"name":"wp","href":"https:\/\/api.w.org\/{rel}","templated":true}]}}