{"id":12698,"date":"2014-06-17T09:58:58","date_gmt":"2014-06-17T07:58:58","guid":{"rendered":"http:\/\/www.susannavaris.com\/blogg\/?p=12698"},"modified":"2014-06-17T09:58:58","modified_gmt":"2014-06-17T07:58:58","slug":"liten-skar","status":"publish","type":"post","link":"http:\/\/www.susannavaris.com\/blogg\/2014\/06\/liten-skar\/","title":{"rendered":"Liten Sk\u00e4r"},"content":{"rendered":"<p style=\"text-align: center;\"><a href=\"http:\/\/www.susannavaris.com\/blogg\/wp-content\/uploads\/2014\/06\/DSC_0102-50.jpg\"><img loading=\"lazy\" decoding=\"async\" class=\"aligncenter size-large wp-image-12699\" alt=\"DSC_0102-50\" src=\"http:\/\/www.susannavaris.com\/blogg\/wp-content\/uploads\/2014\/06\/DSC_0102-50-797x1024.jpg\" width=\"640\" height=\"822\" srcset=\"http:\/\/www.susannavaris.com\/blogg\/wp-content\/uploads\/2014\/06\/DSC_0102-50-797x1024.jpg 797w, http:\/\/www.susannavaris.com\/blogg\/wp-content\/uploads\/2014\/06\/DSC_0102-50-233x300.jpg 233w, http:\/\/www.susannavaris.com\/blogg\/wp-content\/uploads\/2014\/06\/DSC_0102-50.jpg 1405w\" sizes=\"auto, (max-width: 640px) 100vw, 640px\" \/><\/a><em>Liten Sk\u00e4r. Foto: S. Varis<\/em><\/p>\n<p>I vintras var jag inbjuden p\u00e5 ett event f\u00f6r\u00a0<a href=\"http:\/\/brigbys.se\/\">Brigbys<\/a> p\u00e5 Formex-m\u00e4ssan. Jag kunde tyv\u00e4rr inte g\u00e5, men till min stora gl\u00e4dje blev jag nyligen kontaktad av f\u00f6retaget och erbjuden en present i form av en av docka f\u00f6rest\u00e4llande en av figurerna fr\u00e5n <em>Liten Sk\u00e4r och alla sm\u00e5 Brokiga<\/em>. Alla minns v\u00e4l den infekterade debatten som orsakades av att en av figurerna ursprungligen hade &#8221;fel&#8221; utseende och\u00a0<a href=\"http:\/\/www.dn.se\/dnbok\/lilla-hjartat-uppenbart-rasistisk-enligt-forskare\/\">ans\u00e5gs av vissa<\/a> vara ett uttryck f\u00f6r rasism (notera g\u00e4rna alla artiklarna p\u00e5 temat i h\u00f6gerspalten p\u00e5 DN:s sida). En mycket tr\u00e5kig debatt med tanke p\u00e5 att andemeningen i Stina Wirs\u00e9ns skapelse \u00e4r olikhet men likv\u00e4rdighet och det positiva med m\u00e5ngfald.<\/p>\n<p><a href=\"http:\/\/www.brokiga.com\/sv\/\">www.brokiga.com<\/a><\/p>\n","protected":false},"excerpt":{"rendered":"<p>Liten Sk\u00e4r. Foto: S. Varis I vintras var jag inbjuden p\u00e5 ett event f\u00f6r\u00a0Brigbys p\u00e5 Formex-m\u00e4ssan. Jag kunde tyv\u00e4rr inte g\u00e5, men till min stora gl\u00e4dje blev jag nyligen kontaktad av f\u00f6retaget och erbjuden en present i form av en &hellip; <a href=\"http:\/\/www.susannavaris.com\/blogg\/2014\/06\/liten-skar\/\">Forts\u00e4tt l\u00e4sa <span class=\"meta-nav\">&rarr;<\/span><\/a><\/p>\n","protected":false},"author":1,"featured_media":0,"comment_status":"open","ping_status":"open","sticky":false,"template":"","format":"standard","meta":{"footnotes":""},"categories":[1364,555,3358,3,1162,589,1,590],"tags":[4071,1207,4072,4068,4069,722,749,4070],"class_list":["post-12698","post","type-post","status-publish","format-standard","hentry","category-bocker","category-events","category-identitetspolitik","category-konst","category-kultur","category-medier","category-okategoriserade","category-politik","tag-brigbys","tag-formex","tag-lilla-hjartat","tag-liten-skar-och-alla-sma-brokiga","tag-little-pink","tag-rasism","tag-skugge-co","tag-stina-wirsen"],"_links":{"self":[{"href":"http:\/\/www.susannavaris.com\/blogg\/wp-json\/wp\/v2\/posts\/12698","targetHints":{"allow":["GET"]}}],"collection":[{"href":"http:\/\/www.susannavaris.com\/blogg\/wp-json\/wp\/v2\/posts"}],"about":[{"href":"http:\/\/www.susannavaris.com\/blogg\/wp-json\/wp\/v2\/types\/post"}],"author":[{"embeddable":true,"href":"http:\/\/www.susannavaris.com\/blogg\/wp-json\/wp\/v2\/users\/1"}],"replies":[{"embeddable":true,"href":"http:\/\/www.susannavaris.com\/blogg\/wp-json\/wp\/v2\/comments?post=12698"}],"version-history":[{"count":1,"href":"http:\/\/www.susannavaris.com\/blogg\/wp-json\/wp\/v2\/posts\/12698\/revisions"}],"predecessor-version":[{"id":12700,"href":"http:\/\/www.susannavaris.com\/blogg\/wp-json\/wp\/v2\/posts\/12698\/revisions\/12700"}],"wp:attachment":[{"href":"http:\/\/www.susannavaris.com\/blogg\/wp-json\/wp\/v2\/media?parent=12698"}],"wp:term":[{"taxonomy":"category","embeddable":true,"href":"http:\/\/www.susannavaris.com\/blogg\/wp-json\/wp\/v2\/categories?post=12698"},{"taxonomy":"post_tag","embeddable":true,"href":"http:\/\/www.susannavaris.com\/blogg\/wp-json\/wp\/v2\/tags?post=12698"}],"curies":[{"name":"wp","href":"https:\/\/api.w.org\/{rel}","templated":true}]}}