{"id":12723,"date":"2014-06-17T22:12:33","date_gmt":"2014-06-17T20:12:33","guid":{"rendered":"http:\/\/www.susannavaris.com\/blogg\/?p=12723"},"modified":"2014-06-18T21:26:14","modified_gmt":"2014-06-18T19:26:14","slug":"jag-tyar-icke-langre-i-repris","status":"publish","type":"post","link":"http:\/\/www.susannavaris.com\/blogg\/2014\/06\/jag-tyar-icke-langre-i-repris\/","title":{"rendered":"Jag tyar icke l\u00e4ngre &#8211; i repris"},"content":{"rendered":"<p style=\"text-align: center;\"><a href=\"http:\/\/www.susannavaris.com\/blogg\/wp-content\/uploads\/2014\/06\/reklamfalldro.jpg\"><img loading=\"lazy\" decoding=\"async\" class=\"aligncenter size-large wp-image-12725\" alt=\"reklamfalldro\" src=\"http:\/\/www.susannavaris.com\/blogg\/wp-content\/uploads\/2014\/06\/reklamfalldro-768x1024.jpg\" width=\"640\" height=\"853\" srcset=\"http:\/\/www.susannavaris.com\/blogg\/wp-content\/uploads\/2014\/06\/reklamfalldro-768x1024.jpg 768w, http:\/\/www.susannavaris.com\/blogg\/wp-content\/uploads\/2014\/06\/reklamfalldro-225x300.jpg 225w, http:\/\/www.susannavaris.com\/blogg\/wp-content\/uploads\/2014\/06\/reklamfalldro.jpg 1224w\" sizes=\"auto, (max-width: 640px) 100vw, 640px\" \/><\/a><em>Sexualiserad reklam?<\/em><\/p>\n<p>Jag har skrivit det f\u00f6rr, men nu \u00e4r det ett s\u00e5dant l\u00e4ge igen; jag tyar icke l\u00e4ngre. Galenskapen tycks f\u00f6r\u00f6ka sig exponentiellt i takt med journalisters hyllningsk\u00f6r till F! och feminismen, varje dag \u00e4r ett nytt crescendo upp i nya h\u00f6jder av vansinne. Det \u00e4r sv\u00e5rt att ens fokusera p\u00e5 enskilda exempel, det b\u00f6rjar bli en gr\u00f6t osorterad intryck av kn\u00e4pperier inne i skallen.<\/p>\n<p>Sveland gn\u00e4ller i vanlig ordning p\u00e5 m\u00e4n, nu kulturmannen, i en <a href=\"http:\/\/www.etc.se\/kronika\/konstnaren-ar-en-man-ar-en-man-ar-en-man\">artikel<\/a> i ETC och en kvinnlig konstn\u00e4rskollega fr\u00e5gar sig p\u00e5 Facebook varf\u00f6r vi inte kommit l\u00e4ngre vad g\u00e4ller j\u00e4mst\u00e4lldhet. I det h\u00e4r fallet: gifter sig med manlig konstn\u00e4r och koncentrerar sig sedan p\u00e5 barn och st\u00e4dning medans mannen har en av sina mest kreativa perioder. Vid konfrontation menar mannen att hon ska tagga ner och b\u00f6rja skapa konst ist\u00e4llet. Det g\u00f6r hon inte, hon blir mer irriterad och kan inte t\u00e4nka sig att hemmet ska se ut som en soph\u00f6g och barnen springa vind f\u00f6r v\u00e5g.<\/p>\n<p>Man kan st\u00e4lla sig m\u00e5nga fr\u00e5gor ang\u00e5ende det ovanst\u00e5ende, men den f\u00f6rsta jag t\u00e4nker p\u00e5 \u00e4r: har svensken, i form av vem som helst som klagar p\u00e5 normer och strukturer, blivit s\u00e5 passiviserad av alla decennier med stora, trygga staten som omh\u00e4ndertagande \u00f6verf\u00f6rmyndare, att hon inte ens begriper att normer och strukturer \u00e4r n\u00e5got som hon sj\u00e4lv skapar med sitt agerande? Det finns ingen statlig myndighet f\u00f6r norms\u00e4ttning och -implementering som man kan klaga hos och som sedan kan se till att allt h\u00e4nder utan att medborgaren beh\u00f6ver anstr\u00e4nga sig (hu! det finns det f\u00f6rresten n\u00e4stan, vid n\u00e4rmare eftertanke; genusinstitutionerna med sina f\u00f6rgreningar). Det kommer inte att delas ut statliga direktiv i brevl\u00e5dan om att fr\u00e5n och med den 5. juli m\u00e5ste alla pappor byta lika m\u00e5nga bl\u00f6jor, l\u00e4sa lika m\u00e5nga sagor, torka lika m\u00e5nga spyor etc som mammorna (hu! vid n\u00e4rmare eftertanke \u00e4r verkligheten inte s\u00e5 l\u00e5ngt ifr\u00e5n detta i vissa partiers visioner).<\/p>\n<p>Vems norm s\u00e4ger hur en god mor ska vara? Vems norm s\u00e4ger hur st\u00e4dat det ska vara hemma? Kommer inte de h\u00e4r normerna v\u00e4ldigt starkt fr\u00e5n andra kvinnor? Ungef\u00e4r 95 % av alla \u00e5sikter, synpunkter och f\u00f6rd\u00f6manden ang\u00e5ende st\u00e4dningen i t ex min knappast \u00f6verst\u00e4dade ungkvinnsl\u00e4genhet kom fr\u00e5n just kvinnliga individer. En manlig bekant med n\u00e5got mera traditionella uppfattningar om k\u00f6nsrollerna hade \u00e5sikter om saken. \u00c5sikter jag inte m\u00e4rkv\u00e4rdigt orkade bry mig om. Mitt hem, min st\u00e4dning. Generellt sett ligger m\u00e4nnens toleransniv\u00e5 f\u00f6r lite smuts i h\u00f6rnen betydligt h\u00f6gre \u00e4n kvinnornas, enligt min erfarenhet, s\u00e5 vems norm ska g\u00e4lla? Det tycks som att det i debatten handlar om en niv\u00e5 av renlighet definierad av kvinnan, men som b\u00e5da m\u00e5ste uppr\u00e4tth\u00e5lla f\u00f6r att j\u00e4mst\u00e4lldhet ska r\u00e5da. I exemplet ovan ville ju kvinnan inte leva i &#8221;en soph\u00f6g&#8221;, n\u00e5got som mannen ifr\u00e5ga kanske hade varit fullt tillfreds med. Jag skapar konst alla g\u00e5nger hellre \u00e4n putsar h\u00f6rnen h\u00e4r hemma och d\u00e5 ser det ju inte s\u00e5 d\u00e4r blankputsat ut. F\u00f6r att det ska bli st\u00e4dat m\u00e5ste jag bjuda in n\u00e5gon kvinnlig bekant eller v\u00e4ninna (eftersom det \u00e4r det enda som kan f\u00e5 mig till att st\u00e4da ordentligt&#8230;n\u00e5ja, n\u00e4stan). Hur ska normen n\u00e5gonsin f\u00f6r\u00e4ndras om de som huvudsakligen h\u00e5ller den uppe forts\u00e4tter att reproducera den? (Missvisande har ju feministerna d\u00f6pt k\u00f6nsroller till patriarkala normer, allt f\u00f6r att antyda en manlig skuld. K\u00f6nsroller skapar vi alla.) Det g\u00e5r inte att sitta och v\u00e4nta att normen p\u00e5 n\u00e5got magiskt s\u00e4tt ska \u00e4ndras av sig sj\u00e4lvt, man m\u00e5ste g\u00e5 emot den f\u00f6r att n\u00e5got ska h\u00e4nda.<\/p>\n<p>I \u00f6vrigt kan konstateras att Zolfagary blivit\u00a0<a href=\"http:\/\/toklandet.wordpress.com\/2014\/06\/16\/krankta-kawa-kurdistan\/\">kr\u00e4nkt<\/a> p\u00e5 feministbonanzan <a href=\"http:\/\/nf2014.org\/\">Nordiskt Forum<\/a>. \u00c4ven Gudrun Schyman \u00e4r\u00a0<a href=\"http:\/\/www.di.se\/artiklar\/2014\/6\/16\/schyman-rasar-mot-feministkonferens\/\">f\u00f6rol\u00e4mpad<\/a> med anledning av samma konferens. Detta p\u00e5 grund av att den norska politikern Solveig Horne bjudits in f\u00f6r att tala. N\u00e5gon gl\u00f6mde v\u00e4l tala om f\u00f6r Horne att h\u00e4r i Sverige \u00e4r vi s\u00e5 toleranta att vi inte tolererar \u00e5sikter som hennes.<\/p>\n<blockquote><p>&#8221;Men kom ih\u00e5g att demokrati \u00e4r en process och inte n\u00e5got som ska kunna anv\u00e4ndas i syfte att f\u00f6rtrycka andra m\u00e4nniskor.&#8221;<\/p><\/blockquote>\n<p>S\u00e5 skriver ett stort antal feminister i <a href=\"http:\/\/www.aftonbladet.se\/debatt\/article19066919.ab\">denna<\/a> debattartikel. Ja, just det. I samma artikel kan \u00e4ven l\u00e4sas om den allt kr\u00e5ngligare vardagen f\u00f6r v\u00e5ra intersektionalister. Undrar vem som plockar hem kr\u00e4nkthetspokalen efter att dammet har lagt sig?<\/p>\n<p>Vad best\u00e4mdes p\u00e5 konferensen d\u00e5? En lista p\u00e5 63 punkter har tydligen\u00a0<a href=\"http:\/\/sverigesradio.se\/sida\/artikel.aspx?programid=83&amp;artikel=5889972\">\u00f6verl\u00e4mnats<\/a> till de nordiska j\u00e4mst\u00e4lldhetsministrarna med bland annat krav p\u00e5 r\u00e4tt till heltid f\u00f6r kvinnor (inte m\u00e4n d\u00e5?). Ok, s\u00e5 feministiska Nordiskt forum vill att kvinnor ska ha r\u00e4tt till heltid (8 timmars arbetsdag i dagsl\u00e4get) och feministiska F! vill s\u00e4nka samma heltid till 6 timmar? Fast med bibeh\u00e5llen l\u00f6n d\u00e5 (som vi vet s\u00e5 har ju Schyman, Sj\u00f6stedt och deras likar ymnighetshorn under s\u00e4ngarna).<\/p>\n<p>Jag \u00e5terkommer i m\u00e5n av tid och ork till den 63 punkterna fr\u00e5n Nordiskt forum.<\/p>\n<p>Mera? SD politikern Margareta Larsson\u00a0<a href=\"http:\/\/sverigesradio.se\/sida\/artikel.aspx?programid=478&amp;artikel=5892060\">menade<\/a> att konstn\u00e4rer som m\u00e5lar k\u00f6nsorgan p\u00e5 skolv\u00e4ggar ska kunna f\u00e4ngslas. Ironiskt nog med samma\u00a0<a href=\"http:\/\/www.gp.se\/kulturnoje\/1.2404209-sd-ledamot-vill-fangsla-konstnar\">argument<\/a> om det sexualiserade, offentliga rummet som feminister anv\u00e4nder n\u00e4r de vill\u00a0<a href=\"http:\/\/myndighetsverket.se\/2013\/12\/12\/anforanden-i-kammaren\/sexualiserad-reklam\/\">f\u00f6rbjuda<\/a> sexualiserad reklam:<\/p>\n<blockquote><p>&#8221;Med tanke p\u00e5 den \u00f6versexualisering som r\u00e5der, anser jag personligen att man med all r\u00e4tta b\u00f6r sitta i f\u00e4ngelse f\u00f6r sexuellt ofredande av minder\u00e5riga om konstn\u00e4ren m\u00e5lar vaginor p\u00e5 v\u00e4ggarna i skolan\u201d<\/p><\/blockquote>\n<p>Larsson skulle, som redan konstaterats, passat v\u00e4l i r\u00e5det f\u00f6r <em>Entartete Kunst<\/em> i tredje riket. Samtidigt jobbar en annan del av feministkonglomeratet f\u00f6r att\u00a0<a href=\"http:\/\/mensenorg.wordpress.com\/menskonst\/\">f\u00f6ra in mensen<\/a> i var medborgares vardag:<\/p>\n<blockquote><p>\u201dH\u00e4r \u00e4r mitt menskoppsg\u00e4ng! De spr\u00e4nger inga luftslott men d\u00e4remot genom att ta plats i de offentliga (vita) rummen och l\u00e4mna fl\u00e4ckar de inte torkar bort s\u00e5 pyser de sakta men s\u00e4kert luft ur det. Genom att inte prata om eller ge utrymme f\u00f6r n\u00e5got bef\u00e4ster vi ocks\u00e5 tabun kring det. F\u00f6rutom att handla om skammen kring mens och k\u00e4nslan av att reduceras till en okontrollerbar kropp s\u00e5 pratar de f\u00f6r mig ocks\u00e5 om mycket annat. Till exempel illustrerar de v\u00e4ldigt v\u00e4l hur jag k\u00e4nner mig p\u00e5 tjusiga vernissager. Alla f\u00f6rtryck h\u00e4nger ihop! Genom att uppleva n\u00e5got som malplace belyses ocks\u00e5 det vita rummet och vilka som f\u00e5r ta plats d\u00e4r.\u201d<\/p><\/blockquote>\n<p>N\u00e4r f\u00e5r vi se en stor penis p\u00e5 en skolv\u00e4gg? Spermakonst?<\/p>\n<p style=\"text-align: center;\"><a href=\"http:\/\/www.susannavaris.com\/blogg\/wp-content\/uploads\/2014\/06\/mens.jpg\"><img loading=\"lazy\" decoding=\"async\" class=\"aligncenter size-full wp-image-12724\" alt=\"mens\" src=\"http:\/\/www.susannavaris.com\/blogg\/wp-content\/uploads\/2014\/06\/mens.jpg\" width=\"415\" height=\"149\" srcset=\"http:\/\/www.susannavaris.com\/blogg\/wp-content\/uploads\/2014\/06\/mens.jpg 415w, http:\/\/www.susannavaris.com\/blogg\/wp-content\/uploads\/2014\/06\/mens-300x107.jpg 300w\" sizes=\"auto, (max-width: 415px) 100vw, 415px\" \/><\/a><em>Sj\u00e4lvklart fanns menskonsten p\u00e5 Nordiskt forum ocks\u00e5. Cirkeln sluter sig.<\/em><\/p>\n<p>Nu m\u00e5ste jag avsluta det h\u00e4r inl\u00e4gget, huvudet b\u00f6rjar k\u00e4nnas svullet.<\/p>\n","protected":false},"excerpt":{"rendered":"<p>Sexualiserad reklam? Jag har skrivit det f\u00f6rr, men nu \u00e4r det ett s\u00e5dant l\u00e4ge igen; jag tyar icke l\u00e4ngre. Galenskapen tycks f\u00f6r\u00f6ka sig exponentiellt i takt med journalisters hyllningsk\u00f6r till F! och feminismen, varje dag \u00e4r ett nytt crescendo upp &hellip; <a href=\"http:\/\/www.susannavaris.com\/blogg\/2014\/06\/jag-tyar-icke-langre-i-repris\/\">Forts\u00e4tt l\u00e4sa <span class=\"meta-nav\">&rarr;<\/span><\/a><\/p>\n","protected":false},"author":1,"featured_media":0,"comment_status":"open","ping_status":"open","sticky":false,"template":"","format":"standard","meta":{"footnotes":""},"categories":[181,154,259,3358,1321,1928,3,589,1,590,403,303],"tags":[2646,4900,4899,4927,1460,17,2704,4081,4082,4080,637,4083,4085,4084],"class_list":["post-12723","post","type-post","status-publish","format-standard","hentry","category-feminism","category-genus","category-genusvetenskap","category-identitetspolitik","category-jamstalldhet","category-journalistik","category-konst","category-medier","category-okategoriserade","category-politik","category-pseudovetenskap","category-religion","tag-entartete-kunst","tag-feminism","tag-genus","tag-identitetspolitik","tag-kawa-zolfagary","tag-konst-2","tag-krankthet","tag-mens","tag-menskonst","tag-nordiskt-forum-2014","tag-sd","tag-sexualiserad-reklam","tag-vagina","tag-vaginakonst"],"_links":{"self":[{"href":"http:\/\/www.susannavaris.com\/blogg\/wp-json\/wp\/v2\/posts\/12723","targetHints":{"allow":["GET"]}}],"collection":[{"href":"http:\/\/www.susannavaris.com\/blogg\/wp-json\/wp\/v2\/posts"}],"about":[{"href":"http:\/\/www.susannavaris.com\/blogg\/wp-json\/wp\/v2\/types\/post"}],"author":[{"embeddable":true,"href":"http:\/\/www.susannavaris.com\/blogg\/wp-json\/wp\/v2\/users\/1"}],"replies":[{"embeddable":true,"href":"http:\/\/www.susannavaris.com\/blogg\/wp-json\/wp\/v2\/comments?post=12723"}],"version-history":[{"count":5,"href":"http:\/\/www.susannavaris.com\/blogg\/wp-json\/wp\/v2\/posts\/12723\/revisions"}],"predecessor-version":[{"id":12730,"href":"http:\/\/www.susannavaris.com\/blogg\/wp-json\/wp\/v2\/posts\/12723\/revisions\/12730"}],"wp:attachment":[{"href":"http:\/\/www.susannavaris.com\/blogg\/wp-json\/wp\/v2\/media?parent=12723"}],"wp:term":[{"taxonomy":"category","embeddable":true,"href":"http:\/\/www.susannavaris.com\/blogg\/wp-json\/wp\/v2\/categories?post=12723"},{"taxonomy":"post_tag","embeddable":true,"href":"http:\/\/www.susannavaris.com\/blogg\/wp-json\/wp\/v2\/tags?post=12723"}],"curies":[{"name":"wp","href":"https:\/\/api.w.org\/{rel}","templated":true}]}}