{"id":12791,"date":"2014-07-22T23:08:02","date_gmt":"2014-07-22T21:08:02","guid":{"rendered":"http:\/\/www.susannavaris.com\/blogg\/?p=12791"},"modified":"2014-07-22T23:08:02","modified_gmt":"2014-07-22T21:08:02","slug":"mariefred-och-bloggblockering","status":"publish","type":"post","link":"http:\/\/www.susannavaris.com\/blogg\/2014\/07\/mariefred-och-bloggblockering\/","title":{"rendered":"Mariefred och bloggblockering"},"content":{"rendered":"<p>I helgen begav vi oss \u00e5ter till Mariefred med S\/s Mariefred:<\/p>\n<p><a href=\"http:\/\/www.susannavaris.com\/blogg\/wp-content\/uploads\/2014\/07\/DSC_0131-50.jpg\"><img loading=\"lazy\" decoding=\"async\" class=\"aligncenter size-large wp-image-12792\" src=\"http:\/\/www.susannavaris.com\/blogg\/wp-content\/uploads\/2014\/07\/DSC_0131-50-1024x682.jpg\" alt=\"DSC_0131-50\" width=\"640\" height=\"426\" srcset=\"http:\/\/www.susannavaris.com\/blogg\/wp-content\/uploads\/2014\/07\/DSC_0131-50-1024x682.jpg 1024w, http:\/\/www.susannavaris.com\/blogg\/wp-content\/uploads\/2014\/07\/DSC_0131-50-300x200.jpg 300w\" sizes=\"auto, (max-width: 640px) 100vw, 640px\" \/><\/a> <a href=\"http:\/\/www.susannavaris.com\/blogg\/wp-content\/uploads\/2014\/07\/DSC_0132-50.jpg\"><img loading=\"lazy\" decoding=\"async\" class=\"aligncenter size-large wp-image-12793\" src=\"http:\/\/www.susannavaris.com\/blogg\/wp-content\/uploads\/2014\/07\/DSC_0132-50-682x1024.jpg\" alt=\"DSC_0132-50\" width=\"640\" height=\"960\" srcset=\"http:\/\/www.susannavaris.com\/blogg\/wp-content\/uploads\/2014\/07\/DSC_0132-50-682x1024.jpg 682w, http:\/\/www.susannavaris.com\/blogg\/wp-content\/uploads\/2014\/07\/DSC_0132-50-200x300.jpg 200w, http:\/\/www.susannavaris.com\/blogg\/wp-content\/uploads\/2014\/07\/DSC_0132-50.jpg 1536w\" sizes=\"auto, (max-width: 640px) 100vw, 640px\" \/><\/a> <a href=\"http:\/\/www.susannavaris.com\/blogg\/wp-content\/uploads\/2014\/07\/DSC_0133.jpg\"><img loading=\"lazy\" decoding=\"async\" class=\"aligncenter size-large wp-image-12794\" src=\"http:\/\/www.susannavaris.com\/blogg\/wp-content\/uploads\/2014\/07\/DSC_0133-1024x682.jpg\" alt=\"DSC_0133\" width=\"640\" height=\"426\" srcset=\"http:\/\/www.susannavaris.com\/blogg\/wp-content\/uploads\/2014\/07\/DSC_0133-1024x682.jpg 1024w, http:\/\/www.susannavaris.com\/blogg\/wp-content\/uploads\/2014\/07\/DSC_0133-300x200.jpg 300w\" sizes=\"auto, (max-width: 640px) 100vw, 640px\" \/><\/a><\/p>\n<p style=\"text-align: center;\"><em>Medeltidsdagarnas delegation vid bryggan.<\/em><\/p>\n<p>\u00c5ngfartyget var s\u00e5 gott som fullsmockat p\u00e5 ditv\u00e4gen. P\u00e5 b\u00e5ten h\u00f6rdes tyska och amerikanska och antagligen var turisterna p\u00e5 v\u00e4g till bland annat medeltidsdagarna som h\u00f6lls i Mariefred i helgen.<\/p>\n<p><a href=\"http:\/\/www.susannavaris.com\/blogg\/wp-content\/uploads\/2014\/07\/DSC_0135.jpg\"><img loading=\"lazy\" decoding=\"async\" class=\"aligncenter size-large wp-image-12795\" src=\"http:\/\/www.susannavaris.com\/blogg\/wp-content\/uploads\/2014\/07\/DSC_0135-1024x682.jpg\" alt=\"DSC_0135\" width=\"640\" height=\"426\" srcset=\"http:\/\/www.susannavaris.com\/blogg\/wp-content\/uploads\/2014\/07\/DSC_0135-1024x682.jpg 1024w, http:\/\/www.susannavaris.com\/blogg\/wp-content\/uploads\/2014\/07\/DSC_0135-300x200.jpg 300w\" sizes=\"auto, (max-width: 640px) 100vw, 640px\" \/><\/a>Vid b\u00e5thamnen. Jag h\u00f6ll p\u00e5 riktigt p\u00e5 att f\u00e5 v\u00e4rmeslag n\u00e4r vi n\u00e5tt slottet. Hj\u00e4rtat rusade, jag blev blek och det k\u00e4ndes som jag skulle svimma. Fort som attan in p\u00e5 slottets faciliteter f\u00f6r att tanka p\u00e5 vatten och sedan en svalkande sittpaus i nischerna vid ing\u00e5ngen&#8230;<\/p>\n<p style=\"text-align: center;\"><a href=\"http:\/\/www.susannavaris.com\/blogg\/wp-content\/uploads\/2014\/07\/DSC_0136.jpg\"><img loading=\"lazy\" decoding=\"async\" class=\"aligncenter size-large wp-image-12796\" src=\"http:\/\/www.susannavaris.com\/blogg\/wp-content\/uploads\/2014\/07\/DSC_0136-693x1024.jpg\" alt=\"DSC_0136\" width=\"640\" height=\"945\" srcset=\"http:\/\/www.susannavaris.com\/blogg\/wp-content\/uploads\/2014\/07\/DSC_0136-693x1024.jpg 693w, http:\/\/www.susannavaris.com\/blogg\/wp-content\/uploads\/2014\/07\/DSC_0136-203x300.jpg 203w\" sizes=\"auto, (max-width: 640px) 100vw, 640px\" \/><\/a><em>Jag piggnade till och vi kunde h\u00e4lsa p\u00e5 mitt favoritslott igen.<\/em><\/p>\n<p style=\"text-align: left;\">\u00c4r det f\u00f6rresten v\u00e4rmen? Har deltagare i det offentliga samtalet (kanske framf\u00f6r allt p\u00e5 twitter) f\u00e5tt kollektivt v\u00e4rmeslag? Det \u00e4r det nog inte, n\u00e4r jag t\u00e4nker efter&#8230;galenskapen accelererar med svindlande hastighet sedan n\u00e5gonstans kring Almedalen i \u00e5r. Jag har fortfarande knappt h\u00e4mtat mig fr\u00e5n det och dessutom staplas ju nya tokerier dagligen p\u00e5 det som redan varit. Jag har helt enkelt k\u00e4nt mig f\u00f6r utmattad inf\u00f6r den galopperande karri\u00e4ren utf\u00f6r det sluttande planet att jag inte kunnat formulera n\u00e5gra tankar kring det. Men man kan konstatera att manshatet som l\u00e4nge frodats hos exempelvis Lady Dahmer och Kakan Hermansson eller i den mera subtila formen i genusvetenskapen och dess avknoppningar har nu n\u00e5tt de etablerade, politiska partierna. \u00c5sa Romsons motsvarighet till Schymans\u00a0<a href=\"http:\/\/www.svd.se\/opinion\/ledarsidan\/politisk-retorik-som-skuldbelagger-kollektiv-ger-vi-och-dom-tankande_3721570.svd\">talibantal<\/a> k\u00e4nner alla till vid det h\u00e4r laget, ett tal d\u00e4r vi delades upp i vita, medel\u00e5lders m\u00e4n och m\u00e4nniskor. Bloggen <a href=\"http:\/\/toklandet.wordpress.com\/\">WTF\/Toklandet<\/a> orkar med f\u00f6red\u00f6mlig energi pl\u00f6ja igenom de mest anm\u00e4rkningsv\u00e4rda galenskaperna som p\u00e5g\u00e5r, s\u00e5 fler exempel fr\u00e5n sommaren hittas d\u00e4r.<\/p>\n<p style=\"text-align: center;\"><a href=\"http:\/\/www.susannavaris.com\/blogg\/wp-content\/uploads\/2014\/07\/DSC_0846.jpg\"><img loading=\"lazy\" decoding=\"async\" class=\"aligncenter size-large wp-image-12797\" src=\"http:\/\/www.susannavaris.com\/blogg\/wp-content\/uploads\/2014\/07\/DSC_0846-680x1024.jpg\" alt=\"DSC_0846\" width=\"640\" height=\"963\" srcset=\"http:\/\/www.susannavaris.com\/blogg\/wp-content\/uploads\/2014\/07\/DSC_0846-680x1024.jpg 680w, http:\/\/www.susannavaris.com\/blogg\/wp-content\/uploads\/2014\/07\/DSC_0846-199x300.jpg 199w\" sizes=\"auto, (max-width: 640px) 100vw, 640px\" \/><\/a><em>Sitter och h\u00e4mtar mig vid slottet.<\/em><\/p>\n<p style=\"text-align: left;\">I \u00f6vrigt kan min relativa fr\u00e5nvaro p\u00e5 bloggen f\u00f6rklaras med att jag koncentrerar mig p\u00e5 andra projekt; research och konsten.<\/p>\n<p style=\"text-align: center;\"><a href=\"http:\/\/www.susannavaris.com\/blogg\/wp-content\/uploads\/2014\/07\/DSC_0850.jpg\"><img loading=\"lazy\" decoding=\"async\" class=\"aligncenter size-large wp-image-12798\" src=\"http:\/\/www.susannavaris.com\/blogg\/wp-content\/uploads\/2014\/07\/DSC_0850-680x1024.jpg\" alt=\"DSC_0850\" width=\"640\" height=\"963\" srcset=\"http:\/\/www.susannavaris.com\/blogg\/wp-content\/uploads\/2014\/07\/DSC_0850-680x1024.jpg 680w, http:\/\/www.susannavaris.com\/blogg\/wp-content\/uploads\/2014\/07\/DSC_0850-199x300.jpg 199w\" sizes=\"auto, (max-width: 640px) 100vw, 640px\" \/><\/a> <a href=\"http:\/\/www.susannavaris.com\/blogg\/wp-content\/uploads\/2014\/07\/DSC_0852.jpg\"><img loading=\"lazy\" decoding=\"async\" class=\"aligncenter size-large wp-image-12799\" src=\"http:\/\/www.susannavaris.com\/blogg\/wp-content\/uploads\/2014\/07\/DSC_0852-680x1024.jpg\" alt=\"DSC_0852\" width=\"640\" height=\"963\" srcset=\"http:\/\/www.susannavaris.com\/blogg\/wp-content\/uploads\/2014\/07\/DSC_0852-680x1024.jpg 680w, http:\/\/www.susannavaris.com\/blogg\/wp-content\/uploads\/2014\/07\/DSC_0852-199x300.jpg 199w\" sizes=\"auto, (max-width: 640px) 100vw, 640px\" \/><\/a> <a href=\"http:\/\/www.susannavaris.com\/blogg\/wp-content\/uploads\/2014\/07\/DSC_0854-crop.jpg\"><img loading=\"lazy\" decoding=\"async\" class=\"aligncenter size-large wp-image-12800\" src=\"http:\/\/www.susannavaris.com\/blogg\/wp-content\/uploads\/2014\/07\/DSC_0854-crop-684x1024.jpg\" alt=\"DSC_0854-crop\" width=\"640\" height=\"958\" srcset=\"http:\/\/www.susannavaris.com\/blogg\/wp-content\/uploads\/2014\/07\/DSC_0854-crop-684x1024.jpg 684w, http:\/\/www.susannavaris.com\/blogg\/wp-content\/uploads\/2014\/07\/DSC_0854-crop-200x300.jpg 200w\" sizes=\"auto, (max-width: 640px) 100vw, 640px\" \/><\/a><em>P\u00e5 hemv\u00e4gen. Foton by Uffe.<\/em><\/p>\n<p style=\"text-align: left;\">N\u00e5gon semester har vi fortfarande inte sett skymten av, den blir senare. Men men, uppladdningen inf\u00f6r utst\u00e4llningen p\u00e5g\u00e5r f\u00f6r fullt, dessutom delar vi dator nu och f\u00e5r kompromissa med tiden vid den (m\u00e5ste l\u00f6sas snarast), men jag bloggar i m\u00e5n av tid, ork och grad av formuleringsf\u00f6rm\u00e5ga.<\/p>\n","protected":false},"excerpt":{"rendered":"<p>I helgen begav vi oss \u00e5ter till Mariefred med S\/s Mariefred: Medeltidsdagarnas delegation vid bryggan. \u00c5ngfartyget var s\u00e5 gott som fullsmockat p\u00e5 ditv\u00e4gen. P\u00e5 b\u00e5ten h\u00f6rdes tyska och amerikanska och antagligen var turisterna p\u00e5 v\u00e4g till bland annat medeltidsdagarna som &hellip; <a href=\"http:\/\/www.susannavaris.com\/blogg\/2014\/07\/mariefred-och-bloggblockering\/\">Forts\u00e4tt l\u00e4sa <span class=\"meta-nav\">&rarr;<\/span><\/a><\/p>\n","protected":false},"author":1,"featured_media":0,"comment_status":"open","ping_status":"open","sticky":false,"template":"","format":"standard","meta":{"footnotes":""},"categories":[680,181,259,3358,1321,1928,589,1,590],"tags":[3157,4118,4900,230,222,4119,2339,2721,220],"class_list":["post-12791","post","type-post","status-publish","format-standard","hentry","category-angfartyg","category-feminism","category-genusvetenskap","category-identitetspolitik","category-jamstalldhet","category-journalistik","category-medier","category-okategoriserade","category-politik","tag-almedalen","tag-asa-romson","tag-feminism","tag-gripsholm","tag-mariefred","tag-medeltidsdagarna","tag-miljopartiet","tag-misandri","tag-ss-mariefred"],"_links":{"self":[{"href":"http:\/\/www.susannavaris.com\/blogg\/wp-json\/wp\/v2\/posts\/12791","targetHints":{"allow":["GET"]}}],"collection":[{"href":"http:\/\/www.susannavaris.com\/blogg\/wp-json\/wp\/v2\/posts"}],"about":[{"href":"http:\/\/www.susannavaris.com\/blogg\/wp-json\/wp\/v2\/types\/post"}],"author":[{"embeddable":true,"href":"http:\/\/www.susannavaris.com\/blogg\/wp-json\/wp\/v2\/users\/1"}],"replies":[{"embeddable":true,"href":"http:\/\/www.susannavaris.com\/blogg\/wp-json\/wp\/v2\/comments?post=12791"}],"version-history":[{"count":1,"href":"http:\/\/www.susannavaris.com\/blogg\/wp-json\/wp\/v2\/posts\/12791\/revisions"}],"predecessor-version":[{"id":12801,"href":"http:\/\/www.susannavaris.com\/blogg\/wp-json\/wp\/v2\/posts\/12791\/revisions\/12801"}],"wp:attachment":[{"href":"http:\/\/www.susannavaris.com\/blogg\/wp-json\/wp\/v2\/media?parent=12791"}],"wp:term":[{"taxonomy":"category","embeddable":true,"href":"http:\/\/www.susannavaris.com\/blogg\/wp-json\/wp\/v2\/categories?post=12791"},{"taxonomy":"post_tag","embeddable":true,"href":"http:\/\/www.susannavaris.com\/blogg\/wp-json\/wp\/v2\/tags?post=12791"}],"curies":[{"name":"wp","href":"https:\/\/api.w.org\/{rel}","templated":true}]}}