{"id":12802,"date":"2014-07-22T23:34:20","date_gmt":"2014-07-22T21:34:20","guid":{"rendered":"http:\/\/www.susannavaris.com\/blogg\/?p=12802"},"modified":"2014-07-22T23:36:03","modified_gmt":"2014-07-22T21:36:03","slug":"skaffa-barn-for-att-forsorja-sig","status":"publish","type":"post","link":"http:\/\/www.susannavaris.com\/blogg\/2014\/07\/skaffa-barn-for-att-forsorja-sig\/","title":{"rendered":"Skaffa barn f\u00f6r att f\u00f6rs\u00f6rja sig?"},"content":{"rendered":"<p style=\"text-align: center;\"><a href=\"http:\/\/www.susannavaris.com\/blogg\/wp-content\/uploads\/2014\/07\/Blir-du-l\u00f6nsam.jpg\"><img loading=\"lazy\" decoding=\"async\" class=\"aligncenter size-full wp-image-12803\" src=\"http:\/\/www.susannavaris.com\/blogg\/wp-content\/uploads\/2014\/07\/Blir-du-l\u00f6nsam.jpg\" alt=\"Blir-du-l\u00f6nsam\" width=\"620\" height=\"384\" srcset=\"http:\/\/www.susannavaris.com\/blogg\/wp-content\/uploads\/2014\/07\/Blir-du-l\u00f6nsam.jpg 620w, http:\/\/www.susannavaris.com\/blogg\/wp-content\/uploads\/2014\/07\/Blir-du-l\u00f6nsam-300x185.jpg 300w\" sizes=\"auto, (max-width: 620px) 100vw, 620px\" \/><\/a><em>Blir du l\u00f6nsam, lille v\u00e4n? av Peter Tillberg.<\/em><\/p>\n<p>Jag vill minnas att det fanns en tid d\u00e5 man f\u00f6rst skulle v\u00e4xa upp, skaffa utbildning och jobb, hitta en bra bostad och sedan, n\u00e4r man var sj\u00e4lvg\u00e5ende, skaffa barn (som man d\u00e5 sett till att man kunde f\u00f6rs\u00f6rja). I en\u00a0<a href=\"http:\/\/www.svd.se\/opinion\/brannpunkt\/att-dela-dagarna-slar-mot-manga-kvinnor_3760136.svd\">artikel<\/a> <em>mot<\/em> individualiserad f\u00f6r\u00e4ldraf\u00f6rs\u00e4kring skrev h\u00e4romdagen en samling genusvetare om att ett s\u00e5dant f\u00f6rslag, om det f\u00f6rverkligades, skulle sl\u00e5 mot fattiga kvinnors m\u00f6jligheter att f\u00f6rs\u00f6rja sig. En n\u00e5got ov\u00e4ntad inst\u00e4llning fr\u00e5n genusvetarh\u00e5ll, d\u00e4r ledstj\u00e4rnan oftast \u00e4r kvinnors m\u00f6jligheter till makt utanf\u00f6r hemmets h\u00e4rd. Artikeln \u00e4r m\u00e4rklig p\u00e5 m\u00e5nga s\u00e4tt och vis, men skribenterna tycks mena att ekonomiskt svaga kvinnor v\u00e4ljer inte att skaffa barn, de beh\u00f6ver kort sagt pengarna. (Eller vad handlar svamlet om behov och vilja om?) Resten av skribenternas harm ang\u00e5ende debatten om att uppmuntra m\u00e4n att vara hemma med sina barn mer borde f\u00f6rst\u00e5s adresseras genusvetarkollektivet sj\u00e4lva, eftersom det fr\u00e4mst \u00e4r d\u00e4rifr\u00e5n teserna bakom den r\u00e5dande diskursen kommer.<\/p>\n<p>Jag kan inte tolka artikeln p\u00e5 annat vis \u00e4n att undertecknarna menar att det numera \u00e4r en slags karri\u00e4r, ett yrkesval, f\u00f6r ekonomiskt svaga kvinnor att skaffa barn.<\/p>\n","protected":false},"excerpt":{"rendered":"<p>Blir du l\u00f6nsam, lille v\u00e4n? av Peter Tillberg. Jag vill minnas att det fanns en tid d\u00e5 man f\u00f6rst skulle v\u00e4xa upp, skaffa utbildning och jobb, hitta en bra bostad och sedan, n\u00e4r man var sj\u00e4lvg\u00e5ende, skaffa barn (som man &hellip; <a href=\"http:\/\/www.susannavaris.com\/blogg\/2014\/07\/skaffa-barn-for-att-forsorja-sig\/\">Forts\u00e4tt l\u00e4sa <span class=\"meta-nav\">&rarr;<\/span><\/a><\/p>\n","protected":false},"author":1,"featured_media":0,"comment_status":"open","ping_status":"open","sticky":false,"template":"","format":"standard","meta":{"footnotes":""},"categories":[181,154,259,1321,3,1,590,403],"tags":[3557,4900,1456,4899,4903,4120,4016,1240],"class_list":["post-12802","post","type-post","status-publish","format-standard","hentry","category-feminism","category-genus","category-genusvetenskap","category-jamstalldhet","category-konst","category-okategoriserade","category-politik","category-pseudovetenskap","tag-f","tag-feminism","tag-foraldraforsakring","tag-genus","tag-genusvetenskap","tag-individualiserad-foraldraforsakring","tag-intersektionalism","tag-klass"],"_links":{"self":[{"href":"http:\/\/www.susannavaris.com\/blogg\/wp-json\/wp\/v2\/posts\/12802","targetHints":{"allow":["GET"]}}],"collection":[{"href":"http:\/\/www.susannavaris.com\/blogg\/wp-json\/wp\/v2\/posts"}],"about":[{"href":"http:\/\/www.susannavaris.com\/blogg\/wp-json\/wp\/v2\/types\/post"}],"author":[{"embeddable":true,"href":"http:\/\/www.susannavaris.com\/blogg\/wp-json\/wp\/v2\/users\/1"}],"replies":[{"embeddable":true,"href":"http:\/\/www.susannavaris.com\/blogg\/wp-json\/wp\/v2\/comments?post=12802"}],"version-history":[{"count":3,"href":"http:\/\/www.susannavaris.com\/blogg\/wp-json\/wp\/v2\/posts\/12802\/revisions"}],"predecessor-version":[{"id":12806,"href":"http:\/\/www.susannavaris.com\/blogg\/wp-json\/wp\/v2\/posts\/12802\/revisions\/12806"}],"wp:attachment":[{"href":"http:\/\/www.susannavaris.com\/blogg\/wp-json\/wp\/v2\/media?parent=12802"}],"wp:term":[{"taxonomy":"category","embeddable":true,"href":"http:\/\/www.susannavaris.com\/blogg\/wp-json\/wp\/v2\/categories?post=12802"},{"taxonomy":"post_tag","embeddable":true,"href":"http:\/\/www.susannavaris.com\/blogg\/wp-json\/wp\/v2\/tags?post=12802"}],"curies":[{"name":"wp","href":"https:\/\/api.w.org\/{rel}","templated":true}]}}