{"id":12850,"date":"2014-07-23T13:18:52","date_gmt":"2014-07-23T11:18:52","guid":{"rendered":"http:\/\/www.susannavaris.com\/blogg\/?p=12850"},"modified":"2014-07-23T13:20:37","modified_gmt":"2014-07-23T11:20:37","slug":"jakten-pa-vithet","status":"publish","type":"post","link":"http:\/\/www.susannavaris.com\/blogg\/2014\/07\/jakten-pa-vithet\/","title":{"rendered":"Jakten p\u00e5 vithet"},"content":{"rendered":"<p>En svensk nynazist, Mikael Skillt,\u00a0<a href=\"http:\/\/www.svd.se\/nyheter\/utrikes\/den-senaste-utvecklingen-i-ukraina_3765128.svd?sidan=11\">befinner sig<\/a> i Ukraina; &#8221;Mitt m\u00e5l \u00e4r ett vitt Ukraina och jag vill att vita europ\u00e9er ska finnas kvar i Europa&#8221;. Han strider f\u00f6r en frivilligbataljon kallad f\u00f6r Azov och som lyder under ukrainska inrikesministeriet.<\/p>\n<p>Skillts formuleringar l\u00e5ter som en h\u00e4xbrygd av putinism, Breiviks manifest och de sk vithetsstudierna. Numera beh\u00f6ver man inte i Sverige g\u00e5 \u00f6ver \u00e5n efter vatten i det h\u00e4r sammanhanget. Genusvetenskapens marxistiskt influerade maktpyramider, dess st\u00e4llande av grupper identifierade av deras medf\u00f6dda egenskaper mot varandra samt postmodernismens och poskolonialismens int\u00e5g har \u00f6ppnat portarna f\u00f6r legitimerande av liknande tankeg\u00e5ngar inom akademierna &#8211; de sk kritiska vithetsstudierna, eller studier av vithet. Ambitionen \u00e4r antagligen att studera makt och f\u00f6rtryck, men fr\u00e5gan m\u00e5ste \u00e4nd\u00e5 \u00e5ter st\u00e4llas; \u00e4r det inte snarast kontraproduktivt att forts\u00e4tta reproducera f\u00f6rdomar om m\u00e4nniskor? (Genusvetenskapen, vari vithetsstudierna huserar p\u00e5 exempelvis S\u00f6dert\u00f6rns h\u00f6gskola, menar sig syssla med <em>f\u00f6rest\u00e4llningar<\/em> om k\u00f6n och det socialt konstruerade k\u00f6net, men glider alltsomoftast \u00f6ver till att l\u00e5ta som man beskriver hur k\u00f6nen verkligen \u00e4r).<\/p>\n<p><a href=\"http:\/\/www.susannavaris.com\/blogg\/wp-content\/uploads\/2014\/07\/vithet.jpg\"><img loading=\"lazy\" decoding=\"async\" class=\"aligncenter size-full wp-image-12851\" src=\"http:\/\/www.susannavaris.com\/blogg\/wp-content\/uploads\/2014\/07\/vithet.jpg\" alt=\"vithet\" width=\"601\" height=\"168\" srcset=\"http:\/\/www.susannavaris.com\/blogg\/wp-content\/uploads\/2014\/07\/vithet.jpg 601w, http:\/\/www.susannavaris.com\/blogg\/wp-content\/uploads\/2014\/07\/vithet-300x83.jpg 300w\" sizes=\"auto, (max-width: 601px) 100vw, 601px\" \/><\/a><em>Fr\u00e5n S\u00f6dert\u00f6rns H\u00f6gskolas hemsida 140723.<\/em><\/p>\n<p>Andra som h\u00e5ller p\u00e5 med vithetsstudierna \u00e4r <a href=\"http:\/\/mkc.botkyrka.se\/forskarnatverket-for-svenska-kritiska-ras-och-vithetsstudier\">M\u00e5ngkulturellt centrum<\/a>.<\/p>\n<p>Det \u00e4r en surrealistisk k\u00e4nsla n\u00e4r det &#8221;akademiska avant-gardet&#8221; anammar samma definitioner som en uttalad nazist. Tyv\u00e4rr h\u00e5ller sig inte heller den h\u00e4r akademiska leken med kategorier (eller de postmoderna teorierna heller, f\u00f6r den delen) inom akademiernas elfenbenstorn, det letar sig med all \u00f6nskv\u00e4rd tydlighet ut i samh\u00e4llsdebatten. L\u00e4s t ex den bisarra diskussionen om definitionen av rasism mellan moderate politiken Fredrik Schulte och ssu:aren Alicia Dickner p\u00e5 twitter hos <a href=\"http:\/\/toklandet.wordpress.com\/2014\/07\/22\/annu-en-bisarr-diskussion-fran-twitter\/\">WTF\/Toklandet.<\/a><\/p>\n<p>&nbsp;<\/p>\n","protected":false},"excerpt":{"rendered":"<p>En svensk nynazist, Mikael Skillt,\u00a0befinner sig i Ukraina; &#8221;Mitt m\u00e5l \u00e4r ett vitt Ukraina och jag vill att vita europ\u00e9er ska finnas kvar i Europa&#8221;. Han strider f\u00f6r en frivilligbataljon kallad f\u00f6r Azov och som lyder under ukrainska inrikesministeriet. Skillts &hellip; <a href=\"http:\/\/www.susannavaris.com\/blogg\/2014\/07\/jakten-pa-vithet\/\">Forts\u00e4tt l\u00e4sa <span class=\"meta-nav\">&rarr;<\/span><\/a><\/p>\n","protected":false},"author":1,"featured_media":0,"comment_status":"open","ping_status":"open","sticky":false,"template":"","format":"standard","meta":{"footnotes":""},"categories":[181,154,259,3358,1,590,403,303],"tags":[4126,2692,4124,3978,4123,2930,722,322,4125,2691],"class_list":["post-12850","post","type-post","status-publish","format-standard","hentry","category-feminism","category-genus","category-genusvetenskap","category-identitetspolitik","category-okategoriserade","category-politik","category-pseudovetenskap","category-religion","tag-azov","tag-mangkulturellt-centrum","tag-mikael-skillt","tag-nazism","tag-postkolonialsim","tag-postmodernism","tag-rasism","tag-sodertorns-hogskola","tag-ukraina","tag-vithetsstudier"],"_links":{"self":[{"href":"http:\/\/www.susannavaris.com\/blogg\/wp-json\/wp\/v2\/posts\/12850","targetHints":{"allow":["GET"]}}],"collection":[{"href":"http:\/\/www.susannavaris.com\/blogg\/wp-json\/wp\/v2\/posts"}],"about":[{"href":"http:\/\/www.susannavaris.com\/blogg\/wp-json\/wp\/v2\/types\/post"}],"author":[{"embeddable":true,"href":"http:\/\/www.susannavaris.com\/blogg\/wp-json\/wp\/v2\/users\/1"}],"replies":[{"embeddable":true,"href":"http:\/\/www.susannavaris.com\/blogg\/wp-json\/wp\/v2\/comments?post=12850"}],"version-history":[{"count":3,"href":"http:\/\/www.susannavaris.com\/blogg\/wp-json\/wp\/v2\/posts\/12850\/revisions"}],"predecessor-version":[{"id":12854,"href":"http:\/\/www.susannavaris.com\/blogg\/wp-json\/wp\/v2\/posts\/12850\/revisions\/12854"}],"wp:attachment":[{"href":"http:\/\/www.susannavaris.com\/blogg\/wp-json\/wp\/v2\/media?parent=12850"}],"wp:term":[{"taxonomy":"category","embeddable":true,"href":"http:\/\/www.susannavaris.com\/blogg\/wp-json\/wp\/v2\/categories?post=12850"},{"taxonomy":"post_tag","embeddable":true,"href":"http:\/\/www.susannavaris.com\/blogg\/wp-json\/wp\/v2\/tags?post=12850"}],"curies":[{"name":"wp","href":"https:\/\/api.w.org\/{rel}","templated":true}]}}