{"id":12859,"date":"2014-07-23T20:27:56","date_gmt":"2014-07-23T18:27:56","guid":{"rendered":"http:\/\/www.susannavaris.com\/blogg\/?p=12859"},"modified":"2014-07-23T20:31:41","modified_gmt":"2014-07-23T18:31:41","slug":"dra-dit-pepparn-vaxer","status":"publish","type":"post","link":"http:\/\/www.susannavaris.com\/blogg\/2014\/07\/dra-dit-pepparn-vaxer\/","title":{"rendered":"Dra dit pepparn v\u00e4xer"},"content":{"rendered":"<p style=\"text-align: center;\"><a href=\"http:\/\/www.susannavaris.com\/blogg\/wp-content\/uploads\/2014\/07\/Athena_Farrokhzad_at_G\u00f6teborg_Book_Fair_2013_02.jpg\"><img loading=\"lazy\" decoding=\"async\" class=\"aligncenter size-full wp-image-12862\" src=\"http:\/\/www.susannavaris.com\/blogg\/wp-content\/uploads\/2014\/07\/Athena_Farrokhzad_at_G\u00f6teborg_Book_Fair_2013_02.jpg\" alt=\"Athena_Farrokhzad_at_G\u00f6teborg_Book_Fair_2013_02\" width=\"640\" height=\"956\" srcset=\"http:\/\/www.susannavaris.com\/blogg\/wp-content\/uploads\/2014\/07\/Athena_Farrokhzad_at_G\u00f6teborg_Book_Fair_2013_02.jpg 640w, http:\/\/www.susannavaris.com\/blogg\/wp-content\/uploads\/2014\/07\/Athena_Farrokhzad_at_G\u00f6teborg_Book_Fair_2013_02-200x300.jpg 200w\" sizes=\"auto, (max-width: 640px) 100vw, 640px\" \/><\/a><em>Athena Farrokhzad p\u00e5 Bokm\u00e4ssan. Foto: Mattias Blomgren<\/em><\/p>\n<p>Att f\u00e5 sommarprata i public service anses inom kultursf\u00e4ren som n\u00e5got av det tjusigaste en person i den h\u00e4r ankdammen kan f\u00f6r\u00e4ras. Programmet Sommar i P1 utg\u00f6r en lista p\u00e5 vem som anses het f\u00f6r n\u00e4rvarande eller vem som anses ha extra viktiga saker att f\u00f6rt\u00e4lja. I sommar har vi redan f\u00e5tt avnjuta Kakan &#8221;m\u00e4n \u00e4r som utvecklingsst\u00f6rda barn&#8221; Hermansson och nu i m\u00e5ndags: <a href=\"http:\/\/sverigesradio.se\/sida\/avsnitt\/403967?programid=2071\">Athena Farrokhzad<\/a>. Denne representant f\u00f6r det goda och fina hatet fr\u00e5n v\u00e4nster breder ut sig i programmet om Sverige som ett av rasism genomsyrat land d\u00e4r vi alla lever under outh\u00e4rdligt, patriarkalt f\u00f6rtryck. Av ok\u00e4nd anledning tycker hon samtidigt att gr\u00e4nserna ska \u00f6ppnas helt, nationalstaten krossas och att alla m\u00e4nniskor ska ha m\u00f6jlighet att komma hit. Konsekvens eller logik har \u00e5 andra aldrig varit k\u00e4nnetecknande f\u00f6r sektv\u00e4nstern eller den som marinerats i postmodernt sn\u00f6mos.<\/p>\n<p>Programmet har\u00a0<a href=\"http:\/\/sverigesradio.se\/sida\/artikel.aspx?programid=478&amp;artikel=5920760\">anm\u00e4lts<\/a> av minst 17 personer till Granskningsn\u00e4mnden f\u00f6r fr\u00e4mst v\u00e5ldsf\u00f6rh\u00e4rligande (Farrokhzad idealiserar stenkastarv\u00e4nstern). Daniel af Klintberg, chef f\u00f6r underh\u00e5llningsprogram i P1, <a href=\"http:\/\/www.svt.se\/kultur\/16-anmalningar-mot-sommar-i-p1\">f\u00f6rsvarar<\/a> sj\u00e4lvklart programmet.<\/p>\n<p>Athena Farrokhzad beskriver sig sj\u00e4lv i en intervju i Rummet:<\/p>\n<blockquote><p>&#8221;No need to tell hur beg\u00e5vad jag var redan som barn, det kan v\u00e4l till och med en moderat riksdagsledamot r\u00e4kna ut med r\u00f6ven.&#8221;<\/p><\/blockquote>\n<p>P\u00e5 Wikipedia kan man l\u00e4sa om den f\u00f6rtryckta Farrokhzad:<\/p>\n<blockquote><p>&#8221;Farrokhzad gav 2013 ut diktsamlingen <i>Vitsvit<\/i> p\u00e5 <a class=\"mw-redirect\" title=\"Albert Bonniers F\u00f6rlag\" href=\"http:\/\/sv.wikipedia.org\/wiki\/Albert_Bonniers_F%C3%B6rlag\">Albert Bonniers F\u00f6rlag<\/a>. Vitsvit nominerades till <a title=\"Augustpriset\" href=\"http:\/\/sv.wikipedia.org\/wiki\/Augustpriset\">Augustpriset<\/a> i den <a title=\"Lista \u00f6ver nominerade till Augustpriset i kategorin sk\u00f6nlitteratur\" href=\"http:\/\/sv.wikipedia.org\/wiki\/Lista_%C3%B6ver_nominerade_till_Augustpriset_i_kategorin_sk%C3%B6nlitteratur\">sk\u00f6nlitter\u00e4ra kategorin<\/a><sup id=\"cite_ref-3\" class=\"reference\"><a href=\"http:\/\/sv.wikipedia.org\/wiki\/Athena_Farrokhzad#cite_note-3\"><span class=\"cite-reference-link-bracket\">[<\/span>3<span class=\"cite-reference-link-bracket\">]<\/span><\/a><\/sup> samt till <a title=\"Bor\u00e5s Tidnings debutantpris\" href=\"http:\/\/sv.wikipedia.org\/wiki\/Bor%C3%A5s_Tidnings_debutantpris\">Bor\u00e5s Tidnings debutantpris<\/a><sup id=\"cite_ref-4\" class=\"reference\"><a href=\"http:\/\/sv.wikipedia.org\/wiki\/Athena_Farrokhzad#cite_note-4\"><span class=\"cite-reference-link-bracket\">[<\/span>4<span class=\"cite-reference-link-bracket\">]<\/span><\/a><\/sup> och <a title=\"Katapultpriset\" href=\"http:\/\/sv.wikipedia.org\/wiki\/Katapultpriset\">Katapultpriset<\/a>. 2013 tilldelades Farrokhzad <a title=\"Karin Boyes litter\u00e4ra pris\" href=\"http:\/\/sv.wikipedia.org\/wiki\/Karin_Boyes_litter%C3%A4ra_pris\">Karin Boyes litter\u00e4ra pris<\/a> och 2014 fick hon Stora L\u00e4sarpriset.&#8221;<\/p><\/blockquote>\n<p>Och nu allts\u00e5 sommarpratet, som p\u00e5 bloggen Rummet beskrivs som &#8221;att bli adlad&#8221;. Det finns ingen \u00e4nde p\u00e5 den rasism och det f\u00f6rtryck som denne kulturpersonlighet helt uppenbart lidit. Urs\u00e4kta den raljanta tonen, men jag f\u00f6rm\u00e5r inte vara neutral i tonen denna g\u00e5ng.<\/p>\n<p>ytterligare en i raden av de galenskaper som p\u00e5g\u00e5r (att den h\u00e4r sortens id\u00e9er tydligen anses b\u00e5de relevanta och lockar anh\u00e4ngare allts\u00e5).<\/p>\n","protected":false},"excerpt":{"rendered":"<p>Athena Farrokhzad p\u00e5 Bokm\u00e4ssan. Foto: Mattias Blomgren Att f\u00e5 sommarprata i public service anses inom kultursf\u00e4ren som n\u00e5got av det tjusigaste en person i den h\u00e4r ankdammen kan f\u00f6r\u00e4ras. Programmet Sommar i P1 utg\u00f6r en lista p\u00e5 vem som anses &hellip; <a href=\"http:\/\/www.susannavaris.com\/blogg\/2014\/07\/dra-dit-pepparn-vaxer\/\">Forts\u00e4tt l\u00e4sa <span class=\"meta-nav\">&rarr;<\/span><\/a><\/p>\n","protected":false},"author":1,"featured_media":0,"comment_status":"open","ping_status":"open","sticky":false,"template":"","format":"standard","meta":{"footnotes":""},"categories":[178,181,259,3358,1321,1928,1162,589,1,590,403,303],"tags":[913,3760,4927,2570,1523,4129,4130,229],"class_list":["post-12859","post","type-post","status-publish","format-standard","hentry","category-blodtryckshojare","category-feminism","category-genusvetenskap","category-identitetspolitik","category-jamstalldhet","category-journalistik","category-kultur","category-medier","category-okategoriserade","category-politik","category-pseudovetenskap","category-religion","tag-athena-farrokhzad","tag-extremvanster","tag-identitetspolitik","tag-p1","tag-sommar","tag-sommarprat","tag-stenkastarvanser","tag-vanstern"],"_links":{"self":[{"href":"http:\/\/www.susannavaris.com\/blogg\/wp-json\/wp\/v2\/posts\/12859","targetHints":{"allow":["GET"]}}],"collection":[{"href":"http:\/\/www.susannavaris.com\/blogg\/wp-json\/wp\/v2\/posts"}],"about":[{"href":"http:\/\/www.susannavaris.com\/blogg\/wp-json\/wp\/v2\/types\/post"}],"author":[{"embeddable":true,"href":"http:\/\/www.susannavaris.com\/blogg\/wp-json\/wp\/v2\/users\/1"}],"replies":[{"embeddable":true,"href":"http:\/\/www.susannavaris.com\/blogg\/wp-json\/wp\/v2\/comments?post=12859"}],"version-history":[{"count":4,"href":"http:\/\/www.susannavaris.com\/blogg\/wp-json\/wp\/v2\/posts\/12859\/revisions"}],"predecessor-version":[{"id":12864,"href":"http:\/\/www.susannavaris.com\/blogg\/wp-json\/wp\/v2\/posts\/12859\/revisions\/12864"}],"wp:attachment":[{"href":"http:\/\/www.susannavaris.com\/blogg\/wp-json\/wp\/v2\/media?parent=12859"}],"wp:term":[{"taxonomy":"category","embeddable":true,"href":"http:\/\/www.susannavaris.com\/blogg\/wp-json\/wp\/v2\/categories?post=12859"},{"taxonomy":"post_tag","embeddable":true,"href":"http:\/\/www.susannavaris.com\/blogg\/wp-json\/wp\/v2\/tags?post=12859"}],"curies":[{"name":"wp","href":"https:\/\/api.w.org\/{rel}","templated":true}]}}