{"id":12873,"date":"2014-07-24T17:32:28","date_gmt":"2014-07-24T15:32:28","guid":{"rendered":"http:\/\/www.susannavaris.com\/blogg\/?p=12873"},"modified":"2014-07-24T17:32:28","modified_gmt":"2014-07-24T15:32:28","slug":"reklam-for-utstallningen","status":"publish","type":"post","link":"http:\/\/www.susannavaris.com\/blogg\/2014\/07\/reklam-for-utstallningen\/","title":{"rendered":"Reklam f\u00f6r utst\u00e4llningen"},"content":{"rendered":"<p style=\"text-align: left;\"><a href=\"http:\/\/www.susannavaris.com\/blogg\/wp-content\/uploads\/2014\/07\/banderoll-png-text-logo-2-50-jpg.jpg\"><img loading=\"lazy\" decoding=\"async\" class=\"aligncenter size-large wp-image-12874\" src=\"http:\/\/www.susannavaris.com\/blogg\/wp-content\/uploads\/2014\/07\/banderoll-png-text-logo-2-50-jpg-1024x571.jpg\" alt=\"banderoll png text logo 2 50 jpg\" width=\"640\" height=\"356\" srcset=\"http:\/\/www.susannavaris.com\/blogg\/wp-content\/uploads\/2014\/07\/banderoll-png-text-logo-2-50-jpg-1024x571.jpg 1024w, http:\/\/www.susannavaris.com\/blogg\/wp-content\/uploads\/2014\/07\/banderoll-png-text-logo-2-50-jpg-300x167.jpg 300w, http:\/\/www.susannavaris.com\/blogg\/wp-content\/uploads\/2014\/07\/banderoll-png-text-logo-2-50-jpg.jpg 1135w\" sizes=\"auto, (max-width: 640px) 100vw, 640px\" \/><\/a><em>Inte bara \u00e4r denna design f\u00f6r en banderoll nu klar, det finns \u00e4ven en musikvideo \u00e4mnad att locka alla er till min utst\u00e4llning p\u00e5 Galleri T, \u00d6sterl\u00e5nggatan 3, Stockholm, 15 &#8211; 21 augusti 2014:<\/em><\/p>\n<p style=\"text-align: left;\"><a href=\"https:\/\/www.youtube.com\/watch?v=_V-UFfBX9vc\">Video f\u00f6r utst\u00e4llning<\/a><\/p>\n<p style=\"text-align: left;\">Eventet finns \u00e4ven p\u00e5 facebook: <a href=\"https:\/\/www.facebook.com\/events\/539032402867765\/?ref_newsfeed_story_type=regular\">ART said the Crow &#8211; evenemang<\/a><\/p>\n<p style=\"text-align: left;\">\n","protected":false},"excerpt":{"rendered":"<p>Inte bara \u00e4r denna design f\u00f6r en banderoll nu klar, det finns \u00e4ven en musikvideo \u00e4mnad att locka alla er till min utst\u00e4llning p\u00e5 Galleri T, \u00d6sterl\u00e5nggatan 3, Stockholm, 15 &#8211; 21 augusti 2014: Video f\u00f6r utst\u00e4llning Eventet finns \u00e4ven &hellip; <a href=\"http:\/\/www.susannavaris.com\/blogg\/2014\/07\/reklam-for-utstallningen\/\">Forts\u00e4tt l\u00e4sa <span class=\"meta-nav\">&rarr;<\/span><\/a><\/p>\n","protected":false},"author":1,"featured_media":0,"comment_status":"open","ping_status":"open","sticky":false,"template":"","format":"standard","meta":{"footnotes":""},"categories":[7,555,3,1162,415,994,1,2262,1611,4],"tags":[4131,4132,1233,17,122,3087],"class_list":["post-12873","post","type-post","status-publish","format-standard","hentry","category-egna-verk","category-events","category-konst","category-kultur","category-lowbrow","category-musik","category-okategoriserade","category-pop-surrealism","category-skrackkonst","category-utstallning","tag-art-said-the-crow","tag-evenemang","tag-galleri-t","tag-konst-2","tag-utstallning-2","tag-video"],"_links":{"self":[{"href":"http:\/\/www.susannavaris.com\/blogg\/wp-json\/wp\/v2\/posts\/12873","targetHints":{"allow":["GET"]}}],"collection":[{"href":"http:\/\/www.susannavaris.com\/blogg\/wp-json\/wp\/v2\/posts"}],"about":[{"href":"http:\/\/www.susannavaris.com\/blogg\/wp-json\/wp\/v2\/types\/post"}],"author":[{"embeddable":true,"href":"http:\/\/www.susannavaris.com\/blogg\/wp-json\/wp\/v2\/users\/1"}],"replies":[{"embeddable":true,"href":"http:\/\/www.susannavaris.com\/blogg\/wp-json\/wp\/v2\/comments?post=12873"}],"version-history":[{"count":1,"href":"http:\/\/www.susannavaris.com\/blogg\/wp-json\/wp\/v2\/posts\/12873\/revisions"}],"predecessor-version":[{"id":12875,"href":"http:\/\/www.susannavaris.com\/blogg\/wp-json\/wp\/v2\/posts\/12873\/revisions\/12875"}],"wp:attachment":[{"href":"http:\/\/www.susannavaris.com\/blogg\/wp-json\/wp\/v2\/media?parent=12873"}],"wp:term":[{"taxonomy":"category","embeddable":true,"href":"http:\/\/www.susannavaris.com\/blogg\/wp-json\/wp\/v2\/categories?post=12873"},{"taxonomy":"post_tag","embeddable":true,"href":"http:\/\/www.susannavaris.com\/blogg\/wp-json\/wp\/v2\/tags?post=12873"}],"curies":[{"name":"wp","href":"https:\/\/api.w.org\/{rel}","templated":true}]}}