{"id":12897,"date":"2014-08-01T00:37:43","date_gmt":"2014-07-31T22:37:43","guid":{"rendered":"http:\/\/www.susannavaris.com\/blogg\/?p=12897"},"modified":"2014-08-01T00:42:54","modified_gmt":"2014-07-31T22:42:54","slug":"pride","status":"publish","type":"post","link":"http:\/\/www.susannavaris.com\/blogg\/2014\/08\/pride\/","title":{"rendered":"Pride"},"content":{"rendered":"<p>Jag hade t\u00e4nkt att f\u00f6rbig\u00e5 Pride, prideveckan och allt d\u00e4rtill h\u00f6rande med komplett tystnad. Jag har alltid set det som sj\u00e4lvklart att vi alla, oavsett k\u00f6n, sexuell l\u00e4ggning, hudf\u00e4rg, religion etc etc \u00e4r m\u00e4nniskor som \u00e4r lika mycket v\u00e4rda och som ska ha samma m\u00f6jligheter och skyldigheter (sj\u00e4lvklart i m\u00e5n av var och ens f\u00f6rm\u00e5ga). Detta anser jag fortfarande. Jag m\u00e4rker dock att hetsandet och polariseringen har b\u00f6rjat bita p\u00e5 mig och detta ger sig till k\u00e4nna i det h\u00e4r fallet som ett allm\u00e4nt ointresse, f\u00f6r att s\u00e4ga kyla, inf\u00f6r spektaklet.<\/p>\n<p>Olika politiska krafter har sedan decennier, med tilltagande styrka, delat upp m\u00e4nniskor i grupper baserade p\u00e5 deras medf\u00f6dda egenskaper och d\u00e4refter piskat upp en konflikt mellan dessa grupper. Jag t\u00e4nker\u00a0 nu inte p\u00e5 SD fr\u00e4mst, utan den farligare varianten; den som har st\u00f6d hos stora delar av media, inom flera etablerade partier, inom akademierna och skolan, samt en hel del andra institutioner. P\u00e5 senare tid har de h\u00e4r politiska krafterna och \u00e4ven den extremism som frodas p\u00e5 v\u00e4nsterkanten till och med kommenterats av skribenter i etablerad media (<a href=\"http:\/\/www.dn.se\/ledare\/signerat\/det-goda-hatet-fran-vanster\/\">DN\/H\u00e5kan Bostr\u00f6m<\/a>, <a href=\"http:\/\/www.svd.se\/opinion\/ledarsidan\/glom-inte-det-goda-fina-hatet_7901138.svd\">SvD\/Paulina Neuding<\/a>, <a href=\"http:\/\/magasinetneo.se\/artiklar\/vansterns-goda-fina-hat\/\">Magasinet NEO\/Ivar Arpi)<\/a>. De p\u00e5 ytterkanten p\u00e5 v\u00e4nster-h\u00f6ger-skalan har s\u00f6kt elda upp ett &#8221;klasshat&#8221; (\u00c5sa Linderborg exempelvis) och de som bek\u00e4nner sig till radikalfeminismen s\u00f6ker vidga klyftan mellan m\u00e4n och kvinnor och skapa mots\u00e4ttningar dem emellan. De intresektionellt intresserade delar upp m\u00e4nskligheten i maktpyramider p\u00e5 grundval av de medf\u00f6dda egenskaperna och m\u00e4nniskor kategoriserade p\u00e5 detta vis st\u00e4lls mot varandra. Br\u00e4nslet, n\u00e4ringen \u00e4r kategorisering och konflikt.<\/p>\n<p>I veckan har framf\u00f6r allt tv\u00e5 enskilda exempel fr\u00e5n det identitetspolitiska universumet gett mig en mycket fadd smak i munnen. P\u00e5 Twitter s\u00e5g det ut s\u00e5 h\u00e4r:<\/p>\n<p><a href=\"http:\/\/www.susannavaris.com\/blogg\/wp-content\/uploads\/2014\/08\/humor.jpg\"><img loading=\"lazy\" decoding=\"async\" class=\"aligncenter size-full wp-image-12898\" src=\"http:\/\/www.susannavaris.com\/blogg\/wp-content\/uploads\/2014\/08\/humor.jpg\" alt=\"humor\" width=\"600\" height=\"1047\" srcset=\"http:\/\/www.susannavaris.com\/blogg\/wp-content\/uploads\/2014\/08\/humor.jpg 600w, http:\/\/www.susannavaris.com\/blogg\/wp-content\/uploads\/2014\/08\/humor-586x1024.jpg 586w\" sizes=\"auto, (max-width: 600px) 100vw, 600px\" \/><\/a> <a href=\"http:\/\/www.susannavaris.com\/blogg\/wp-content\/uploads\/2014\/08\/humorcisslaktarsaga.jpg\"><img loading=\"lazy\" decoding=\"async\" class=\"aligncenter size-full wp-image-12899\" src=\"http:\/\/www.susannavaris.com\/blogg\/wp-content\/uploads\/2014\/08\/humorcisslaktarsaga.jpg\" alt=\"humorcisslaktarsaga\" width=\"502\" height=\"214\" srcset=\"http:\/\/www.susannavaris.com\/blogg\/wp-content\/uploads\/2014\/08\/humorcisslaktarsaga.jpg 502w, http:\/\/www.susannavaris.com\/blogg\/wp-content\/uploads\/2014\/08\/humorcisslaktarsaga-300x127.jpg 300w\" sizes=\"auto, (max-width: 502px) 100vw, 502px\" \/><\/a><\/p>\n<p>Bloggen Toklandet\/WTF rapporterar st\u00e4ndigt fr\u00e5n de m\u00f6rkare skrymslena av internet och i exempelvis <a href=\"http:\/\/toklandet.wordpress.com\/2014\/07\/28\/ackliga-vita-cisman\/\">detta inl\u00e4gg<\/a> finns en st\u00f6rtflod av liknande djupsinnigheter. Konversationen ovan och mycket mera finner ni <a href=\"http:\/\/toklandet.wordpress.com\/2014\/07\/30\/vilken-humor-ar-godkand-ny-totalbisarr-twitterdiskussion\/\">h\u00e4r<\/a>.<\/p>\n<p>Jag brukar s\u00e4llan skriva om privatpersoner som jag inte anser vara makthavare i en eller annan mening, men Toklandet\/WTF motiverar i <a href=\"http:\/\/toklandet.wordpress.com\/2014\/07\/31\/varfor-jag-tycker-det-ar-viktigt-att-visa-upp-galenskap\/\">detta inl\u00e4gg<\/a> f\u00f6red\u00f6mligt varf\u00f6r detta \u00e4nd\u00e5 kan vara motiverat. Detta handlar inte l\u00e4ngre om enstaka galningar i periferin, de h\u00e4r teorierna genomsyrar stora delar av den makthavande sf\u00e4ren i Sverige. Jussi H lundell har ber\u00f6rt samma tema <a href=\"http:\/\/jhlundell.wordpress.com\/2014\/07\/31\/radslan-for-att-upptacka-sig-sjalv-som-en-kropp-bland-andra-kroppar\/\">h\u00e4r<\/a>.<\/p>\n<p>Idag hamnade en\u00a0<a href=\"http:\/\/www.aftonbladet.se\/nyheter\/article19295205.ab\">l\u00e4nk<\/a> i blickf\u00e5nget n\u00e4r jag sl\u00f6scrollade runt p\u00e5 Facebook. Just n\u00e4r jag trodde att Aftonbladet om\u00f6jligt kunde sjunka l\u00e4gre. Jag vill ytterst og\u00e4rna ge den h\u00e4r dyngan i pixelformat n\u00e5gon som helst reklam eller klick, men det tycks om\u00f6jligt att undvika s\u00e5dant om man vill kommentera morasen som p\u00e5g\u00e5r, fostrad som jag \u00e4r i att ha bel\u00e4gg och referenser f\u00f6r p\u00e5st\u00e5enden.<\/p>\n<blockquote>\n<p id=\"yui_3_15_0_2_1406845134344_1133\">&#8221;Stackars kr\u00e4nkta vita heterosexuella man.<\/p>\n<p id=\"yui_3_15_0_2_1406845134344_1131\">Det \u00e4r s\u00e5 synd om dig som inte har en heterosexfestival att bes\u00f6ka den h\u00e4r veckan.<\/p>\n<p id=\"yui_3_15_0_2_1406845134344_1078\">S\u00e5 synd om dig som inte har en heterosexparad att g\u00e5 i p\u00e5 l\u00f6rdag f\u00f6r att hylla din testosteron\u00adfyllda manlighet.<\/p>\n<p id=\"yui_3_15_0_2_1406845134344_1076\">S\u00e5 hemskt att inte du kan f\u00e5 en alldeles egen stolthetsfest f\u00f6r att visa upp din straighthet offentligt.<\/p>\n<p id=\"yui_3_15_0_2_1406845134344_1074\">Stackars kr\u00e4nkta vita hetero\u00adsexuella man s\u00e5 underl\u00e4gsen du m\u00e5ste k\u00e4nna dig den h\u00e4r veckan. \u00d6verallt homosexuella och andra som f\u00f6rtrycker dig, f\u00e5r dig att k\u00e4nna dig minderv\u00e4rdig och l\u00e4gre st\u00e5ende.<\/p>\n<p id=\"yui_3_15_0_2_1406845134344_1069\">\u00d6verallt homon, bin, transpersoner, ja till och med heterosexuella kvinnor som inte ger dig det utrymme som just du f\u00f6r\u00adtj\u00e4nar f\u00f6r att h\u00e4vda din s\u00e4rst\u00e4llning i v\u00e5rt samh\u00e4lle.<\/p>\n<p id=\"yui_3_15_0_2_1406845134344_1080\">Din s\u00e4rst\u00e4llning som just man, vit och heterosexuell. Och kr\u00e4nkt.<\/p>\n<p id=\"yui_3_15_0_2_1406845134344_1083\"><strong id=\"yui_3_15_0_2_1406845134344_1138\">F\u00f6r visst \u00e4r <\/strong><strong id=\"yui_3_15_0_2_1406845134344_1082\">det s\u00e5 du k\u00e4nner det, kr\u00e4nkta vita hetero\u00adsexuella man? F\u00f6rtryckt, f\u00f6rnedrad, stampad p\u00e5?&#8221;<br \/>\n<\/strong><\/p>\n<\/blockquote>\n<p>Spyan \u00e4r b\u00e5de rasistisk och sexistisk, djupt f\u00f6raktfull och hatisk. Skribenten anser sig ocks\u00e5 (gissa varf\u00f6r?) ber\u00e4ttigad att generalisera g\u00e4llande vita, heterosexuella m\u00e4n i allm\u00e4nhet. Som vi vet \u00e4r detta enbart till\u00e5tet mot just gruppen vita, heterosexuella m\u00e4n, d\u00e5 de har definierats som den grupp som befinner sig p\u00e5 toppen av den hopsnickrade maktpyramiden, oavsett vad. Allt enligt de numera s\u00e5 obegripligt popul\u00e4ra, marxistiskt influerade, postmoderna maktteorierna. (Vi minns alla <a href=\"http:\/\/www.svd.se\/opinion\/ledarsidan\/snart-ar-det-dags-for-heterohatets-dag_5145027.svd\">Heterohatets dag<\/a>, n\u00e5got som mansutredaren Inti Chavez Perez deltog i n\u00e4r det begav sig.)<\/p>\n<p>Hat, hat och mera hat. Splittring och mera splittring. De enda som gynnas av detta \u00e4r extremisterna och maktgalna politiker, n\u00e4ppeligen de grupper man fr\u00e5n b\u00f6rjan menade sig m\u00e5na om. S\u00e5 parta p\u00e5 f\u00f6r min del, men be mig inte att engagera mig.<\/p>\n<p>&nbsp;<\/p>\n","protected":false},"excerpt":{"rendered":"<p>Jag hade t\u00e4nkt att f\u00f6rbig\u00e5 Pride, prideveckan och allt d\u00e4rtill h\u00f6rande med komplett tystnad. Jag har alltid set det som sj\u00e4lvklart att vi alla, oavsett k\u00f6n, sexuell l\u00e4ggning, hudf\u00e4rg, religion etc etc \u00e4r m\u00e4nniskor som \u00e4r lika mycket v\u00e4rda och &hellip; <a href=\"http:\/\/www.susannavaris.com\/blogg\/2014\/08\/pride\/\">Forts\u00e4tt l\u00e4sa <span class=\"meta-nav\">&rarr;<\/span><\/a><\/p>\n","protected":false},"author":1,"featured_media":0,"comment_status":"open","ping_status":"open","sticky":false,"template":"","format":"standard","meta":{"footnotes":""},"categories":[178,181,154,259,3358,1321,1928,1,590,303],"tags":[1607,547,4016,2721,2170,4144,722],"class_list":["post-12897","post","type-post","status-publish","format-standard","hentry","category-blodtryckshojare","category-feminism","category-genus","category-genusvetenskap","category-identitetspolitik","category-jamstalldhet","category-journalistik","category-okategoriserade","category-politik","category-religion","tag-hat","tag-heterohatets-dag","tag-intersektionalism","tag-misandri","tag-pride","tag-prideveckan","tag-rasism"],"_links":{"self":[{"href":"http:\/\/www.susannavaris.com\/blogg\/wp-json\/wp\/v2\/posts\/12897","targetHints":{"allow":["GET"]}}],"collection":[{"href":"http:\/\/www.susannavaris.com\/blogg\/wp-json\/wp\/v2\/posts"}],"about":[{"href":"http:\/\/www.susannavaris.com\/blogg\/wp-json\/wp\/v2\/types\/post"}],"author":[{"embeddable":true,"href":"http:\/\/www.susannavaris.com\/blogg\/wp-json\/wp\/v2\/users\/1"}],"replies":[{"embeddable":true,"href":"http:\/\/www.susannavaris.com\/blogg\/wp-json\/wp\/v2\/comments?post=12897"}],"version-history":[{"count":4,"href":"http:\/\/www.susannavaris.com\/blogg\/wp-json\/wp\/v2\/posts\/12897\/revisions"}],"predecessor-version":[{"id":12903,"href":"http:\/\/www.susannavaris.com\/blogg\/wp-json\/wp\/v2\/posts\/12897\/revisions\/12903"}],"wp:attachment":[{"href":"http:\/\/www.susannavaris.com\/blogg\/wp-json\/wp\/v2\/media?parent=12897"}],"wp:term":[{"taxonomy":"category","embeddable":true,"href":"http:\/\/www.susannavaris.com\/blogg\/wp-json\/wp\/v2\/categories?post=12897"},{"taxonomy":"post_tag","embeddable":true,"href":"http:\/\/www.susannavaris.com\/blogg\/wp-json\/wp\/v2\/tags?post=12897"}],"curies":[{"name":"wp","href":"https:\/\/api.w.org\/{rel}","templated":true}]}}