{"id":12950,"date":"2014-08-08T11:49:01","date_gmt":"2014-08-08T09:49:01","guid":{"rendered":"http:\/\/www.susannavaris.com\/blogg\/?p=12950"},"modified":"2014-08-08T11:49:01","modified_gmt":"2014-08-08T09:49:01","slug":"utstallningen-i-kalendariet","status":"publish","type":"post","link":"http:\/\/www.susannavaris.com\/blogg\/2014\/08\/utstallningen-i-kalendariet\/","title":{"rendered":"Utst\u00e4llningen i kalendariet"},"content":{"rendered":"<p>D\u00e5 finns min kommande utst\u00e4llning i DN:s kalendariet:<\/p>\n<p><a href=\"http:\/\/www.susannavaris.com\/blogg\/wp-content\/uploads\/2014\/08\/2014galleritdnpastan.jpg\"><img loading=\"lazy\" decoding=\"async\" class=\"aligncenter size-full wp-image-12951\" src=\"http:\/\/www.susannavaris.com\/blogg\/wp-content\/uploads\/2014\/08\/2014galleritdnpastan.jpg\" alt=\"2014galleritdnpastan\" width=\"551\" height=\"502\" srcset=\"http:\/\/www.susannavaris.com\/blogg\/wp-content\/uploads\/2014\/08\/2014galleritdnpastan.jpg 551w, http:\/\/www.susannavaris.com\/blogg\/wp-content\/uploads\/2014\/08\/2014galleritdnpastan-300x273.jpg 300w\" sizes=\"auto, (max-width: 551px) 100vw, 551px\" \/><\/a><\/p>\n<p>OBS! G\u00e5 g\u00e4rna in <a href=\"http:\/\/www.alltomstockholm.se\/scenkultur\/article4109633.aos\">h\u00e4r<\/a>, det finns m\u00f6jlighet att kommentera och ge betyg&#8230;wink wink<\/p>\n","protected":false},"excerpt":{"rendered":"<p>D\u00e5 finns min kommande utst\u00e4llning i DN:s kalendariet: OBS! G\u00e5 g\u00e4rna in h\u00e4r, det finns m\u00f6jlighet att kommentera och ge betyg&#8230;wink wink<\/p>\n","protected":false},"author":1,"featured_media":0,"comment_status":"open","ping_status":"open","sticky":false,"template":"","format":"standard","meta":{"footnotes":""},"categories":[555,3,1162,4],"tags":[4131,175,1233,4159,17,4158,3274,4907,1554,1553,4924,947,122],"class_list":["post-12950","post","type-post","status-publish","format-standard","hentry","category-events","category-konst","category-kultur","category-utstallning","tag-art-said-the-crow","tag-dn","tag-galleri-t","tag-kalendariet","tag-konst-2","tag-konstutstallning","tag-lilycrow-art-of-susanna-varis","tag-lowbrow","tag-pa-stan","tag-pastan","tag-pop-surrealism","tag-susanna-varis","tag-utstallning-2"],"_links":{"self":[{"href":"http:\/\/www.susannavaris.com\/blogg\/wp-json\/wp\/v2\/posts\/12950","targetHints":{"allow":["GET"]}}],"collection":[{"href":"http:\/\/www.susannavaris.com\/blogg\/wp-json\/wp\/v2\/posts"}],"about":[{"href":"http:\/\/www.susannavaris.com\/blogg\/wp-json\/wp\/v2\/types\/post"}],"author":[{"embeddable":true,"href":"http:\/\/www.susannavaris.com\/blogg\/wp-json\/wp\/v2\/users\/1"}],"replies":[{"embeddable":true,"href":"http:\/\/www.susannavaris.com\/blogg\/wp-json\/wp\/v2\/comments?post=12950"}],"version-history":[{"count":1,"href":"http:\/\/www.susannavaris.com\/blogg\/wp-json\/wp\/v2\/posts\/12950\/revisions"}],"predecessor-version":[{"id":12952,"href":"http:\/\/www.susannavaris.com\/blogg\/wp-json\/wp\/v2\/posts\/12950\/revisions\/12952"}],"wp:attachment":[{"href":"http:\/\/www.susannavaris.com\/blogg\/wp-json\/wp\/v2\/media?parent=12950"}],"wp:term":[{"taxonomy":"category","embeddable":true,"href":"http:\/\/www.susannavaris.com\/blogg\/wp-json\/wp\/v2\/categories?post=12950"},{"taxonomy":"post_tag","embeddable":true,"href":"http:\/\/www.susannavaris.com\/blogg\/wp-json\/wp\/v2\/tags?post=12950"}],"curies":[{"name":"wp","href":"https:\/\/api.w.org\/{rel}","templated":true}]}}