{"id":12961,"date":"2014-08-09T11:20:02","date_gmt":"2014-08-09T09:20:02","guid":{"rendered":"http:\/\/www.susannavaris.com\/blogg\/?p=12961"},"modified":"2014-08-09T11:20:02","modified_gmt":"2014-08-09T09:20:02","slug":"en-snudd-pa-jamstalldistisk-artikel-i-svd","status":"publish","type":"post","link":"http:\/\/www.susannavaris.com\/blogg\/2014\/08\/en-snudd-pa-jamstalldistisk-artikel-i-svd\/","title":{"rendered":"En snudd p\u00e5 j\u00e4mst\u00e4lldistisk artikel i SvD"},"content":{"rendered":"<p style=\"text-align: center;\"><a href=\"http:\/\/www.susannavaris.com\/blogg\/wp-content\/uploads\/2014\/08\/Johansson_Per.jpg\"><img loading=\"lazy\" decoding=\"async\" class=\"aligncenter size-full wp-image-12962\" src=\"http:\/\/www.susannavaris.com\/blogg\/wp-content\/uploads\/2014\/08\/Johansson_Per.jpg\" alt=\"Johansson_Per\" width=\"200\" height=\"200\" srcset=\"http:\/\/www.susannavaris.com\/blogg\/wp-content\/uploads\/2014\/08\/Johansson_Per.jpg 200w, http:\/\/www.susannavaris.com\/blogg\/wp-content\/uploads\/2014\/08\/Johansson_Per-150x150.jpg 150w\" sizes=\"auto, (max-width: 200px) 100vw, 200px\" \/><\/a><em>Per Johansson<\/em><\/p>\n<p>I dagens nummer av Svenska Dagbladet finns en, vad man skulle kalla f\u00f6r, n\u00e4stan j\u00e4mst\u00e4lldistisk <a href=\"http:\/\/www.svd.se\/opinion\/brannpunkt\/feminism-inte-lika-med-jamstalldhet_3810616.svd\">artikel<\/a> skriven av Per Johansson, professor vid Uppsala universitet under opinionssektionen Br\u00e4nnpunkt. Skribenten kanske inte kallar sig f\u00f6r j\u00e4mst\u00e4lldist, det vet jag ingenting om, men m\u00e5nga av de id\u00e9er han presenterar sammanfaller med dem som finns inom den l\u00f6st definierade r\u00f6relse som vuxit fram som en reaktion p\u00e5 (radikal-)feminismens dominans inom j\u00e4mst\u00e4lldhetsomr\u00e5det.<\/p>\n<blockquote>\n<h1>&#8221;Feminism \u00e4r inte lika med j\u00e4mst\u00e4lldhet&#8221;<\/h1>\n<\/blockquote>\n<p>lyder rubriken. Tack!! \u00c4ntligen. Det \u00e4r det n\u00e4mligen inte.<\/p>\n<blockquote><p>&#8221;Att som feministerna ensidigt fokusera p\u00e5 utfall d\u00e4r kvinnor missgynnas kan inte l\u00e5ngsiktigt vara bra f\u00f6r ett v\u00e4lfungerande och j\u00e4mst\u00e4llt samh\u00e4lle&#8230;&#8221;<\/p><\/blockquote>\n<p>\u00c5ter: \u00e4ntligen!<\/p>\n<p>Ett litet h\u00e5l har slagits upp i \u00e5siktskorridoren.<\/p>\n<blockquote><p>&#8221;Utg\u00e5ngspunkten f\u00f6r feminismen \u00e4r att det finns en strukturell ordning i samh\u00e4llet som leder till att kvinnor systematiskt missgynnas. D\u00e4rf\u00f6r lyfts ofta omr\u00e5den fram d\u00e4r kvinnor de facto \u00e4r missgynnade och statistik ges en ensidig tolkning f\u00f6r att bekr\u00e4fta att s\u00e5 \u00e4r fallet. Baksidan av detta \u00e4r att fr\u00e5gan om j\u00e4mst\u00e4lldhet riskerar att bli alltf\u00f6r smal och till och med missriktad.&#8221;<\/p><\/blockquote>\n<p>Jag kunde inte ha uttryckt det b\u00e4ttre sj\u00e4lv. Johansson lyfter sedan fram exempel p\u00e5 f\u00f6rh\u00e5llanden d\u00e4r m\u00e4n respektive kvinnor missgynnas f\u00f6r att avsluta med:<\/p>\n<blockquote><p>&#8221;<strong>F\u00f6r ett j\u00e4mst\u00e4llt samh\u00e4lle<\/strong> m\u00e5ste vi d\u00e4rf\u00f6r sluta s\u00e4tta likhetstecken mellan feminism och j\u00e4mst\u00e4lldhet. Vi m\u00e5ste ocks\u00e5 sluta stirra oss blinda p\u00e5 sm\u00e5 skillnader i genomsnitt mellan grupper. Inom varje grupp ryms mycket stor heterogenitet. Att till exempel utifr\u00e5n skillnader i genomsnittlig makt och l\u00f6n definiera en grupps \u00f6verordning \u00e4r problematiskt eftersom det inom samma grupp som definieras som \u00f6verordnad finns individer med v\u00e4ldigt liten makt \u00f6ver sitt liv. Att se till att individer oavsett k\u00f6n ges samma m\u00f6jligheter m\u00e5ste vara politikens m\u00e5ls\u00e4ttning, inte att se till att vissa specifika utfall, definierade av ett s\u00e4rintresse, ska vara lika i genomsnitt.&#8221;<\/p><\/blockquote>\n<p>Den m\u00e5 inte vara stor, men den finns; en liten, fredad zon som sticker h\u00e5l ut fr\u00e5n \u00e5siktskorridoren (SvD:s ledarsida och Br\u00e4nnpunkt).<\/p>\n<p>&nbsp;<\/p>\n","protected":false},"excerpt":{"rendered":"<p>Per Johansson I dagens nummer av Svenska Dagbladet finns en, vad man skulle kalla f\u00f6r, n\u00e4stan j\u00e4mst\u00e4lldistisk artikel skriven av Per Johansson, professor vid Uppsala universitet under opinionssektionen Br\u00e4nnpunkt. Skribenten kanske inte kallar sig f\u00f6r j\u00e4mst\u00e4lldist, det vet jag ingenting &hellip; <a href=\"http:\/\/www.susannavaris.com\/blogg\/2014\/08\/en-snudd-pa-jamstalldistisk-artikel-i-svd\/\">Forts\u00e4tt l\u00e4sa <span class=\"meta-nav\">&rarr;<\/span><\/a><\/p>\n","protected":false},"author":1,"featured_media":0,"comment_status":"open","ping_status":"open","sticky":false,"template":"","format":"standard","meta":{"footnotes":""},"categories":[181,154,259,3358,1321,1928,589,1,590],"tags":[4900,4899,4918,1622,4167,435],"class_list":["post-12961","post","type-post","status-publish","format-standard","hentry","category-feminism","category-genus","category-genusvetenskap","category-identitetspolitik","category-jamstalldhet","category-journalistik","category-medier","category-okategoriserade","category-politik","tag-feminism","tag-genus","tag-jamstalldhet","tag-jamstalldism","tag-per-johansson","tag-uppsala-universitet"],"_links":{"self":[{"href":"http:\/\/www.susannavaris.com\/blogg\/wp-json\/wp\/v2\/posts\/12961","targetHints":{"allow":["GET"]}}],"collection":[{"href":"http:\/\/www.susannavaris.com\/blogg\/wp-json\/wp\/v2\/posts"}],"about":[{"href":"http:\/\/www.susannavaris.com\/blogg\/wp-json\/wp\/v2\/types\/post"}],"author":[{"embeddable":true,"href":"http:\/\/www.susannavaris.com\/blogg\/wp-json\/wp\/v2\/users\/1"}],"replies":[{"embeddable":true,"href":"http:\/\/www.susannavaris.com\/blogg\/wp-json\/wp\/v2\/comments?post=12961"}],"version-history":[{"count":1,"href":"http:\/\/www.susannavaris.com\/blogg\/wp-json\/wp\/v2\/posts\/12961\/revisions"}],"predecessor-version":[{"id":12963,"href":"http:\/\/www.susannavaris.com\/blogg\/wp-json\/wp\/v2\/posts\/12961\/revisions\/12963"}],"wp:attachment":[{"href":"http:\/\/www.susannavaris.com\/blogg\/wp-json\/wp\/v2\/media?parent=12961"}],"wp:term":[{"taxonomy":"category","embeddable":true,"href":"http:\/\/www.susannavaris.com\/blogg\/wp-json\/wp\/v2\/categories?post=12961"},{"taxonomy":"post_tag","embeddable":true,"href":"http:\/\/www.susannavaris.com\/blogg\/wp-json\/wp\/v2\/tags?post=12961"}],"curies":[{"name":"wp","href":"https:\/\/api.w.org\/{rel}","templated":true}]}}