{"id":12974,"date":"2014-08-12T19:59:38","date_gmt":"2014-08-12T17:59:38","guid":{"rendered":"http:\/\/www.susannavaris.com\/blogg\/?p=12974"},"modified":"2014-08-12T20:00:10","modified_gmt":"2014-08-12T18:00:10","slug":"karnism-i-svd","status":"publish","type":"post","link":"http:\/\/www.susannavaris.com\/blogg\/2014\/08\/karnism-i-svd\/","title":{"rendered":"Karnism i SvD"},"content":{"rendered":"<p style=\"text-align: center;\"><a href=\"http:\/\/www.susannavaris.com\/blogg\/wp-content\/uploads\/2014\/08\/amelie.jpg\"><img loading=\"lazy\" decoding=\"async\" class=\"aligncenter size-full wp-image-12976\" src=\"http:\/\/www.susannavaris.com\/blogg\/wp-content\/uploads\/2014\/08\/amelie.jpg\" alt=\"amelie\" width=\"197\" height=\"262\" \/><\/a><em>Amelie Bj\u00f6rck, en gammal bekanting p\u00e5 bloggen. Foto: LU<\/em><\/p>\n<p>Kultursidorna i SvD prunkar idag \u00e5ter av feminism och artikeln p\u00e5 Under Strecket-sidan m\u00f6ts jag av en gammal bekant. Karnism? Javisst&#8230;det var f\u00f6rtrycket medelst livsmedel vi\u00a0<a href=\"http:\/\/www.susannavaris.com\/blogg\/2012\/07\/fortryck-medelst-livsmedel\/\">k\u00e4nner igen<\/a> fr\u00e5n en tid sedan. S\u00e5 h\u00e4r l\u00e4t det d\u00e5:<\/p>\n<blockquote><p><strong>\u201dCarnocentrism betyder<\/strong>\u00a0k\u00f6ttinriktning, fallocentrism syftar p\u00e5 mansmakt, logocentrism avser rationalitetens f\u00f6retr\u00e4de framf\u00f6r k\u00e4nslor och praktisk intuition. Enligt Derrida \u00e4r makthierarkierna sammanv\u00e4xta med varandra s\u00e5, att djurd\u00f6dandet\/k\u00f6tt\u00e4tandet ing\u00e5r b\u00e5de i m\u00e4nniskans h\u00e4vdande av sin artauktoritet och i mannens h\u00e4vdande av sin specifika dominans \u00f6ver djur, kvinna och barn. En \u201driktig\u201d man \u00e4ter k\u00f6tt, en \u201driktig\u201d kvinna m\u00e5ste inte g\u00f6ra det.\u201d<\/p>\n<p>[&#8230;]<\/p>\n<p>\u201dHur mycket intressantare \u00e4r inte det k\u00e4nsliga unders\u00f6kande som p\u00e5g\u00e5r inom en feministisk-materialistisk konst och forskning, d\u00e4r det inte handlar om vem som ska d\u00f6 f\u00f6r vem, utan om hur vi olika arter kan leva, och faktiskt lever, tillsammans med varandra och f\u00f6r varandra? D\u00e4r finns en framtid och historia som \u00e4nnu inte \u00e4r f\u00e4rdigskriven.\u201d<\/p><\/blockquote>\n<p>D\u00e5 var det DN Kultur, nu \u00e4r det SvD dito. Bj\u00f6rck tituleras &#8221;<span class=\"description\">forskare i litteraturvetenskap med inriktning p\u00e5 djurstudier vid Lunds universitet<\/span>&#8221;, men hennes verksamhet innefattar f\u00f6ga f\u00f6rv\u00e5nande detta:<\/p>\n<p><a href=\"http:\/\/www.susannavaris.com\/blogg\/wp-content\/uploads\/2014\/08\/ameliebj\u00f6rckcv.jpg\"><img loading=\"lazy\" decoding=\"async\" class=\"aligncenter size-full wp-image-12975\" src=\"http:\/\/www.susannavaris.com\/blogg\/wp-content\/uploads\/2014\/08\/ameliebj\u00f6rckcv.jpg\" alt=\"ameliebj\u00f6rckcv\" width=\"454\" height=\"304\" srcset=\"http:\/\/www.susannavaris.com\/blogg\/wp-content\/uploads\/2014\/08\/ameliebj\u00f6rckcv.jpg 454w, http:\/\/www.susannavaris.com\/blogg\/wp-content\/uploads\/2014\/08\/ameliebj\u00f6rckcv-300x200.jpg 300w\" sizes=\"auto, (max-width: 454px) 100vw, 454px\" \/><\/a>K\u00e4lla: <a href=\"http:\/\/www.sol.lu.se\/person\/AmelieBjorck\">Lunds universitet<\/a><\/p>\n<p>L\u00f6jesguiden har kommenterat\u00a0<a href=\"http:\/\/www.svd.se\/kultur\/understrecket\/sa-legitimerar-vi-var-kottkonsumtion_3814548.svd\">dagens artikel<\/a> p\u00e5 ett utm\u00e4rkt s\u00e4tt\u00a0<a href=\"http:\/\/lojesguiden.wordpress.com\/2014\/08\/12\/samma-gamla-asiktsfascism\/\">h\u00e4r<\/a>.<\/p>\n","protected":false},"excerpt":{"rendered":"<p>Amelie Bj\u00f6rck, en gammal bekanting p\u00e5 bloggen. Foto: LU Kultursidorna i SvD prunkar idag \u00e5ter av feminism och artikeln p\u00e5 Under Strecket-sidan m\u00f6ts jag av en gammal bekant. Karnism? Javisst&#8230;det var f\u00f6rtrycket medelst livsmedel vi\u00a0k\u00e4nner igen fr\u00e5n en tid sedan. &hellip; <a href=\"http:\/\/www.susannavaris.com\/blogg\/2014\/08\/karnism-i-svd\/\">Forts\u00e4tt l\u00e4sa <span class=\"meta-nav\">&rarr;<\/span><\/a><\/p>\n","protected":false},"author":1,"featured_media":0,"comment_status":"open","ping_status":"open","sticky":false,"template":"","format":"standard","meta":{"footnotes":""},"categories":[181,154,259,1321,1928,589,1,590,403,303],"tags":[4182,175,4903,3795,4183,4917,429,2930,322,504],"class_list":["post-12974","post","type-post","status-publish","format-standard","hentry","category-feminism","category-genus","category-genusvetenskap","category-jamstalldhet","category-journalistik","category-medier","category-okategoriserade","category-politik","category-pseudovetenskap","category-religion","tag-amelie-bjorck","tag-dn","tag-genusvetenskap","tag-intersektionalitet","tag-karnism","tag-kultur","tag-lunds-universitet","tag-postmodernism","tag-sodertorns-hogskola","tag-svd"],"_links":{"self":[{"href":"http:\/\/www.susannavaris.com\/blogg\/wp-json\/wp\/v2\/posts\/12974","targetHints":{"allow":["GET"]}}],"collection":[{"href":"http:\/\/www.susannavaris.com\/blogg\/wp-json\/wp\/v2\/posts"}],"about":[{"href":"http:\/\/www.susannavaris.com\/blogg\/wp-json\/wp\/v2\/types\/post"}],"author":[{"embeddable":true,"href":"http:\/\/www.susannavaris.com\/blogg\/wp-json\/wp\/v2\/users\/1"}],"replies":[{"embeddable":true,"href":"http:\/\/www.susannavaris.com\/blogg\/wp-json\/wp\/v2\/comments?post=12974"}],"version-history":[{"count":1,"href":"http:\/\/www.susannavaris.com\/blogg\/wp-json\/wp\/v2\/posts\/12974\/revisions"}],"predecessor-version":[{"id":12977,"href":"http:\/\/www.susannavaris.com\/blogg\/wp-json\/wp\/v2\/posts\/12974\/revisions\/12977"}],"wp:attachment":[{"href":"http:\/\/www.susannavaris.com\/blogg\/wp-json\/wp\/v2\/media?parent=12974"}],"wp:term":[{"taxonomy":"category","embeddable":true,"href":"http:\/\/www.susannavaris.com\/blogg\/wp-json\/wp\/v2\/categories?post=12974"},{"taxonomy":"post_tag","embeddable":true,"href":"http:\/\/www.susannavaris.com\/blogg\/wp-json\/wp\/v2\/tags?post=12974"}],"curies":[{"name":"wp","href":"https:\/\/api.w.org\/{rel}","templated":true}]}}