{"id":13048,"date":"2014-08-17T22:41:47","date_gmt":"2014-08-17T20:41:47","guid":{"rendered":"http:\/\/www.susannavaris.com\/blogg\/?p=13048"},"modified":"2014-08-17T22:41:47","modified_gmt":"2014-08-17T20:41:47","slug":"sondag-pa-galleriet-2","status":"publish","type":"post","link":"http:\/\/www.susannavaris.com\/blogg\/2014\/08\/sondag-pa-galleriet-2\/","title":{"rendered":"S\u00f6ndag p\u00e5 galleriet"},"content":{"rendered":"<p style=\"text-align: center;\">En mera fartfylld s\u00f6ndag \u00e4n f\u00f6rv\u00e4ntat p\u00e5 galleriet:<\/p>\n<p><a href=\"http:\/\/www.susannavaris.com\/blogg\/wp-content\/uploads\/2014\/08\/DSC_0276-50.jpg\"><img loading=\"lazy\" decoding=\"async\" class=\"aligncenter size-full wp-image-13049\" src=\"http:\/\/www.susannavaris.com\/blogg\/wp-content\/uploads\/2014\/08\/DSC_0276-50.jpg\" alt=\"DSC_0276-50\" width=\"1536\" height=\"2206\" srcset=\"http:\/\/www.susannavaris.com\/blogg\/wp-content\/uploads\/2014\/08\/DSC_0276-50.jpg 1536w, http:\/\/www.susannavaris.com\/blogg\/wp-content\/uploads\/2014\/08\/DSC_0276-50-208x300.jpg 208w, http:\/\/www.susannavaris.com\/blogg\/wp-content\/uploads\/2014\/08\/DSC_0276-50-712x1024.jpg 712w\" sizes=\"auto, (max-width: 1536px) 100vw, 1536px\" \/><\/a><\/p>\n<p style=\"text-align: center;\"><em>Konstn\u00e4ren Ir\u00e9ne Kickan Borgh<\/em><\/p>\n<p>&nbsp;<\/p>\n<p>&nbsp;<\/p>\n<p><a href=\"http:\/\/www.susannavaris.com\/blogg\/wp-content\/uploads\/2014\/08\/DSC_0281-50.jpg\"><img loading=\"lazy\" decoding=\"async\" class=\"aligncenter size-full wp-image-13052\" src=\"http:\/\/www.susannavaris.com\/blogg\/wp-content\/uploads\/2014\/08\/DSC_0281-50.jpg\" alt=\"DSC_0281-50\" width=\"1532\" height=\"1951\" srcset=\"http:\/\/www.susannavaris.com\/blogg\/wp-content\/uploads\/2014\/08\/DSC_0281-50.jpg 1532w, http:\/\/www.susannavaris.com\/blogg\/wp-content\/uploads\/2014\/08\/DSC_0281-50-235x300.jpg 235w, http:\/\/www.susannavaris.com\/blogg\/wp-content\/uploads\/2014\/08\/DSC_0281-50-804x1024.jpg 804w\" sizes=\"auto, (max-width: 1532px) 100vw, 1532px\" \/><\/a><\/p>\n<p style=\"text-align: center;\"><em>Ulla Brierly med s\u00e4llskap<\/em><\/p>\n<p style=\"text-align: center;\"><a href=\"http:\/\/www.susannavaris.com\/blogg\/wp-content\/uploads\/2014\/08\/DSC_0286-50.jpg\"><img loading=\"lazy\" decoding=\"async\" class=\"aligncenter size-full wp-image-13056\" src=\"http:\/\/www.susannavaris.com\/blogg\/wp-content\/uploads\/2014\/08\/DSC_0286-50.jpg\" alt=\"DSC_0286-50\" width=\"1498\" height=\"1830\" srcset=\"http:\/\/www.susannavaris.com\/blogg\/wp-content\/uploads\/2014\/08\/DSC_0286-50.jpg 1498w, http:\/\/www.susannavaris.com\/blogg\/wp-content\/uploads\/2014\/08\/DSC_0286-50-245x300.jpg 245w, http:\/\/www.susannavaris.com\/blogg\/wp-content\/uploads\/2014\/08\/DSC_0286-50-838x1024.jpg 838w\" sizes=\"auto, (max-width: 1498px) 100vw, 1498px\" \/><\/a><em>Min modell Isa Lisa Dykhoffs f\u00f6r\u00e4ldrar<\/em><\/p>\n<p style=\"text-align: center;\"><a href=\"http:\/\/www.susannavaris.com\/blogg\/wp-content\/uploads\/2014\/08\/DSC_0277-50.jpg\"><img loading=\"lazy\" decoding=\"async\" class=\"aligncenter size-full wp-image-13050\" src=\"http:\/\/www.susannavaris.com\/blogg\/wp-content\/uploads\/2014\/08\/DSC_0277-50.jpg\" alt=\"DSC_0277-50\" width=\"1817\" height=\"1395\" srcset=\"http:\/\/www.susannavaris.com\/blogg\/wp-content\/uploads\/2014\/08\/DSC_0277-50.jpg 1817w, http:\/\/www.susannavaris.com\/blogg\/wp-content\/uploads\/2014\/08\/DSC_0277-50-300x230.jpg 300w, http:\/\/www.susannavaris.com\/blogg\/wp-content\/uploads\/2014\/08\/DSC_0277-50-1024x786.jpg 1024w\" sizes=\"auto, (max-width: 1817px) 100vw, 1817px\" \/><\/a> <a href=\"http:\/\/www.susannavaris.com\/blogg\/wp-content\/uploads\/2014\/08\/DSC_0278-50.jpg\"><img loading=\"lazy\" decoding=\"async\" class=\"aligncenter size-full wp-image-13051\" src=\"http:\/\/www.susannavaris.com\/blogg\/wp-content\/uploads\/2014\/08\/DSC_0278-50.jpg\" alt=\"DSC_0278-50\" width=\"2029\" height=\"1337\" srcset=\"http:\/\/www.susannavaris.com\/blogg\/wp-content\/uploads\/2014\/08\/DSC_0278-50.jpg 2029w, http:\/\/www.susannavaris.com\/blogg\/wp-content\/uploads\/2014\/08\/DSC_0278-50-300x197.jpg 300w, http:\/\/www.susannavaris.com\/blogg\/wp-content\/uploads\/2014\/08\/DSC_0278-50-1024x674.jpg 1024w\" sizes=\"auto, (max-width: 2029px) 100vw, 2029px\" \/><\/a> <a href=\"http:\/\/www.susannavaris.com\/blogg\/wp-content\/uploads\/2014\/08\/DSC_0282-50.jpg\"><img loading=\"lazy\" decoding=\"async\" class=\"aligncenter size-full wp-image-13053\" src=\"http:\/\/www.susannavaris.com\/blogg\/wp-content\/uploads\/2014\/08\/DSC_0282-50.jpg\" alt=\"DSC_0282-50\" width=\"1536\" height=\"2304\" srcset=\"http:\/\/www.susannavaris.com\/blogg\/wp-content\/uploads\/2014\/08\/DSC_0282-50.jpg 1536w, http:\/\/www.susannavaris.com\/blogg\/wp-content\/uploads\/2014\/08\/DSC_0282-50-200x300.jpg 200w, http:\/\/www.susannavaris.com\/blogg\/wp-content\/uploads\/2014\/08\/DSC_0282-50-682x1024.jpg 682w\" sizes=\"auto, (max-width: 1536px) 100vw, 1536px\" \/><\/a> <a href=\"http:\/\/www.susannavaris.com\/blogg\/wp-content\/uploads\/2014\/08\/DSC_0283-50.jpg\"><img loading=\"lazy\" decoding=\"async\" class=\"aligncenter size-full wp-image-13054\" src=\"http:\/\/www.susannavaris.com\/blogg\/wp-content\/uploads\/2014\/08\/DSC_0283-50.jpg\" alt=\"DSC_0283-50\" width=\"1536\" height=\"1989\" srcset=\"http:\/\/www.susannavaris.com\/blogg\/wp-content\/uploads\/2014\/08\/DSC_0283-50.jpg 1536w, http:\/\/www.susannavaris.com\/blogg\/wp-content\/uploads\/2014\/08\/DSC_0283-50-231x300.jpg 231w, http:\/\/www.susannavaris.com\/blogg\/wp-content\/uploads\/2014\/08\/DSC_0283-50-790x1024.jpg 790w\" sizes=\"auto, (max-width: 1536px) 100vw, 1536px\" \/><\/a> <a href=\"http:\/\/www.susannavaris.com\/blogg\/wp-content\/uploads\/2014\/08\/DSC_0284-50.jpg\"><img loading=\"lazy\" decoding=\"async\" class=\"aligncenter size-full wp-image-13055\" src=\"http:\/\/www.susannavaris.com\/blogg\/wp-content\/uploads\/2014\/08\/DSC_0284-50.jpg\" alt=\"DSC_0284-50\" width=\"1536\" height=\"2304\" srcset=\"http:\/\/www.susannavaris.com\/blogg\/wp-content\/uploads\/2014\/08\/DSC_0284-50.jpg 1536w, http:\/\/www.susannavaris.com\/blogg\/wp-content\/uploads\/2014\/08\/DSC_0284-50-200x300.jpg 200w, http:\/\/www.susannavaris.com\/blogg\/wp-content\/uploads\/2014\/08\/DSC_0284-50-682x1024.jpg 682w\" sizes=\"auto, (max-width: 1536px) 100vw, 1536px\" \/><\/a> <a href=\"http:\/\/www.susannavaris.com\/blogg\/wp-content\/uploads\/2014\/08\/DSC_0288-50.jpg\"><img loading=\"lazy\" decoding=\"async\" class=\"aligncenter size-full wp-image-13057\" src=\"http:\/\/www.susannavaris.com\/blogg\/wp-content\/uploads\/2014\/08\/DSC_0288-50.jpg\" alt=\"DSC_0288-50\" width=\"2304\" height=\"1536\" srcset=\"http:\/\/www.susannavaris.com\/blogg\/wp-content\/uploads\/2014\/08\/DSC_0288-50.jpg 2304w, http:\/\/www.susannavaris.com\/blogg\/wp-content\/uploads\/2014\/08\/DSC_0288-50-300x200.jpg 300w, http:\/\/www.susannavaris.com\/blogg\/wp-content\/uploads\/2014\/08\/DSC_0288-50-1024x682.jpg 1024w\" sizes=\"auto, (max-width: 2304px) 100vw, 2304px\" \/><\/a><\/p>\n<p style=\"text-align: center;\"><em>Hos grannarna p\u00e5 Galleri Hagstr\u00f6m: Ann Markstedt<\/em><\/p>\n<p style=\"text-align: center;\"><a href=\"http:\/\/www.susannavaris.com\/blogg\/wp-content\/uploads\/2014\/08\/DSC_0290-50.jpg\"><img loading=\"lazy\" decoding=\"async\" class=\"aligncenter size-full wp-image-13058\" src=\"http:\/\/www.susannavaris.com\/blogg\/wp-content\/uploads\/2014\/08\/DSC_0290-50.jpg\" alt=\"DSC_0290-50\" width=\"2098\" height=\"1478\" srcset=\"http:\/\/www.susannavaris.com\/blogg\/wp-content\/uploads\/2014\/08\/DSC_0290-50.jpg 2098w, http:\/\/www.susannavaris.com\/blogg\/wp-content\/uploads\/2014\/08\/DSC_0290-50-300x211.jpg 300w, http:\/\/www.susannavaris.com\/blogg\/wp-content\/uploads\/2014\/08\/DSC_0290-50-1024x721.jpg 1024w\" sizes=\"auto, (max-width: 2098px) 100vw, 2098px\" \/><\/a><\/p>\n<p style=\"text-align: center;\"><em>Ann Wenkel<\/em><\/p>\n<p style=\"text-align: center;\">\n<p style=\"text-align: center;\">\n<p style=\"text-align: center;\"><a href=\"http:\/\/www.susannavaris.com\/blogg\/wp-content\/uploads\/2014\/08\/DSC_0292-50.jpg\"><img loading=\"lazy\" decoding=\"async\" class=\"aligncenter size-full wp-image-13059\" src=\"http:\/\/www.susannavaris.com\/blogg\/wp-content\/uploads\/2014\/08\/DSC_0292-50.jpg\" alt=\"DSC_0292-50\" width=\"1865\" height=\"1536\" srcset=\"http:\/\/www.susannavaris.com\/blogg\/wp-content\/uploads\/2014\/08\/DSC_0292-50.jpg 1865w, http:\/\/www.susannavaris.com\/blogg\/wp-content\/uploads\/2014\/08\/DSC_0292-50-300x247.jpg 300w, http:\/\/www.susannavaris.com\/blogg\/wp-content\/uploads\/2014\/08\/DSC_0292-50-1024x843.jpg 1024w\" sizes=\"auto, (max-width: 1865px) 100vw, 1865px\" \/><\/a><\/p>\n<p style=\"text-align: center;\"><em>Lara Haglund, som jag inhandlade ett par fina vitl\u00f6kar i keramik av&#8230; <\/em><\/p>\n<p style=\"text-align: left;\">Grannarna p\u00e5 Galleri Hagstr\u00f6m visade sig ha en hel del intressant, rolig och sp\u00e4nnande produktion. Om jag inh\u00f6star fler slantar med mina verk ska jag sl\u00e5 till p\u00e5 ett unikt silverhalsband av Ann Markstedt&#8230;<\/p>\n<p style=\"text-align: center;\"><a href=\"http:\/\/www.susannavaris.com\/blogg\/wp-content\/uploads\/2014\/08\/DSC_0298-50.jpg\"><img loading=\"lazy\" decoding=\"async\" class=\"aligncenter size-full wp-image-13060\" src=\"http:\/\/www.susannavaris.com\/blogg\/wp-content\/uploads\/2014\/08\/DSC_0298-50.jpg\" alt=\"DSC_0298-50\" width=\"1374\" height=\"2179\" srcset=\"http:\/\/www.susannavaris.com\/blogg\/wp-content\/uploads\/2014\/08\/DSC_0298-50.jpg 1374w, http:\/\/www.susannavaris.com\/blogg\/wp-content\/uploads\/2014\/08\/DSC_0298-50-189x300.jpg 189w, http:\/\/www.susannavaris.com\/blogg\/wp-content\/uploads\/2014\/08\/DSC_0298-50-645x1024.jpg 645w\" sizes=\"auto, (max-width: 1374px) 100vw, 1374px\" \/><\/a><em>Fr\u00e5n nya bekantskaper p\u00e5 gallerier till nya dito p\u00e5 Bishop Arms&#8230; <\/em><\/p>\n<p style=\"text-align: left;\">Bra dag, bra f\u00f6rs\u00e4ljning&#8230;<\/p>\n","protected":false},"excerpt":{"rendered":"<p>En mera fartfylld s\u00f6ndag \u00e4n f\u00f6rv\u00e4ntat p\u00e5 galleriet: Konstn\u00e4ren Ir\u00e9ne Kickan Borgh &nbsp; &nbsp; Ulla Brierly med s\u00e4llskap Min modell Isa Lisa Dykhoffs f\u00f6r\u00e4ldrar Hos grannarna p\u00e5 Galleri Hagstr\u00f6m: Ann Markstedt Ann Wenkel Lara Haglund, som jag inhandlade ett par &hellip; <a href=\"http:\/\/www.susannavaris.com\/blogg\/2014\/08\/sondag-pa-galleriet-2\/\">Forts\u00e4tt l\u00e4sa <span class=\"meta-nav\">&rarr;<\/span><\/a><\/p>\n","protected":false},"author":1,"featured_media":0,"comment_status":"open","ping_status":"open","sticky":false,"template":"","format":"standard","meta":{"footnotes":""},"categories":[3,1162,4],"tags":[4189,4188,4187,1233,95,17,4158,4186,525,122],"class_list":["post-13048","post","type-post","status-publish","format-standard","hentry","category-konst","category-kultur","category-utstallning","tag-ann-markstedt","tag-ann-wenkel","tag-galleri-hagstrom","tag-galleri-t","tag-gamla-stan","tag-konst-2","tag-konstutstallning","tag-lara-haglund","tag-stockholm","tag-utstallning-2"],"_links":{"self":[{"href":"http:\/\/www.susannavaris.com\/blogg\/wp-json\/wp\/v2\/posts\/13048","targetHints":{"allow":["GET"]}}],"collection":[{"href":"http:\/\/www.susannavaris.com\/blogg\/wp-json\/wp\/v2\/posts"}],"about":[{"href":"http:\/\/www.susannavaris.com\/blogg\/wp-json\/wp\/v2\/types\/post"}],"author":[{"embeddable":true,"href":"http:\/\/www.susannavaris.com\/blogg\/wp-json\/wp\/v2\/users\/1"}],"replies":[{"embeddable":true,"href":"http:\/\/www.susannavaris.com\/blogg\/wp-json\/wp\/v2\/comments?post=13048"}],"version-history":[{"count":1,"href":"http:\/\/www.susannavaris.com\/blogg\/wp-json\/wp\/v2\/posts\/13048\/revisions"}],"predecessor-version":[{"id":13061,"href":"http:\/\/www.susannavaris.com\/blogg\/wp-json\/wp\/v2\/posts\/13048\/revisions\/13061"}],"wp:attachment":[{"href":"http:\/\/www.susannavaris.com\/blogg\/wp-json\/wp\/v2\/media?parent=13048"}],"wp:term":[{"taxonomy":"category","embeddable":true,"href":"http:\/\/www.susannavaris.com\/blogg\/wp-json\/wp\/v2\/categories?post=13048"},{"taxonomy":"post_tag","embeddable":true,"href":"http:\/\/www.susannavaris.com\/blogg\/wp-json\/wp\/v2\/tags?post=13048"}],"curies":[{"name":"wp","href":"https:\/\/api.w.org\/{rel}","templated":true}]}}