{"id":13066,"date":"2014-08-19T22:20:41","date_gmt":"2014-08-19T20:20:41","guid":{"rendered":"http:\/\/www.susannavaris.com\/blogg\/?p=13066"},"modified":"2014-08-19T22:20:41","modified_gmt":"2014-08-19T20:20:41","slug":"reflektioner-i-forbifarten","status":"publish","type":"post","link":"http:\/\/www.susannavaris.com\/blogg\/2014\/08\/reflektioner-i-forbifarten\/","title":{"rendered":"Reflektioner i f\u00f6rbifarten"},"content":{"rendered":"<p>Utst\u00e4llningen upptar det mesta av min tid f\u00f6r n\u00e4rvarande, men i morse hann jag \u00e4nd\u00e5 notera en sak i f\u00f6rbifarten. \u00a0P\u00e5 framsidan av Metro finns en bl\u00e4nkare med rubriken &#8221;Kvinnors projekt f\u00e5r mer pengar&#8221;. I den lilla ingressen p\u00e5 f\u00f6rstasidan skrivs att &#8221;En studie i USA visar att kvinnor snabbare f\u00e5r ihop pengar till gr\u00e4srotsprojekt&#8221; (jag lyckas tyv\u00e4rr inte hitta artikeln p\u00e5 n\u00e4tet).<\/p>\n<p>Vad fint, det visste man v\u00e4l att kvinnor \u00e4r duktiga, \u00e4r v\u00e4l tanken som f\u00f6rv\u00e4ntas dyka upp hos l\u00e4saren. Fr\u00e5gan som inst\u00e4ller sig hos mig \u00e4r d\u00e5: n\u00e4r beskrevs m\u00e4nnens prestationer i relation till kvinnor p\u00e5 ett positivt s\u00e4tt senast? Minns n\u00e5gon en rubrik som lyder n\u00e5got i stil med: &#8221;m\u00e4nnens f\u00f6retag mera framg\u00e5ngsrika&#8221; och d\u00e4r detta framst\u00e4lls som n\u00e5got positivt?<\/p>\n<p>G\u00e5r man sedan vidare till artikeln i tidningen svallar superlativen \u00f6ver i beskrivningarna av kvinnors gr\u00e4srotsfinansierade projekt. Hand upp den som tror att beskrivningarna skulle sv\u00e4mma \u00f6ver av dessa superlativ om f\u00f6rh\u00e5llandet vore det motsatta, dvs att m\u00e4ns gr\u00e4srotsprojekt vore de som h\u00e5vade in mest pengar. Efter att ha f\u00f6ljt den journalistiska agendan som f\u00f6r n\u00e4rvarande r\u00e5der i Sverige under ett antal \u00e5r kan jag med hyfsad stor s\u00e4kerhet s\u00e4ga att om l\u00e4get var det sistn\u00e4mnda, skulle artikeln framst\u00e4lla utfallet som en skriande or\u00e4ttvisa mellan k\u00f6nen och n\u00e5got som antagligen berodde p\u00e5 f\u00f6rtryckande strukturer d\u00e4r kvinnors projekt s\u00e5gs som mindre seri\u00f6sa och f\u00f6rtroendeingivande.<\/p>\n<p>Artikeln \u00e4r dessutom ett i raden av exempel d\u00e4r kvinnor och kvinnlighet framst\u00e4lls i positiv dager. Detta \u00e4r det i sig inget problem med f\u00f6rst\u00e5s, men i dessa tider f\u00e5r man leta sig f\u00f6rd\u00e4rvad efter artiklar som beskriver m\u00e4n och manlighet p\u00e5 ett positivt s\u00e4tt. D\u00e4remot \u00e4r motsatsen legio: m\u00e4n och manlighet dissas, f\u00f6r att inte s\u00e4ga demoniseras, regelm\u00e4ssigt i svensk media. F\u00f6r exempel se den h\u00f6gst ofullst\u00e4ndiga listan i inl\u00e4gget <a href=\"http:\/\/www.susannavaris.com\/blogg\/2014\/02\/misandri-i-media-2014\/\">Misandri i media 2014<\/a>.<\/p>\n<p>&nbsp;<\/p>\n","protected":false},"excerpt":{"rendered":"<p>Utst\u00e4llningen upptar det mesta av min tid f\u00f6r n\u00e4rvarande, men i morse hann jag \u00e4nd\u00e5 notera en sak i f\u00f6rbifarten. \u00a0P\u00e5 framsidan av Metro finns en bl\u00e4nkare med rubriken &#8221;Kvinnors projekt f\u00e5r mer pengar&#8221;. I den lilla ingressen p\u00e5 f\u00f6rstasidan &hellip; <a href=\"http:\/\/www.susannavaris.com\/blogg\/2014\/08\/reflektioner-i-forbifarten\/\">Forts\u00e4tt l\u00e4sa <span class=\"meta-nav\">&rarr;<\/span><\/a><\/p>\n","protected":false},"author":1,"featured_media":0,"comment_status":"open","ping_status":"open","sticky":false,"template":"","format":"standard","meta":{"footnotes":""},"categories":[181,154,259,3358,1321,1928,589,3787,1],"tags":[4195,4192,4196,4900,4193,4918,351,2721,4194],"class_list":["post-13066","post","type-post","status-publish","format-standard","hentry","category-feminism","category-genus","category-genusvetenskap","category-identitetspolitik","category-jamstalldhet","category-journalistik","category-medier","category-misandri-i-media","category-okategoriserade","tag-agenda","tag-crowdfunding","tag-diskurs","tag-feminism","tag-grasrotsprojekt","tag-jamstalldhet","tag-media","tag-misandri","tag-vinkling"],"_links":{"self":[{"href":"http:\/\/www.susannavaris.com\/blogg\/wp-json\/wp\/v2\/posts\/13066","targetHints":{"allow":["GET"]}}],"collection":[{"href":"http:\/\/www.susannavaris.com\/blogg\/wp-json\/wp\/v2\/posts"}],"about":[{"href":"http:\/\/www.susannavaris.com\/blogg\/wp-json\/wp\/v2\/types\/post"}],"author":[{"embeddable":true,"href":"http:\/\/www.susannavaris.com\/blogg\/wp-json\/wp\/v2\/users\/1"}],"replies":[{"embeddable":true,"href":"http:\/\/www.susannavaris.com\/blogg\/wp-json\/wp\/v2\/comments?post=13066"}],"version-history":[{"count":3,"href":"http:\/\/www.susannavaris.com\/blogg\/wp-json\/wp\/v2\/posts\/13066\/revisions"}],"predecessor-version":[{"id":13069,"href":"http:\/\/www.susannavaris.com\/blogg\/wp-json\/wp\/v2\/posts\/13066\/revisions\/13069"}],"wp:attachment":[{"href":"http:\/\/www.susannavaris.com\/blogg\/wp-json\/wp\/v2\/media?parent=13066"}],"wp:term":[{"taxonomy":"category","embeddable":true,"href":"http:\/\/www.susannavaris.com\/blogg\/wp-json\/wp\/v2\/categories?post=13066"},{"taxonomy":"post_tag","embeddable":true,"href":"http:\/\/www.susannavaris.com\/blogg\/wp-json\/wp\/v2\/tags?post=13066"}],"curies":[{"name":"wp","href":"https:\/\/api.w.org\/{rel}","templated":true}]}}