{"id":13086,"date":"2014-08-19T23:19:41","date_gmt":"2014-08-19T21:19:41","guid":{"rendered":"http:\/\/www.susannavaris.com\/blogg\/?p=13086"},"modified":"2014-08-19T23:19:41","modified_gmt":"2014-08-19T21:19:41","slug":"artikel-i-seko-tidningen","status":"publish","type":"post","link":"http:\/\/www.susannavaris.com\/blogg\/2014\/08\/artikel-i-seko-tidningen\/","title":{"rendered":"Artikel i SEKO-tidningen"},"content":{"rendered":"<p>Nu finns artikeln om min utst\u00e4llning i SEKO-tidningen p\u00e5 webben:<\/p>\n<p style=\"text-align: center;\"><a href=\"http:\/\/www.susannavaris.com\/blogg\/wp-content\/uploads\/2014\/08\/140819seko01.jpg\"><img loading=\"lazy\" decoding=\"async\" class=\"aligncenter size-full wp-image-13087\" src=\"http:\/\/www.susannavaris.com\/blogg\/wp-content\/uploads\/2014\/08\/140819seko01.jpg\" alt=\"140819seko01\" width=\"947\" height=\"630\" srcset=\"http:\/\/www.susannavaris.com\/blogg\/wp-content\/uploads\/2014\/08\/140819seko01.jpg 947w, http:\/\/www.susannavaris.com\/blogg\/wp-content\/uploads\/2014\/08\/140819seko01-300x199.jpg 300w\" sizes=\"auto, (max-width: 947px) 100vw, 947px\" \/><\/a><em>Hela artikeln finns att l\u00e4sa<\/em> <a href=\"http:\/\/sekotidningen.se\/artikel\/susanna-inspireras-av-det-omedvetna\/\">h\u00e4r<\/a>.<\/p>\n","protected":false},"excerpt":{"rendered":"<p>Nu finns artikeln om min utst\u00e4llning i SEKO-tidningen p\u00e5 webben: Hela artikeln finns att l\u00e4sa h\u00e4r.<\/p>\n","protected":false},"author":1,"featured_media":0,"comment_status":"open","ping_status":"open","sticky":false,"template":"","format":"standard","meta":{"footnotes":""},"categories":[1293,3,415,1,2262,4],"tags":[4131,1662,1233,4201,17,3274,4200,4198,4199,122],"class_list":["post-13086","post","type-post","status-publish","format-standard","hentry","category-galleri-t-2","category-konst","category-lowbrow","category-okategoriserade","category-pop-surrealism","category-utstallning","tag-art-said-the-crow","tag-artikel","tag-galleri-t","tag-karin-lindgren-stromback","tag-konst-2","tag-lilycrow-art-of-susanna-varis","tag-pernille-tofte","tag-seko","tag-seko-tidningen","tag-utstallning-2"],"_links":{"self":[{"href":"http:\/\/www.susannavaris.com\/blogg\/wp-json\/wp\/v2\/posts\/13086","targetHints":{"allow":["GET"]}}],"collection":[{"href":"http:\/\/www.susannavaris.com\/blogg\/wp-json\/wp\/v2\/posts"}],"about":[{"href":"http:\/\/www.susannavaris.com\/blogg\/wp-json\/wp\/v2\/types\/post"}],"author":[{"embeddable":true,"href":"http:\/\/www.susannavaris.com\/blogg\/wp-json\/wp\/v2\/users\/1"}],"replies":[{"embeddable":true,"href":"http:\/\/www.susannavaris.com\/blogg\/wp-json\/wp\/v2\/comments?post=13086"}],"version-history":[{"count":1,"href":"http:\/\/www.susannavaris.com\/blogg\/wp-json\/wp\/v2\/posts\/13086\/revisions"}],"predecessor-version":[{"id":13088,"href":"http:\/\/www.susannavaris.com\/blogg\/wp-json\/wp\/v2\/posts\/13086\/revisions\/13088"}],"wp:attachment":[{"href":"http:\/\/www.susannavaris.com\/blogg\/wp-json\/wp\/v2\/media?parent=13086"}],"wp:term":[{"taxonomy":"category","embeddable":true,"href":"http:\/\/www.susannavaris.com\/blogg\/wp-json\/wp\/v2\/categories?post=13086"},{"taxonomy":"post_tag","embeddable":true,"href":"http:\/\/www.susannavaris.com\/blogg\/wp-json\/wp\/v2\/tags?post=13086"}],"curies":[{"name":"wp","href":"https:\/\/api.w.org\/{rel}","templated":true}]}}