{"id":13089,"date":"2014-08-20T12:20:57","date_gmt":"2014-08-20T10:20:57","guid":{"rendered":"http:\/\/www.susannavaris.com\/blogg\/?p=13089"},"modified":"2014-08-20T12:23:50","modified_gmt":"2014-08-20T10:23:50","slug":"hitler-en-varldsforbattrare-och-idealistisk-ungdom","status":"publish","type":"post","link":"http:\/\/www.susannavaris.com\/blogg\/2014\/08\/hitler-en-varldsforbattrare-och-idealistisk-ungdom\/","title":{"rendered":"Hitler &#8211; en v\u00e4rldsf\u00f6rb\u00e4ttrare och idealistisk ungdom?"},"content":{"rendered":"<p>Jag hade inte t\u00e4nkt att \u00e4gna den uppenbart uppm\u00e4rksamhetss\u00f6kande studenten och &#8221;v\u00e4rldsf\u00f6rb\u00e4ttraren&#8221; Femitheist n\u00e5gon som helst uppm\u00e4rksamhet, men vill \u00e4nd\u00e5 kommentera till exempel tidningen Metros beskrivning av henne och de nazistiska ideer hon torgf\u00f6r.<\/p>\n<p>&nbsp;<\/p>\n<blockquote><p>&#8221;Hon \u00e4r en 22-\u00e5rig student som vill f\u00f6rb\u00e4ttra v\u00e4rlden. Det som skiljer henne fr\u00e5n andra idealistiska ungdomar \u00e4r dock hennes ide om hur detta ska g\u00e5 till. Hon anser n\u00e4mligen att de flesta av v\u00e4rldens problem skulle l\u00f6sas om vi minskar jordens manliga befolkning med 90 procent.&#8221;<\/p><\/blockquote>\n<p>Ingen fara p\u00e5 taket dock, m\u00e4n, det ideala f\u00f6rh\u00e5llandet ska uppn\u00e5s genom kontrollerade f\u00f6dslar (abort av pojkfoster) och inte genom v\u00e5ld och d\u00f6dande. Femitheists vision om den nya m\u00e4nniskan g\u00e5r ut p\u00e5 att utrota dn aggressiva manligheten och att m\u00e4n med mera \u00f6nskv\u00e4rda egenskaper ska genmanipuleras fram. Jag har inte f\u00f6rdjupat \u00a0mig i de cyniska och misandriska tankeg\u00e5ngarna mer \u00e4n det jag f\u00e5tt mig till livs genom svensk media, hennes hemsida \u00e4r mer \u00e4n lovligt r\u00f6rig och inl\u00e4gget f\u00f6r den nya bes\u00f6karen best\u00e5r av omst\u00e4ndiga och sn\u00e5riga utl\u00e4ggningar om hennes medverkan i tidningen The Vice, som verkar vara ursprunget till den uppm\u00e4rksamhet som nu riktas mot henne.<\/p>\n<p>Fr\u00e5gan g\u00e4llande Sverige \u00e4r nu: har vi n\u00e5tt en s\u00e5dan punkt i demoniseringen och avhumaniseringen av m\u00e4n i media att ideer som Femitheists framst\u00e5r som v\u00e4rldsf\u00f6rb\u00e4ttrande och idealistiska?<\/p>\n","protected":false},"excerpt":{"rendered":"<p>Jag hade inte t\u00e4nkt att \u00e4gna den uppenbart uppm\u00e4rksamhetss\u00f6kande studenten och &#8221;v\u00e4rldsf\u00f6rb\u00e4ttraren&#8221; Femitheist n\u00e5gon som helst uppm\u00e4rksamhet, men vill \u00e4nd\u00e5 kommentera till exempel tidningen Metros beskrivning av henne och de nazistiska ideer hon torgf\u00f6r. &nbsp; &#8221;Hon \u00e4r en 22-\u00e5rig student &hellip; <a href=\"http:\/\/www.susannavaris.com\/blogg\/2014\/08\/hitler-en-varldsforbattrare-och-idealistisk-ungdom\/\">Forts\u00e4tt l\u00e4sa <span class=\"meta-nav\">&rarr;<\/span><\/a><\/p>\n","protected":false},"author":1,"featured_media":0,"comment_status":"open","ping_status":"open","sticky":false,"template":"","format":"standard","meta":{"footnotes":""},"categories":[181,154,259,3358,1928,589,3787,1,590],"tags":[4203,4202,1050,2721,4928,3978],"class_list":["post-13089","post","type-post","status-publish","format-standard","hentry","category-feminism","category-genus","category-genusvetenskap","category-identitetspolitik","category-journalistik","category-medier","category-misandri-i-media","category-okategoriserade","category-politik","tag-demonisering","tag-femitheist","tag-metro","tag-misandri","tag-misandri-i-media","tag-nazism"],"_links":{"self":[{"href":"http:\/\/www.susannavaris.com\/blogg\/wp-json\/wp\/v2\/posts\/13089","targetHints":{"allow":["GET"]}}],"collection":[{"href":"http:\/\/www.susannavaris.com\/blogg\/wp-json\/wp\/v2\/posts"}],"about":[{"href":"http:\/\/www.susannavaris.com\/blogg\/wp-json\/wp\/v2\/types\/post"}],"author":[{"embeddable":true,"href":"http:\/\/www.susannavaris.com\/blogg\/wp-json\/wp\/v2\/users\/1"}],"replies":[{"embeddable":true,"href":"http:\/\/www.susannavaris.com\/blogg\/wp-json\/wp\/v2\/comments?post=13089"}],"version-history":[{"count":2,"href":"http:\/\/www.susannavaris.com\/blogg\/wp-json\/wp\/v2\/posts\/13089\/revisions"}],"predecessor-version":[{"id":13091,"href":"http:\/\/www.susannavaris.com\/blogg\/wp-json\/wp\/v2\/posts\/13089\/revisions\/13091"}],"wp:attachment":[{"href":"http:\/\/www.susannavaris.com\/blogg\/wp-json\/wp\/v2\/media?parent=13089"}],"wp:term":[{"taxonomy":"category","embeddable":true,"href":"http:\/\/www.susannavaris.com\/blogg\/wp-json\/wp\/v2\/categories?post=13089"},{"taxonomy":"post_tag","embeddable":true,"href":"http:\/\/www.susannavaris.com\/blogg\/wp-json\/wp\/v2\/tags?post=13089"}],"curies":[{"name":"wp","href":"https:\/\/api.w.org\/{rel}","templated":true}]}}