{"id":13093,"date":"2014-08-21T11:57:27","date_gmt":"2014-08-21T09:57:27","guid":{"rendered":"http:\/\/www.susannavaris.com\/blogg\/?p=13093"},"modified":"2014-08-21T21:36:56","modified_gmt":"2014-08-21T19:36:56","slug":"ju-fler-kvinnor","status":"publish","type":"post","link":"http:\/\/www.susannavaris.com\/blogg\/2014\/08\/ju-fler-kvinnor\/","title":{"rendered":"Ju fler kvinnor&#8230;"},"content":{"rendered":"<p>&nbsp;<\/p>\n<p><a href=\"http:\/\/www.susannavaris.com\/blogg\/wp-content\/uploads\/2014\/08\/sthlmkommun.jpg\"><img loading=\"lazy\" decoding=\"async\" class=\"aligncenter size-full wp-image-13100\" src=\"http:\/\/www.susannavaris.com\/blogg\/wp-content\/uploads\/2014\/08\/sthlmkommun.jpg\" alt=\"sthlmkommun\" width=\"657\" height=\"711\" srcset=\"http:\/\/www.susannavaris.com\/blogg\/wp-content\/uploads\/2014\/08\/sthlmkommun.jpg 657w, http:\/\/www.susannavaris.com\/blogg\/wp-content\/uploads\/2014\/08\/sthlmkommun-277x300.jpg 277w\" sizes=\"auto, (max-width: 657px) 100vw, 657px\" \/><\/a><em>Faksimil ur DN. Jag lyckas tyv\u00e4rr inte f\u00e5 n\u00e5gon b\u00e4ttre \u00e5tergivning av grafiken och texten i DN. Eftersom det \u00e4r en framsida \u00e5terfinns den heller inte bland artiklarna. Kanske kommer den upp senare i vanliga n\u00e4tupplagan&#8230;<\/em><\/p>\n<p>I dagens DN finns en <a href=\"http:\/\/dagens.dn.se\/#reader\/1729\/a\/455105\">j\u00e4mf\u00f6relse<\/a>\u00a0mellan kommunerna i Stor-Stockholm ang\u00e5ende j\u00e4mst\u00e4lldheten i kommunfullm\u00e4ktige. Vaxholm koras som vinnare med 52 % kvinnor, trots att det f\u00f6rekommer ett antal kommuner med f\u00f6rdelningar n\u00e4rmare 50\/50. Ju fler kvinnor, desto b\u00e4ttre j\u00e4mst\u00e4lldhet med andra ord.<\/p>\n<p>Trots epitetet &#8221;b\u00e4st p\u00e5 j\u00e4mst\u00e4lldhet&#8221; beskrivs i en artikel inne i stockholmsdelen f\u00f6rh\u00e5llandena i Vaxholm som problematiska ur j\u00e4mst\u00e4lldhetssynpunkt. Enligt r\u00f6ster hos oppositionen tycks all makt \u00e4nd\u00e5 ut\u00f6vas av ett par m\u00e4n och situationen betecknas &#8221;gubbv\u00e4lde&#8221;. Den kvinnliga majoritetens upplevda underl\u00e4ge problematiseras grundligt och inte ens den utm\u00e4rkta positionen med h\u00e4nsyn till j\u00e4mst\u00e4lldhet tycks vara nog. Jag vet inte om jag ska skratta eller gr\u00e5ta.<\/p>\n<p>I n\u00e4sta <a href=\"http:\/\/dagens.dn.se\/#reader\/1729\/b\/452093\">artikel <\/a>\u00f6ses ber\u00f6m \u00f6ver S\u00f6dermalm: &#8221;&#8230;den omtalat m\u00e5ngfaldsrika och feministiska stadsdelen&#8230;&#8221; deklarerar ingressen. Moderaternas ordf\u00f6rande Christoffer J\u00e4rkeborn:<\/p>\n<blockquote>\n<p style=\"display: inline !important;\">Min bild \u00e4r att S\u00f6dermalm \u00e4r det mest toleranta omr\u00e5det i Sverige. p\u00e5 S\u00f6dermalm \u00e4r vi v\u00e4ldigt stolta \u00f6ver att det \u00e4r l\u00e4tt att vara olika. Vi har f\u00f6rskolor och \u00e4ldreboenden som \u00e4r hbt-certifierade och h\u00f6g tolerans med m\u00e4nniskor med sociala problem.&#8221;<\/p>\n<\/blockquote>\n<p style=\"display: inline !important;\">Jag k\u00e4nner en och annan s\u00f6dermalmsbo som knappast skulle skriva under p\u00e5 den beskrivningen, annat \u00e4n i meningen att h\u00e4r p\u00e5 S\u00f6dermalm \u00e4r vi helt \u00f6verens om vilka \u00e5sikter som kan ing\u00e5 under parollerna tolerans, j\u00e4mst\u00e4lldhet, demokrati och m\u00e5ngfald.<\/p>\n<p>Men s\u00e4g den lycka som best\u00e5r, i reda siffror och enligt 50\/50-definitionen visar sig S\u00f6dermalm klara sig d\u00e5ligt i j\u00e4mf\u00f6relsen; bara fyra av tretton kommunfullm\u00e4ktigeledam\u00f6ter \u00e4r kvinnor. N\u00e4r t\u00e4nkte feministerna p\u00e5 S\u00f6dermalm b\u00f6rja leva som de l\u00e4r? (Inte f\u00f6r att jag personligen \u00e4r n\u00e5gon anh\u00e4ngare av deras 50\/50-fixering). \u00a0Eller \u00e4r queerfeministiska pysselgrupper finansierade med skattemedel roligare \u00e4n arbetet i kommunfullm\u00e4ktige?<\/p>\n","protected":false},"excerpt":{"rendered":"<p>&nbsp; Faksimil ur DN. Jag lyckas tyv\u00e4rr inte f\u00e5 n\u00e5gon b\u00e4ttre \u00e5tergivning av grafiken och texten i DN. Eftersom det \u00e4r en framsida \u00e5terfinns den heller inte bland artiklarna. Kanske kommer den upp senare i vanliga n\u00e4tupplagan&#8230; I dagens DN &hellip; <a href=\"http:\/\/www.susannavaris.com\/blogg\/2014\/08\/ju-fler-kvinnor\/\">Forts\u00e4tt l\u00e4sa <span class=\"meta-nav\">&rarr;<\/span><\/a><\/p>\n","protected":false},"author":1,"featured_media":0,"comment_status":"open","ping_status":"open","sticky":false,"template":"","format":"standard","meta":{"footnotes":""},"categories":[181,154,259,3358,1321,1928,1,590],"tags":[2460,4900,4899,4918,3229,4204,526,4205],"class_list":["post-13093","post","type-post","status-publish","format-standard","hentry","category-feminism","category-genus","category-genusvetenskap","category-identitetspolitik","category-jamstalldhet","category-journalistik","category-okategoriserade","category-politik","tag-2460","tag-feminism","tag-genus","tag-jamstalldhet","tag-kommun","tag-kommunfullmaktige","tag-sodermalm","tag-vaxholm"],"_links":{"self":[{"href":"http:\/\/www.susannavaris.com\/blogg\/wp-json\/wp\/v2\/posts\/13093","targetHints":{"allow":["GET"]}}],"collection":[{"href":"http:\/\/www.susannavaris.com\/blogg\/wp-json\/wp\/v2\/posts"}],"about":[{"href":"http:\/\/www.susannavaris.com\/blogg\/wp-json\/wp\/v2\/types\/post"}],"author":[{"embeddable":true,"href":"http:\/\/www.susannavaris.com\/blogg\/wp-json\/wp\/v2\/users\/1"}],"replies":[{"embeddable":true,"href":"http:\/\/www.susannavaris.com\/blogg\/wp-json\/wp\/v2\/comments?post=13093"}],"version-history":[{"count":5,"href":"http:\/\/www.susannavaris.com\/blogg\/wp-json\/wp\/v2\/posts\/13093\/revisions"}],"predecessor-version":[{"id":13101,"href":"http:\/\/www.susannavaris.com\/blogg\/wp-json\/wp\/v2\/posts\/13093\/revisions\/13101"}],"wp:attachment":[{"href":"http:\/\/www.susannavaris.com\/blogg\/wp-json\/wp\/v2\/media?parent=13093"}],"wp:term":[{"taxonomy":"category","embeddable":true,"href":"http:\/\/www.susannavaris.com\/blogg\/wp-json\/wp\/v2\/categories?post=13093"},{"taxonomy":"post_tag","embeddable":true,"href":"http:\/\/www.susannavaris.com\/blogg\/wp-json\/wp\/v2\/tags?post=13093"}],"curies":[{"name":"wp","href":"https:\/\/api.w.org\/{rel}","templated":true}]}}