{"id":13123,"date":"2014-08-23T00:10:01","date_gmt":"2014-08-22T22:10:01","guid":{"rendered":"http:\/\/www.susannavaris.com\/blogg\/?p=13123"},"modified":"2014-08-23T00:10:01","modified_gmt":"2014-08-22T22:10:01","slug":"och-rothstein-ar-for-heteronormativ-och-marknadsliberal","status":"publish","type":"post","link":"http:\/\/www.susannavaris.com\/blogg\/2014\/08\/och-rothstein-ar-for-heteronormativ-och-marknadsliberal\/","title":{"rendered":"&#8230;och Rothstein \u00e4r f\u00f6r heteronormativ och marknadsliberal"},"content":{"rendered":"<p>Liberal, nyliberal eller marknadsliberal b\u00f6rjar smyga sig in som sk\u00e4llsord hos genusvetare (s.9, sista stycket, tidningen <a href=\"http:\/\/issuu.com\/genus_sv\/docs\/genus2-3_13tryck\">Genus)<\/a>:<\/p>\n<p style=\"text-align: center;\"><a href=\"http:\/\/www.susannavaris.com\/blogg\/wp-content\/uploads\/2014\/08\/genus02.jpg\"><img loading=\"lazy\" decoding=\"async\" class=\"aligncenter size-full wp-image-13124\" src=\"http:\/\/www.susannavaris.com\/blogg\/wp-content\/uploads\/2014\/08\/genus02.jpg\" alt=\"genus02\" width=\"547\" height=\"289\" srcset=\"http:\/\/www.susannavaris.com\/blogg\/wp-content\/uploads\/2014\/08\/genus02.jpg 547w, http:\/\/www.susannavaris.com\/blogg\/wp-content\/uploads\/2014\/08\/genus02-300x158.jpg 300w\" sizes=\"auto, (max-width: 547px) 100vw, 547px\" \/><\/a><em>(L\u00e4s g\u00e4rna hela artikeln).<\/em><\/p>\n<p>P\u00e5 Nationella Sekretariatet f\u00f6r Genusforsknings sida <a href=\"http:\/\/genus.se\/Aktuellt\/Nyheter\/fulltext\/\/genusvetenskapens-granser-utforskas-i-tidskriften-tgv.cid1229788\">ber\u00e4ttas<\/a> om Siv Fahlgren och Angelika Sj\u00f6stedt Land\u00e9n, genusforskare vid Mittuniversitetet, som &#8221;&#8230;har tagit ett aktuellt grepp p\u00e5 fr\u00e5gan och granskat en debattartikel av Bo Rothstein&#8221;.<\/p>\n<blockquote><p>&#8221;\u2013 Rothstein kombinerar ett antal argument som bygger p\u00e5 specifika antaganden, men de l\u00e4ggs fram som om de representerar en objektiv position. Vi tycker att det \u00e4r viktigt att granska vilken syn p\u00e5 j\u00e4mst\u00e4lldhet som representeras i ett resonemang d\u00e4r genusvetenskap blir ett hot mot j\u00e4mst\u00e4lldheten, s\u00e4ger Angelika Sj\u00f6stedt Land\u00e9n.<\/p>\n<h2>En besv\u00e4rande f\u00f6renkling<\/h2>\n<p>Forskarna menar att Rothsteins argumentation bland annat genomsyras av en heteronormativ j\u00e4mst\u00e4lldhetssyn och ett nyliberal marknadst\u00e4nkande.&#8221;<\/p><\/blockquote>\n<p>Hur var det nu? Kunskapsomr\u00e5de eller ideologi? Begreppsf\u00f6rvirringen k\u00e4nns igen fr\u00e5n till exempel feminismens kidnappning av begreppet j\u00e4mst\u00e4lldhet.<\/p>\n","protected":false},"excerpt":{"rendered":"<p>Liberal, nyliberal eller marknadsliberal b\u00f6rjar smyga sig in som sk\u00e4llsord hos genusvetare (s.9, sista stycket, tidningen Genus): (L\u00e4s g\u00e4rna hela artikeln). P\u00e5 Nationella Sekretariatet f\u00f6r Genusforsknings sida ber\u00e4ttas om Siv Fahlgren och Angelika Sj\u00f6stedt Land\u00e9n, genusforskare vid Mittuniversitetet, som &#8221;&#8230;har &hellip; <a href=\"http:\/\/www.susannavaris.com\/blogg\/2014\/08\/och-rothstein-ar-for-heteronormativ-och-marknadsliberal\/\">Forts\u00e4tt l\u00e4sa <span class=\"meta-nav\">&rarr;<\/span><\/a><\/p>\n","protected":false},"author":1,"featured_media":0,"comment_status":"open","ping_status":"open","sticky":false,"template":"","format":"standard","meta":{"footnotes":""},"categories":[181,154,259,3358,1321,1,590,403,303],"tags":[4209,2532,4900,4899,4903,4207,4210,2361,4208],"class_list":["post-13123","post","type-post","status-publish","format-standard","hentry","category-feminism","category-genus","category-genusvetenskap","category-identitetspolitik","category-jamstalldhet","category-okategoriserade","category-politik","category-pseudovetenskap","category-religion","tag-angelica-sjostedt-landen","tag-bo-rothstein","tag-feminism","tag-genus","tag-genusvetenskap","tag-lars-jalmert","tag-mittuniversitetet","tag-nationella-sekretariatet-for-genusforskning","tag-siv-fahlgren"],"_links":{"self":[{"href":"http:\/\/www.susannavaris.com\/blogg\/wp-json\/wp\/v2\/posts\/13123","targetHints":{"allow":["GET"]}}],"collection":[{"href":"http:\/\/www.susannavaris.com\/blogg\/wp-json\/wp\/v2\/posts"}],"about":[{"href":"http:\/\/www.susannavaris.com\/blogg\/wp-json\/wp\/v2\/types\/post"}],"author":[{"embeddable":true,"href":"http:\/\/www.susannavaris.com\/blogg\/wp-json\/wp\/v2\/users\/1"}],"replies":[{"embeddable":true,"href":"http:\/\/www.susannavaris.com\/blogg\/wp-json\/wp\/v2\/comments?post=13123"}],"version-history":[{"count":1,"href":"http:\/\/www.susannavaris.com\/blogg\/wp-json\/wp\/v2\/posts\/13123\/revisions"}],"predecessor-version":[{"id":13125,"href":"http:\/\/www.susannavaris.com\/blogg\/wp-json\/wp\/v2\/posts\/13123\/revisions\/13125"}],"wp:attachment":[{"href":"http:\/\/www.susannavaris.com\/blogg\/wp-json\/wp\/v2\/media?parent=13123"}],"wp:term":[{"taxonomy":"category","embeddable":true,"href":"http:\/\/www.susannavaris.com\/blogg\/wp-json\/wp\/v2\/categories?post=13123"},{"taxonomy":"post_tag","embeddable":true,"href":"http:\/\/www.susannavaris.com\/blogg\/wp-json\/wp\/v2\/tags?post=13123"}],"curies":[{"name":"wp","href":"https:\/\/api.w.org\/{rel}","templated":true}]}}