{"id":13126,"date":"2014-08-23T11:27:48","date_gmt":"2014-08-23T09:27:48","guid":{"rendered":"http:\/\/www.susannavaris.com\/blogg\/?p=13126"},"modified":"2014-08-23T11:27:48","modified_gmt":"2014-08-23T09:27:48","slug":"wennstam-har-skrivit-en-bok","status":"publish","type":"post","link":"http:\/\/www.susannavaris.com\/blogg\/2014\/08\/wennstam-har-skrivit-en-bok\/","title":{"rendered":"Wennstam har skrivit en bok"},"content":{"rendered":"<p style=\"text-align: center;\"><a href=\"http:\/\/www.susannavaris.com\/blogg\/wp-content\/uploads\/2014\/08\/Wennstam.jpg\"><img loading=\"lazy\" decoding=\"async\" class=\"aligncenter size-full wp-image-13127\" src=\"http:\/\/www.susannavaris.com\/blogg\/wp-content\/uploads\/2014\/08\/Wennstam.jpg\" alt=\"Wennstam\" width=\"485\" height=\"322\" srcset=\"http:\/\/www.susannavaris.com\/blogg\/wp-content\/uploads\/2014\/08\/Wennstam.jpg 485w, http:\/\/www.susannavaris.com\/blogg\/wp-content\/uploads\/2014\/08\/Wennstam-300x199.jpg 300w\" sizes=\"auto, (max-width: 485px) 100vw, 485px\" \/><\/a><em>Katarina Wennstam. Foto: Carolina Andersson\/SvD<\/em><\/p>\n<p>Katarina Wennstam, som tidigare skrivit bland annat boken <em>Flickan och Skulden<\/em> och som numera skriver feministiska kolumner i SvD har skrivit en ny bok som <a href=\"http:\/\/www.svd.se\/kultur\/litteratur\/pedagogisk-inblick-i-terrorn_3845560.svd\">h\u00e4r<\/a> recenseras i SvD. Alstret verkar dras med en del kvalitativa brister, men icke desto mindre f\u00e5r budskapet v\u00e4l godk\u00e4nt av recensenten Elin Grelsson Almestad.<\/p>\n<blockquote><p>&#8221;<strong>Vad h\u00e4nder <\/strong>med ett samh\u00e4lle d\u00e4r delar av befolkningen upplever sig som r\u00e4ttsl\u00f6sa? Givet de friande domar av m\u00e4n anklagade f\u00f6r olika former av v\u00e5ld mot kvinnor som med j\u00e4mna mellanrum uppm\u00e4rksammas \u00e4r det en legitim fr\u00e5ga. Som kvinna g\u00f6rs du i praktiken skyddsl\u00f6s av en v\u00e5ldt\u00e4ktslagstiftning som inte fungerar och den omdiskuterade samtyckeslagen kommer att g\u00f6ra liten skillnad i en st\u00f6rre struktur.&#8221;<\/p><\/blockquote>\n<p>Att delar av befolkningen (l\u00e4s: kvinnor) upplever sig som r\u00e4ttsl\u00f6sa &#8211; kan det m\u00f6jligen ha att g\u00f6ra med krigsrubriker i media och den h\u00f6gst bristf\u00e4lliga och vinklade beskrivningen av m\u00e5nga uppm\u00e4rksammade v\u00e5ldt\u00e4ktsanklagelser? Jag t\u00e4nker till exempel p\u00e5 m\u00e5let d\u00e4r en flaska anv\u00e4ndes och m\u00e5let d\u00e4r paret hade varit involverat i n\u00e5gon slags s\/m-session. &#8221;Givet de friande domar&#8230;&#8221;? Menar skribenten att bara existensen av friande domar tyder p\u00e5 r\u00e4ttsl\u00f6shet? Att p\u00e5st\u00e5 att man som kvinna i praktiken g\u00f6rs skyddsl\u00f6s (intressant ordval &#8211; borde det inte vara r\u00e4ttsl\u00f6s?) \u00e4r ett starkt p\u00e5st\u00e5ende. Att v\u00e5ldt\u00e4ktsm\u00e5l \u00e4r kroniskt sv\u00e5rd\u00f6mda och att r\u00e4ttss\u00e4kerheten m\u00e5ste v\u00e4rnas om Sverige ska kalla sig ett civiliserat land &#8211; \u00e4r dessa faktorer n\u00e5got som ska bortses ifr\u00e5n n\u00e4r kvinnor ska &#8221;skyddas&#8221;?<\/p>\n<blockquote><p>&#8221;Katarina Wennstam unders\u00f6ker i sin nya roman vad som h\u00e4nder om kvinnor till slut sl\u00e5r tillbaka mot det samh\u00e4lle som hatar dem.&#8221;<\/p><\/blockquote>\n<p>\u00c5ter denna fullst\u00e4ndigt bef\u00e4ngda sm\u00f6rja. Att det svenska samh\u00e4llet skulle HATA kvinnor&#8230;? Uppenbarligen lever inte jag och dessa existensber\u00e4ttigandes\u00f6kande radikalfeminister p\u00e5 samma planet. Bokens handling g\u00e5r ut p\u00e5 f\u00f6ljande:<\/p>\n<blockquote><p>&#8221;Fyra maskerade kvinnor \u00e4gnar en varm sommar i Stockholm \u00e5t att kartl\u00e4gga och s\u00f6ka upp m\u00e4n misst\u00e4nkta eller d\u00f6mda f\u00f6r v\u00e5ld mot kvinnor. De tar sig in i m\u00e4nnens hem och uts\u00e4tter dem f\u00f6r exakt samma sorts v\u00e5ld som de tillfogat sina partners, varken mer eller mindre. De \u00e4r v\u00e4lplanerade, intelligenta och har en noggrann plan b\u00e5de kort- och l\u00e5ngsiktigt. Samtliga har en position i ett \u00f6vre samh\u00e4llsskikt och b\u00e4r sj\u00e4lva p\u00e5 sp\u00e5r och minnen av patriarkalt v\u00e5ld.&#8221;<\/p><\/blockquote>\n<p>\u00d6ga f\u00f6r \u00f6ga, tand f\u00f6r tand. V\u00e5ta dr\u00f6mmar om biblisk (och antik) r\u00e4ttvisa.<\/p>\n<p>Jag har inga \u00f6vriga synpunkter p\u00e5 just boken, men d\u00e4remot Grelsson Almestads slutkl\u00e4m:<\/p>\n<blockquote><p><strong>&#8221;Den fr\u00e4msta <\/strong>po\u00e4ngen ligger dock inte i vare sig resonerandet om r\u00e4ttssamh\u00e4llets otillr\u00e4cklighet eller gestaltningen av h\u00e4mndv\u00e5ldet, utan effekterna som hotet fr\u00e5n den kvinnliga ligan f\u00e5r p\u00e5 m\u00e4n generellt. Polisen varnar m\u00e4n f\u00f6r att g\u00e5 ut ensamma p\u00e5 kv\u00e4llarna, somliga p\u00e5pekar att de misshandlade och v\u00e5ldtagna m\u00e4nnen \u00e4nd\u00e5 hade sig sj\u00e4lva att skylla, promenaden hem fr\u00e5n jobbet blir pl\u00f6tsligt en obehaglig upplevelse d\u00e4r varje tjejg\u00e4ng som g\u00e5r f\u00f6rbi kan vara f\u00f6r\u00f6vare.<\/p>\n<p>En illustration v\u00e4rdig Gerd Brantebergs klassiska omv\u00e4nda patriarkat i \u201dEgalias d\u00f6ttrar\u201d och en pedagogisk inblick i den terror mot kvinnor som m\u00e4n uppr\u00e4tth\u00e5ller, utnyttjar och gynnas av. Ja, alla m\u00e4n.&#8221;<\/p><\/blockquote>\n<p>Ja, det \u00e4r ju den, grovt misandriska &#8221;sanningen&#8221; som radikalfeminister omhuldar &#8211; att alla m\u00e4n tj\u00e4nar p\u00e5 n\u00e5gras v\u00e5ld &#8211; torgf\u00f6rd av bland andra Maria Sveland. Tj\u00e4nar alla kvinnor p\u00e5 n\u00e5gras falska anm\u00e4lningar om v\u00e5ldt\u00e4kt ocks\u00e5? Hj\u00e4lper detta kollektivet kvinnor genom att h\u00e5lla m\u00e4n i st\u00e4ndig skr\u00e4ck f\u00f6r falskanm\u00e4lningar? Tj\u00e4nar alla mammor p\u00e5 n\u00e5gras sabotage av umg\u00e4nget med barnets pappa? Hj\u00e4lper detta alla kvinnor i deras mammaroll? Sluta upp med era sekteristiska och m\u00e4nniskofientliga fantasier. Skr\u00e4pet har nu tyv\u00e4rr hittat ytterligare en megafon i SvD:s kultursidor.<\/p>\n<p>&nbsp;<\/p>\n<p>&nbsp;<\/p>\n<p>&nbsp;<\/p>\n","protected":false},"excerpt":{"rendered":"<p>Katarina Wennstam. Foto: Carolina Andersson\/SvD Katarina Wennstam, som tidigare skrivit bland annat boken Flickan och Skulden och som numera skriver feministiska kolumner i SvD har skrivit en ny bok som h\u00e4r recenseras i SvD. Alstret verkar dras med en del &hellip; <a href=\"http:\/\/www.susannavaris.com\/blogg\/2014\/08\/wennstam-har-skrivit-en-bok\/\">Forts\u00e4tt l\u00e4sa <span class=\"meta-nav\">&rarr;<\/span><\/a><\/p>\n","protected":false},"author":1,"featured_media":0,"comment_status":"open","ping_status":"open","sticky":false,"template":"","format":"standard","meta":{"footnotes":""},"categories":[181,3358,1321,1928,1162,589,3787,1,590],"tags":[4211,4900,4212,4899,4049,2680,1562,4213],"class_list":["post-13126","post","type-post","status-publish","format-standard","hentry","category-feminism","category-identitetspolitik","category-jamstalldhet","category-journalistik","category-kultur","category-medier","category-misandri-i-media","category-okategoriserade","category-politik","tag-elin-grelsson-almestad","tag-feminism","tag-flickan-och-skulden","tag-genus","tag-katarina-wennstam","tag-radikalfeminism","tag-recension","tag-skuggorna"],"_links":{"self":[{"href":"http:\/\/www.susannavaris.com\/blogg\/wp-json\/wp\/v2\/posts\/13126","targetHints":{"allow":["GET"]}}],"collection":[{"href":"http:\/\/www.susannavaris.com\/blogg\/wp-json\/wp\/v2\/posts"}],"about":[{"href":"http:\/\/www.susannavaris.com\/blogg\/wp-json\/wp\/v2\/types\/post"}],"author":[{"embeddable":true,"href":"http:\/\/www.susannavaris.com\/blogg\/wp-json\/wp\/v2\/users\/1"}],"replies":[{"embeddable":true,"href":"http:\/\/www.susannavaris.com\/blogg\/wp-json\/wp\/v2\/comments?post=13126"}],"version-history":[{"count":1,"href":"http:\/\/www.susannavaris.com\/blogg\/wp-json\/wp\/v2\/posts\/13126\/revisions"}],"predecessor-version":[{"id":13128,"href":"http:\/\/www.susannavaris.com\/blogg\/wp-json\/wp\/v2\/posts\/13126\/revisions\/13128"}],"wp:attachment":[{"href":"http:\/\/www.susannavaris.com\/blogg\/wp-json\/wp\/v2\/media?parent=13126"}],"wp:term":[{"taxonomy":"category","embeddable":true,"href":"http:\/\/www.susannavaris.com\/blogg\/wp-json\/wp\/v2\/categories?post=13126"},{"taxonomy":"post_tag","embeddable":true,"href":"http:\/\/www.susannavaris.com\/blogg\/wp-json\/wp\/v2\/tags?post=13126"}],"curies":[{"name":"wp","href":"https:\/\/api.w.org\/{rel}","templated":true}]}}