{"id":13129,"date":"2014-08-24T10:22:46","date_gmt":"2014-08-24T08:22:46","guid":{"rendered":"http:\/\/www.susannavaris.com\/blogg\/?p=13129"},"modified":"2014-08-24T14:05:16","modified_gmt":"2014-08-24T12:05:16","slug":"upploppet-i-malmo","status":"publish","type":"post","link":"http:\/\/www.susannavaris.com\/blogg\/2014\/08\/upploppet-i-malmo\/","title":{"rendered":"Upploppet i Malm\u00f6"},"content":{"rendered":"<p>Ett <a href=\"http:\/\/polisen.se\/Aktuellt\/Nyheter\/Skane\/juli-sept\/Allvarlig-ordningsstorning-pa-vid-Limhamns-torg\/\">v\u00e5ldsamt upplopp<\/a> startade p\u00e5 Limhamns torg ig\u00e5r eftermiddag n\u00e4r Svenskarnas parti skulle h\u00e5lla valm\u00f6te. Poliser och deras h\u00e4star blev slagna med p\u00e5kar och ammoniak kastades p\u00e5 dem. Ett antal personer skadades n\u00e4r polisen skulle st\u00e4vja upploppet och red in i en folkmassa, samt n\u00e4r polisbilar k\u00f6rde in p\u00e5 omr\u00e5det.<\/p>\n<p>Vad v\u00e4ljer d\u00e5 media att fokusera p\u00e5? Jo, polisv\u00e5ldet. F\u00f6rsta rubrikerna ig\u00e5r i Aftonbladet visade polish\u00e4star och ber\u00e4ttade om &#8221;polisens \u00f6verv\u00e5ld&#8221; och idag ser rubrikerna ut s\u00e5 h\u00e4r:<\/p>\n<p><a href=\"http:\/\/www.susannavaris.com\/blogg\/wp-content\/uploads\/2014\/08\/limhamn01.jpg\"><img loading=\"lazy\" decoding=\"async\" class=\"aligncenter size-full wp-image-13130\" src=\"http:\/\/www.susannavaris.com\/blogg\/wp-content\/uploads\/2014\/08\/limhamn01.jpg\" alt=\"limhamn01\" width=\"509\" height=\"536\" srcset=\"http:\/\/www.susannavaris.com\/blogg\/wp-content\/uploads\/2014\/08\/limhamn01.jpg 509w, http:\/\/www.susannavaris.com\/blogg\/wp-content\/uploads\/2014\/08\/limhamn01-284x300.jpg 284w\" sizes=\"auto, (max-width: 509px) 100vw, 509px\" \/><\/a>Expressen:<\/p>\n<p><a href=\"http:\/\/www.susannavaris.com\/blogg\/wp-content\/uploads\/2014\/08\/limhamn03.jpg\"><img loading=\"lazy\" decoding=\"async\" class=\"aligncenter size-full wp-image-13132\" src=\"http:\/\/www.susannavaris.com\/blogg\/wp-content\/uploads\/2014\/08\/limhamn03.jpg\" alt=\"limhamn03\" width=\"375\" height=\"516\" srcset=\"http:\/\/www.susannavaris.com\/blogg\/wp-content\/uploads\/2014\/08\/limhamn03.jpg 375w, http:\/\/www.susannavaris.com\/blogg\/wp-content\/uploads\/2014\/08\/limhamn03-218x300.jpg 218w\" sizes=\"auto, (max-width: 375px) 100vw, 375px\" \/><\/a><\/p>\n<p>N\u00e5got om ammoniak och p\u00e5kar? Inte mycket. N\u00e4mns det att den som blev p\u00e5k\u00f6rd av piketbussen sj\u00e4lv gick fram f\u00f6r att hindra den fr\u00e5n att ta sig in p\u00e5 omr\u00e5det (enligt vad man kan se p\u00e5 filmbilderna)? Icke. H\u00e4r tycks snarare polisen vara den som orsakat upploppet och medvetet skadat m\u00e4nniskor. Jag har inte l\u00e4st artiklarna inne i tidningarna, dels f\u00f6r att jag inte vill bidra med klick f\u00f6r de h\u00e4r publikationerna och dels f\u00f6r att rubrikerna anger en ton, de ska k\u00e4rnfullt ber\u00e4tta vad artikeln handlar om och vad som \u00e4r nyheten. M\u00e5nga l\u00e4ser just bara rubrikerna.<\/p>\n<p><a href=\"http:\/\/www.susannavaris.com\/blogg\/wp-content\/uploads\/2014\/08\/limhamn04.jpg\"><img loading=\"lazy\" decoding=\"async\" class=\"aligncenter size-full wp-image-13133\" src=\"http:\/\/www.susannavaris.com\/blogg\/wp-content\/uploads\/2014\/08\/limhamn04.jpg\" alt=\"limhamn04\" width=\"521\" height=\"558\" srcset=\"http:\/\/www.susannavaris.com\/blogg\/wp-content\/uploads\/2014\/08\/limhamn04.jpg 521w, http:\/\/www.susannavaris.com\/blogg\/wp-content\/uploads\/2014\/08\/limhamn04-280x300.jpg 280w\" sizes=\"auto, (max-width: 521px) 100vw, 521px\" \/><\/a><\/p>\n<p>Schyman\u00a0<a href=\"http:\/\/www.dn.se\/nyheter\/sverige\/schyman-polisvaldet-maste-stoppas\/\">vill stoppa<\/a> polisv\u00e5ldet. Undrar vad hon tycker att vi ska g\u00f6ra \u00e5t v\u00e4nsterextremisternas v\u00e5ld?<\/p>\n<p style=\"text-align: center;\"><a href=\"http:\/\/www.susannavaris.com\/blogg\/wp-content\/uploads\/2014\/08\/limhamn05.jpg\"><img loading=\"lazy\" decoding=\"async\" class=\"aligncenter size-full wp-image-13134\" src=\"http:\/\/www.susannavaris.com\/blogg\/wp-content\/uploads\/2014\/08\/limhamn05.jpg\" alt=\"limhamn05\" width=\"516\" height=\"508\" srcset=\"http:\/\/www.susannavaris.com\/blogg\/wp-content\/uploads\/2014\/08\/limhamn05.jpg 516w, http:\/\/www.susannavaris.com\/blogg\/wp-content\/uploads\/2014\/08\/limhamn05-300x295.jpg 300w\" sizes=\"auto, (max-width: 516px) 100vw, 516px\" \/><\/a><em>Bara SvD har fokus p\u00e5 demonstranterna. <\/em><\/p>\n<p style=\"text-align: left;\">Jonas Sj\u00f6stedt (V) vill v\u00e4rna motdemonstranternas r\u00e4ttigheter p\u00e5 bekostnad av de som h\u00e5llit torgm\u00f6te, enligt en\u00a0<a href=\"http:\/\/www.expressen.se\/kvallsposten\/sjostedt-en-rattighet-att-fa-demonstrera\/\">artikel<\/a> i Expressen.<\/p>\n<blockquote><p>&#8221;V\u00e4nsterpartiets ordf\u00f6rande Jonas Sj\u00f6stedt inledde sitt tal i G\u00f6teborg med att ber\u00e4tta om de nazistiska krafterna.<\/p>\n<p>\u2013 Jag k\u00e4nner inte till i detalj vad som har skett, men det \u00e4r en r\u00e4ttighet att f\u00e5 demonstrera mot nazism. Det \u00e4r en r\u00e4ttighet att st\u00e5 upp f\u00f6r antirasism, som man gjort i Malm\u00f6, och det m\u00e5ste m\u00e4nniskor f\u00e5 g\u00f6ra, s\u00e4ger han till Kv\u00e4llsposten.&#8221;<\/p>\n<p>[&#8230;]<\/p>\n<p>&#8221;\u2013 Polisen har varit alldeles f\u00f6r gener\u00f6sa med att ge tillst\u00e5nd till nazistm\u00f6ten. De gjorde det p\u00e5 f\u00f6rsta maj, de gjorde det i Almedalen. Jag tycker ocks\u00e5 att det \u00e4r helt orimligt att Svenskarnas parti f\u00e5r komma in p\u00e5 svenska skolor, s\u00e4ger Jonas Sj\u00f6stedt.<\/p>\n<p>Han uppmanar i st\u00e4llet att polisen att i forts\u00e4ttningen t\u00e4nka b\u00e5de en och tv\u00e5 g\u00e5nger innan tillst\u00e5nd f\u00f6r m\u00f6ten, demonstrationer och manifestationer med nazistisk bakgrund beviljas.&#8221;<\/p>\n<p>[&#8230;]<\/p>\n<p>&#8221;\u2013 N\u00e4r det g\u00e4ller skolan vill vi \u00e4ndra lagen s\u00e5 att dessa inte ska kunna komma in i skolorna. Judiska elever ska inte beh\u00f6va h\u00f6ra p\u00e5 personer som f\u00f6rnekar F\u00f6rintelsen.&#8221;<\/p><\/blockquote>\n<p>G\u00e5r man in p\u00e5 den linjen kan vi snart f\u00f6rbjuda alla att uttrycka sig. Va h\u00e4nde med &#8221;jag avskyr dina \u00e5sikter, men skulle g\u00e5 i d\u00f6den f\u00f6r din r\u00e4tt att uttrycka dem&#8221;? Ok\u00e4nt f\u00f6r Sj\u00f6stedt antagligen, som s\u00e5 m\u00e5nga andra grundbultar i demokratin.<\/p>\n<p><a href=\"http:\/\/www.aftonbladet.se\/nyheter\/article19414752.ab\">Aftonbladet<\/a>:<\/p>\n<blockquote>\n<p id=\"yui_3_15_0_2_1408868219537_1175\">&#8221;Fi:s Gudrun Schyman skriver p\u00e5 partiets Facebook-sida att \u201dpolisv\u00e5ldet m\u00e5ste stoppas\u201d:<\/p>\n<p id=\"yui_3_15_0_2_1408868219537_1180\">\u201dVi m\u00e5ste f\u00e5 visa v\u00e5r avsky f\u00f6r fascism och nazism utan att uts\u00e4ttas f\u00f6r v\u00e5ld\u201d, skriver hon.&#8221;<\/p>\n<\/blockquote>\n<p>Schyman, det finns inget som hindrar er att visa er avsky f\u00f6r fascism och nazism utan att uts\u00e4ttas f\u00f6r v\u00e5ld. Om man d\u00e4remot vill sl\u00e5ss med p\u00e5kar, kasta gatsten och ammoniak p\u00e5 poliser s\u00e5 kommer man att uts\u00e4ttas f\u00f6r v\u00e5ld. Precis som det ska vara i en demokrati och r\u00e4ttsstat.<\/p>\n<p><a href=\"http:\/\/lojesguiden.wordpress.com\/2014\/08\/24\/logn-forbannad-dikt-och-aftonbladet\/\">L\u00f6jesguiden<\/a> p\u00e5 samma tema.<\/p>\n<p><a href=\"http:\/\/toklandet.wordpress.com\/2014\/08\/24\/limhamn-en-illusion-skapad-av-egots-vibrationer\/\">Toklandet om samma.<\/a><\/p>\n","protected":false},"excerpt":{"rendered":"<p>Ett v\u00e5ldsamt upplopp startade p\u00e5 Limhamns torg ig\u00e5r eftermiddag n\u00e4r Svenskarnas parti skulle h\u00e5lla valm\u00f6te. Poliser och deras h\u00e4star blev slagna med p\u00e5kar och ammoniak kastades p\u00e5 dem. Ett antal personer skadades n\u00e4r polisen skulle st\u00e4vja upploppet och red in &hellip; <a href=\"http:\/\/www.susannavaris.com\/blogg\/2014\/08\/upploppet-i-malmo\/\">Forts\u00e4tt l\u00e4sa <span class=\"meta-nav\">&rarr;<\/span><\/a><\/p>\n","protected":false},"author":1,"featured_media":0,"comment_status":"open","ping_status":"open","sticky":false,"template":"","format":"standard","meta":{"footnotes":""},"categories":[178,181,1928,589,1,590],"tags":[2469,2047,2889,4215,2804,3978,4216,4214],"class_list":["post-13129","post","type-post","status-publish","format-standard","hentry","category-blodtryckshojare","category-feminism","category-journalistik","category-medier","category-okategoriserade","category-politik","tag-demokrati","tag-gudrun-schyman","tag-jonas-sjostedt","tag-limhamns-torg","tag-malmo","tag-nazism","tag-svenskarnas-parti","tag-upplopp"],"_links":{"self":[{"href":"http:\/\/www.susannavaris.com\/blogg\/wp-json\/wp\/v2\/posts\/13129","targetHints":{"allow":["GET"]}}],"collection":[{"href":"http:\/\/www.susannavaris.com\/blogg\/wp-json\/wp\/v2\/posts"}],"about":[{"href":"http:\/\/www.susannavaris.com\/blogg\/wp-json\/wp\/v2\/types\/post"}],"author":[{"embeddable":true,"href":"http:\/\/www.susannavaris.com\/blogg\/wp-json\/wp\/v2\/users\/1"}],"replies":[{"embeddable":true,"href":"http:\/\/www.susannavaris.com\/blogg\/wp-json\/wp\/v2\/comments?post=13129"}],"version-history":[{"count":4,"href":"http:\/\/www.susannavaris.com\/blogg\/wp-json\/wp\/v2\/posts\/13129\/revisions"}],"predecessor-version":[{"id":13138,"href":"http:\/\/www.susannavaris.com\/blogg\/wp-json\/wp\/v2\/posts\/13129\/revisions\/13138"}],"wp:attachment":[{"href":"http:\/\/www.susannavaris.com\/blogg\/wp-json\/wp\/v2\/media?parent=13129"}],"wp:term":[{"taxonomy":"category","embeddable":true,"href":"http:\/\/www.susannavaris.com\/blogg\/wp-json\/wp\/v2\/categories?post=13129"},{"taxonomy":"post_tag","embeddable":true,"href":"http:\/\/www.susannavaris.com\/blogg\/wp-json\/wp\/v2\/tags?post=13129"}],"curies":[{"name":"wp","href":"https:\/\/api.w.org\/{rel}","templated":true}]}}