{"id":13140,"date":"2014-09-05T18:07:59","date_gmt":"2014-09-05T16:07:59","guid":{"rendered":"http:\/\/www.susannavaris.com\/blogg\/?p=13140"},"modified":"2014-09-05T18:07:59","modified_gmt":"2014-09-05T16:07:59","slug":"tillbaka-fran-finland","status":"publish","type":"post","link":"http:\/\/www.susannavaris.com\/blogg\/2014\/09\/tillbaka-fran-finland\/","title":{"rendered":"Tillbaka fr\u00e5n Finland!"},"content":{"rendered":"<p>Aaaah! (&#8221;Hmmm&#8230;daaa!&#8221;, som Linus p\u00e5 Linjen n\u00e4r han vaknar upp i b\u00f6rjan av varje avsnitt) &#8211; rinnande vatten! Vi \u00e4r tillbaka i civilisationen fr\u00e5n \u00e5rets \u00e4ventyrsresa till min underbart amish-aktiga och med antika faciliteter utrustade sommarstuga. Den borde vara rena dr\u00f6mmen f\u00f6r varje milj\u00f6- och v\u00e4nsterpartist; ingen el, inget rinnande vatten och sj\u00f6n \u00e4r r\u00e4tt \u00f6verg\u00f6dd och f\u00e5r inte belastas med n\u00e4stan n\u00e5gonting numera, inte ens gr\u00f6ns\u00e5pa. Fiska f\u00e5r man s\u00e5 mycket man vill om man h\u00e5ller sig till skr\u00e4pfisken (eller r\u00e4ttare sagt, inte fiskar n\u00e5gra rovfiskar). I \u00e5r kunde man gott leva hela h\u00f6sten p\u00e5 de soppar som fanns i \u00f6verfl\u00f6d. D\u00e4r kan man uppleva verkligheten p\u00e5 det s\u00e4tt som den kunde te sig utan k\u00e4rnkraft och jobbig tillv\u00e4xt och pengafixering. Bara att st\u00e4lla om maggen till en diet p\u00e5 r\u00f6tter och h\u00f6 med lite inslag av n\u00e4mnda svamp och b\u00e4r s\u00e5 \u00e4r man n\u00e4stan framme vid den paradisiska tillvaro som de n\u00e4mnda partiernas politik leder till.<\/p>\n<p>Men men, jag klagar inte. Det \u00e4r r\u00e4tt fantastiskt sk\u00f6nt att slippa teknik och stadsliv och ta en promenad (amish-wannabees som vi \u00e4r hade vi ju ingen bil heller&#8230;) p\u00e5 14 km till n\u00e4rmaste aff\u00e4r. I tio dagar. Sen b\u00f6rjade det skava lite med det eviga blaskandet i hinkar och fat.<\/p>\n<p>F!:s sorgl\u00f6sa inst\u00e4llning till pengar torde ge ungef\u00e4r liknande fysiska f\u00f6ruts\u00e4ttningar och bortr\u00e4knat den maskinella kraften vi \u00e4nd\u00e5 har till f\u00f6rfogande (r\u00f6js\u00e5g, traktor fr\u00e5n grannen) har jag sv\u00e5rt att se hur en 50\/50-f\u00f6rdelning av alla arbetsuppgifter ute p\u00e5 landet skulle fungera i praktiken. Jag kan meddela att jag lyckades komma ca 20 cm ner i backen med en spade d\u00e5 jag f\u00f6rra \u00e5ret f\u00f6rs\u00f6kte gr\u00e4va en grop f\u00f6r utedasstunnans inneh\u00e5ll i den leriga och av grova eller smala och sega r\u00f6tter totalt genomperforerade backen. Grannens traktor gr\u00e4vde en veritabel grav p\u00e5 fem minuter. Paja ryggen g\u00f6r man oavsett om man k\u00e5nkar vatten eller sopar och jag k\u00e4nner ingen speciell dragning \u00e5t att r\u00f6js\u00e5ga. Diska \u00e4r v\u00e4l inte heller n\u00e5gon h\u00f6jdare, men ve den som inte inordnar sig i mitt hygiensystem i k\u00f6ket (det \u00e4r n\u00e4mligen en utmaning att sk\u00f6ta den d\u00e5 man inte har rinnande vatten och allt rent vatten kommer i dunkar och flaskor och \u00e4r d\u00e4rmed begr\u00e4nsat). Olja bryggan \u00e4r \u00e4ven det en ryggkn\u00e4ckare. Med andra ord: m\u00e5nga av uppgifterna p\u00e5 ett s\u00e5dant h\u00e4r st\u00e4lle \u00e4r likv\u00e4rdigt jobbiga\/roliga\/tr\u00e5kiga, men det finns en hel del arbetsuppgifter som \u00e4r f\u00f6r tunga f\u00f6r mig och f\u00f6r varje \u00e5r tillkommer nya p\u00e5 den listan. Jag \u00e4r bara glad att n\u00e5gon \u00e4r villig att ta huvudparten av de tyngre arbetsuppgifterna s\u00e5 att jag kan kan skona min kropp n\u00e5got.<\/p>\n<p>S\u00e5 h\u00e4r har det sett ut f\u00f6r oss:<\/p>\n<p style=\"text-align: center;\"><a href=\"http:\/\/www.susannavaris.com\/blogg\/wp-content\/uploads\/2014\/09\/DSC_0357-50.jpg\"><img loading=\"lazy\" decoding=\"async\" class=\"aligncenter size-full wp-image-13141\" src=\"http:\/\/www.susannavaris.com\/blogg\/wp-content\/uploads\/2014\/09\/DSC_0357-50.jpg\" alt=\"DSC_0357-50\" width=\"1536\" height=\"1693\" srcset=\"http:\/\/www.susannavaris.com\/blogg\/wp-content\/uploads\/2014\/09\/DSC_0357-50.jpg 1536w, http:\/\/www.susannavaris.com\/blogg\/wp-content\/uploads\/2014\/09\/DSC_0357-50-272x300.jpg 272w, http:\/\/www.susannavaris.com\/blogg\/wp-content\/uploads\/2014\/09\/DSC_0357-50-929x1024.jpg 929w\" sizes=\"auto, (max-width: 1536px) 100vw, 1536px\" \/><\/a> <a href=\"http:\/\/www.susannavaris.com\/blogg\/wp-content\/uploads\/2014\/09\/DSC_0360-50.jpg\"><img loading=\"lazy\" decoding=\"async\" class=\"aligncenter size-full wp-image-13142\" src=\"http:\/\/www.susannavaris.com\/blogg\/wp-content\/uploads\/2014\/09\/DSC_0360-50.jpg\" alt=\"DSC_0360-50\" width=\"2304\" height=\"1536\" srcset=\"http:\/\/www.susannavaris.com\/blogg\/wp-content\/uploads\/2014\/09\/DSC_0360-50.jpg 2304w, http:\/\/www.susannavaris.com\/blogg\/wp-content\/uploads\/2014\/09\/DSC_0360-50-300x200.jpg 300w, http:\/\/www.susannavaris.com\/blogg\/wp-content\/uploads\/2014\/09\/DSC_0360-50-1024x682.jpg 1024w\" sizes=\"auto, (max-width: 2304px) 100vw, 2304px\" \/><\/a><em>Min moster har skaffat sig v\u00e4rldens gulligaste chihuahua&#8230;<\/em><\/p>\n<p style=\"text-align: center;\"><a href=\"http:\/\/www.susannavaris.com\/blogg\/wp-content\/uploads\/2014\/09\/DSC_0361-50.jpg\"><img loading=\"lazy\" decoding=\"async\" class=\"aligncenter size-full wp-image-13143\" src=\"http:\/\/www.susannavaris.com\/blogg\/wp-content\/uploads\/2014\/09\/DSC_0361-50.jpg\" alt=\"DSC_0361-50\" width=\"1536\" height=\"2304\" srcset=\"http:\/\/www.susannavaris.com\/blogg\/wp-content\/uploads\/2014\/09\/DSC_0361-50.jpg 1536w, http:\/\/www.susannavaris.com\/blogg\/wp-content\/uploads\/2014\/09\/DSC_0361-50-200x300.jpg 200w, http:\/\/www.susannavaris.com\/blogg\/wp-content\/uploads\/2014\/09\/DSC_0361-50-682x1024.jpg 682w\" sizes=\"auto, (max-width: 1536px) 100vw, 1536px\" \/><\/a> <a href=\"http:\/\/www.susannavaris.com\/blogg\/wp-content\/uploads\/2014\/09\/DSC_0362-50.jpg\"><img loading=\"lazy\" decoding=\"async\" class=\"aligncenter size-full wp-image-13144\" src=\"http:\/\/www.susannavaris.com\/blogg\/wp-content\/uploads\/2014\/09\/DSC_0362-50.jpg\" alt=\"DSC_0362-50\" width=\"1536\" height=\"2304\" srcset=\"http:\/\/www.susannavaris.com\/blogg\/wp-content\/uploads\/2014\/09\/DSC_0362-50.jpg 1536w, http:\/\/www.susannavaris.com\/blogg\/wp-content\/uploads\/2014\/09\/DSC_0362-50-200x300.jpg 200w, http:\/\/www.susannavaris.com\/blogg\/wp-content\/uploads\/2014\/09\/DSC_0362-50-682x1024.jpg 682w\" sizes=\"auto, (max-width: 1536px) 100vw, 1536px\" \/><\/a><em>Grillm\u00e4stare Uffe och regnet det bara \u00f6ser ner&#8230;<\/em><\/p>\n<p style=\"text-align: center;\"><a href=\"http:\/\/www.susannavaris.com\/blogg\/wp-content\/uploads\/2014\/09\/DSC_0363-50.jpg\"><img loading=\"lazy\" decoding=\"async\" class=\"aligncenter size-full wp-image-13145\" src=\"http:\/\/www.susannavaris.com\/blogg\/wp-content\/uploads\/2014\/09\/DSC_0363-50.jpg\" alt=\"DSC_0363-50\" width=\"2304\" height=\"1536\" srcset=\"http:\/\/www.susannavaris.com\/blogg\/wp-content\/uploads\/2014\/09\/DSC_0363-50.jpg 2304w, http:\/\/www.susannavaris.com\/blogg\/wp-content\/uploads\/2014\/09\/DSC_0363-50-300x200.jpg 300w, http:\/\/www.susannavaris.com\/blogg\/wp-content\/uploads\/2014\/09\/DSC_0363-50-1024x682.jpg 1024w\" sizes=\"auto, (max-width: 2304px) 100vw, 2304px\" \/><\/a> <a href=\"http:\/\/www.susannavaris.com\/blogg\/wp-content\/uploads\/2014\/09\/DSC_0366-50.jpg\"><img loading=\"lazy\" decoding=\"async\" class=\"aligncenter size-full wp-image-13147\" src=\"http:\/\/www.susannavaris.com\/blogg\/wp-content\/uploads\/2014\/09\/DSC_0366-50.jpg\" alt=\"DSC_0366-50\" width=\"2304\" height=\"1536\" srcset=\"http:\/\/www.susannavaris.com\/blogg\/wp-content\/uploads\/2014\/09\/DSC_0366-50.jpg 2304w, http:\/\/www.susannavaris.com\/blogg\/wp-content\/uploads\/2014\/09\/DSC_0366-50-300x200.jpg 300w, http:\/\/www.susannavaris.com\/blogg\/wp-content\/uploads\/2014\/09\/DSC_0366-50-1024x682.jpg 1024w\" sizes=\"auto, (max-width: 2304px) 100vw, 2304px\" \/><\/a><em>De f\u00f6rsta dagarna gick i regnets tecken.<\/em><\/p>\n<p style=\"text-align: center;\"><a href=\"http:\/\/www.susannavaris.com\/blogg\/wp-content\/uploads\/2014\/09\/DSC_0364-50.jpg\"><img loading=\"lazy\" decoding=\"async\" class=\"aligncenter size-full wp-image-13146\" src=\"http:\/\/www.susannavaris.com\/blogg\/wp-content\/uploads\/2014\/09\/DSC_0364-50.jpg\" alt=\"DSC_0364-50\" width=\"1536\" height=\"2304\" srcset=\"http:\/\/www.susannavaris.com\/blogg\/wp-content\/uploads\/2014\/09\/DSC_0364-50.jpg 1536w, http:\/\/www.susannavaris.com\/blogg\/wp-content\/uploads\/2014\/09\/DSC_0364-50-200x300.jpg 200w, http:\/\/www.susannavaris.com\/blogg\/wp-content\/uploads\/2014\/09\/DSC_0364-50-682x1024.jpg 682w\" sizes=\"auto, (max-width: 1536px) 100vw, 1536px\" \/><\/a><em>Vi inhandlade ett g\u00e4ng sp\u00e4nnande \u00f6lsorter och denna Huvila pale ale (Sommarstuga pale ale) visade sig vara riktigt god.<\/em><\/p>\n<p style=\"text-align: center;\"><a href=\"http:\/\/www.susannavaris.com\/blogg\/wp-content\/uploads\/2014\/09\/DSC_0367-50.jpg\"><img loading=\"lazy\" decoding=\"async\" class=\"aligncenter size-full wp-image-13148\" src=\"http:\/\/www.susannavaris.com\/blogg\/wp-content\/uploads\/2014\/09\/DSC_0367-50.jpg\" alt=\"DSC_0367-50\" width=\"1393\" height=\"1879\" srcset=\"http:\/\/www.susannavaris.com\/blogg\/wp-content\/uploads\/2014\/09\/DSC_0367-50.jpg 1393w, http:\/\/www.susannavaris.com\/blogg\/wp-content\/uploads\/2014\/09\/DSC_0367-50-222x300.jpg 222w, http:\/\/www.susannavaris.com\/blogg\/wp-content\/uploads\/2014\/09\/DSC_0367-50-759x1024.jpg 759w\" sizes=\"auto, (max-width: 1393px) 100vw, 1393px\" \/><\/a><em>Ska det bastas (eller f\u00e5s n\u00e5gon v\u00e4rme i stugan f\u00f6r den delen), m\u00e5ste det huggas ved. F!-sarna har v\u00e4l sitt ymnighetshorn och k\u00f6per f\u00e4rdighugget kan t\u00e4nkas. Visst kan v\u00e4l kvinnor hugga ved, med klyvyxa helst, men med \u00e5ren blir det jobbigare.<\/em><\/p>\n<p style=\"text-align: center;\"><a href=\"http:\/\/www.susannavaris.com\/blogg\/wp-content\/uploads\/2014\/09\/DSC_0369-50.jpg\"><img loading=\"lazy\" decoding=\"async\" class=\"aligncenter size-full wp-image-13149\" src=\"http:\/\/www.susannavaris.com\/blogg\/wp-content\/uploads\/2014\/09\/DSC_0369-50.jpg\" alt=\"DSC_0369-50\" width=\"2304\" height=\"1536\" srcset=\"http:\/\/www.susannavaris.com\/blogg\/wp-content\/uploads\/2014\/09\/DSC_0369-50.jpg 2304w, http:\/\/www.susannavaris.com\/blogg\/wp-content\/uploads\/2014\/09\/DSC_0369-50-300x200.jpg 300w, http:\/\/www.susannavaris.com\/blogg\/wp-content\/uploads\/2014\/09\/DSC_0369-50-1024x682.jpg 1024w\" sizes=\"auto, (max-width: 2304px) 100vw, 2304px\" \/><\/a><em>H\u00e4r st\u00e5r jag, fastkedjad vid gasspisen och diskar. Jag kan dock inte p\u00e5st\u00e5 att jag k\u00e4nde de f\u00f6rtryckande strukturernas tyngd p\u00e5 mina axlar d\u00e5 jag slapp st\u00e5 ute i regnet och kunde se ut \u00f6ver sj\u00f6landskapet samt lyssna p\u00e5 lite Nostalgiaradio samtidigt som jag h\u00f6ll p\u00e5&#8230;<\/em><\/p>\n<p style=\"text-align: center;\"><a href=\"http:\/\/www.susannavaris.com\/blogg\/wp-content\/uploads\/2014\/09\/DSC_0370-50.jpg\"><img loading=\"lazy\" decoding=\"async\" class=\"aligncenter size-full wp-image-13150\" src=\"http:\/\/www.susannavaris.com\/blogg\/wp-content\/uploads\/2014\/09\/DSC_0370-50.jpg\" alt=\"DSC_0370-50\" width=\"1536\" height=\"2304\" srcset=\"http:\/\/www.susannavaris.com\/blogg\/wp-content\/uploads\/2014\/09\/DSC_0370-50.jpg 1536w, http:\/\/www.susannavaris.com\/blogg\/wp-content\/uploads\/2014\/09\/DSC_0370-50-200x300.jpg 200w, http:\/\/www.susannavaris.com\/blogg\/wp-content\/uploads\/2014\/09\/DSC_0370-50-682x1024.jpg 682w\" sizes=\"auto, (max-width: 1536px) 100vw, 1536px\" \/><\/a><em>En till ny bekantskap&#8230;<\/em><\/p>\n<p style=\"text-align: center;\"><a href=\"http:\/\/www.susannavaris.com\/blogg\/wp-content\/uploads\/2014\/09\/DSC_0889-50.jpg\"><img loading=\"lazy\" decoding=\"async\" class=\"aligncenter size-full wp-image-13173\" src=\"http:\/\/www.susannavaris.com\/blogg\/wp-content\/uploads\/2014\/09\/DSC_0889-50.jpg\" alt=\"DSC_0889-50\" width=\"1424\" height=\"2144\" srcset=\"http:\/\/www.susannavaris.com\/blogg\/wp-content\/uploads\/2014\/09\/DSC_0889-50.jpg 1424w, http:\/\/www.susannavaris.com\/blogg\/wp-content\/uploads\/2014\/09\/DSC_0889-50-199x300.jpg 199w, http:\/\/www.susannavaris.com\/blogg\/wp-content\/uploads\/2014\/09\/DSC_0889-50-680x1024.jpg 680w\" sizes=\"auto, (max-width: 1424px) 100vw, 1424px\" \/><\/a><em>I Salo f\u00f6r kv\u00e4llstorget. Vi passar p\u00e5 att vara lite kulturella. Moster (som r\u00e5kar blunda &#8211; det \u00e4r d\u00e4rf\u00f6r man alltid ska ta ett par bilder, tips till fotografen&#8230;) och jag.<\/em><\/p>\n<p style=\"text-align: center;\"><a href=\"http:\/\/www.susannavaris.com\/blogg\/wp-content\/uploads\/2014\/09\/DSC_0373-50.jpg\"><img loading=\"lazy\" decoding=\"async\" class=\"aligncenter size-full wp-image-13151\" src=\"http:\/\/www.susannavaris.com\/blogg\/wp-content\/uploads\/2014\/09\/DSC_0373-50.jpg\" alt=\"DSC_0373-50\" width=\"1572\" height=\"1412\" srcset=\"http:\/\/www.susannavaris.com\/blogg\/wp-content\/uploads\/2014\/09\/DSC_0373-50.jpg 1572w, http:\/\/www.susannavaris.com\/blogg\/wp-content\/uploads\/2014\/09\/DSC_0373-50-300x269.jpg 300w, http:\/\/www.susannavaris.com\/blogg\/wp-content\/uploads\/2014\/09\/DSC_0373-50-1024x919.jpg 1024w\" sizes=\"auto, (max-width: 1572px) 100vw, 1572px\" \/><\/a><em>En del sl\u00e4ktingar kunde slita sig fr\u00e5n sina f\u00f6rpliktelser och komma ner f\u00f6r att tr\u00e4ffa oss en stund vid kv\u00e4llstorget: kusin Hanna med kusinbarn Petrus och mostrarna Maija och Tiitti.<\/em><\/p>\n<p style=\"text-align: center;\"><a href=\"http:\/\/www.susannavaris.com\/blogg\/wp-content\/uploads\/2014\/09\/DSC_0374-50.jpg\"><img loading=\"lazy\" decoding=\"async\" class=\"aligncenter size-full wp-image-13152\" src=\"http:\/\/www.susannavaris.com\/blogg\/wp-content\/uploads\/2014\/09\/DSC_0374-50.jpg\" alt=\"DSC_0374-50\" width=\"2276\" height=\"1473\" srcset=\"http:\/\/www.susannavaris.com\/blogg\/wp-content\/uploads\/2014\/09\/DSC_0374-50.jpg 2276w, http:\/\/www.susannavaris.com\/blogg\/wp-content\/uploads\/2014\/09\/DSC_0374-50-300x194.jpg 300w, http:\/\/www.susannavaris.com\/blogg\/wp-content\/uploads\/2014\/09\/DSC_0374-50-1024x662.jpg 1024w\" sizes=\"auto, (max-width: 2276px) 100vw, 2276px\" \/><\/a> <a href=\"http:\/\/www.susannavaris.com\/blogg\/wp-content\/uploads\/2014\/09\/DSC_0379-50.jpg\"><img loading=\"lazy\" decoding=\"async\" class=\"aligncenter size-full wp-image-13153\" src=\"http:\/\/www.susannavaris.com\/blogg\/wp-content\/uploads\/2014\/09\/DSC_0379-50.jpg\" alt=\"DSC_0379-50\" width=\"2304\" height=\"1536\" srcset=\"http:\/\/www.susannavaris.com\/blogg\/wp-content\/uploads\/2014\/09\/DSC_0379-50.jpg 2304w, http:\/\/www.susannavaris.com\/blogg\/wp-content\/uploads\/2014\/09\/DSC_0379-50-300x200.jpg 300w, http:\/\/www.susannavaris.com\/blogg\/wp-content\/uploads\/2014\/09\/DSC_0379-50-1024x682.jpg 1024w\" sizes=\"auto, (max-width: 2304px) 100vw, 2304px\" \/><\/a><em>I krokarna kring kv\u00e4llstorget fortfarande.<\/em><\/p>\n<p style=\"text-align: center;\"><a href=\"http:\/\/www.susannavaris.com\/blogg\/wp-content\/uploads\/2014\/09\/DSC_0380-50.jpg\"><img loading=\"lazy\" decoding=\"async\" class=\"aligncenter size-full wp-image-13154\" src=\"http:\/\/www.susannavaris.com\/blogg\/wp-content\/uploads\/2014\/09\/DSC_0380-50.jpg\" alt=\"DSC_0380-50\" width=\"2304\" height=\"1536\" srcset=\"http:\/\/www.susannavaris.com\/blogg\/wp-content\/uploads\/2014\/09\/DSC_0380-50.jpg 2304w, http:\/\/www.susannavaris.com\/blogg\/wp-content\/uploads\/2014\/09\/DSC_0380-50-300x200.jpg 300w, http:\/\/www.susannavaris.com\/blogg\/wp-content\/uploads\/2014\/09\/DSC_0380-50-1024x682.jpg 1024w\" sizes=\"auto, (max-width: 2304px) 100vw, 2304px\" \/><\/a> <a href=\"http:\/\/www.susannavaris.com\/blogg\/wp-content\/uploads\/2014\/09\/DSC_0383-50.jpg\"><img loading=\"lazy\" decoding=\"async\" class=\"aligncenter size-full wp-image-13156\" src=\"http:\/\/www.susannavaris.com\/blogg\/wp-content\/uploads\/2014\/09\/DSC_0383-50.jpg\" alt=\"DSC_0383-50\" width=\"1536\" height=\"2304\" srcset=\"http:\/\/www.susannavaris.com\/blogg\/wp-content\/uploads\/2014\/09\/DSC_0383-50.jpg 1536w, http:\/\/www.susannavaris.com\/blogg\/wp-content\/uploads\/2014\/09\/DSC_0383-50-200x300.jpg 200w, http:\/\/www.susannavaris.com\/blogg\/wp-content\/uploads\/2014\/09\/DSC_0383-50-682x1024.jpg 682w\" sizes=\"auto, (max-width: 1536px) 100vw, 1536px\" \/><\/a><em>H\u00f6ets stund \u00e4r kommen med lite nytt tr\u00e5d till r\u00f6js\u00e5gen&#8230;<\/em><\/p>\n<p style=\"text-align: center;\"><a href=\"http:\/\/www.susannavaris.com\/blogg\/wp-content\/uploads\/2014\/09\/DSC_0382-50.jpg\"><img loading=\"lazy\" decoding=\"async\" class=\"aligncenter size-full wp-image-13155\" src=\"http:\/\/www.susannavaris.com\/blogg\/wp-content\/uploads\/2014\/09\/DSC_0382-50.jpg\" alt=\"DSC_0382-50\" width=\"1536\" height=\"2304\" srcset=\"http:\/\/www.susannavaris.com\/blogg\/wp-content\/uploads\/2014\/09\/DSC_0382-50.jpg 1536w, http:\/\/www.susannavaris.com\/blogg\/wp-content\/uploads\/2014\/09\/DSC_0382-50-200x300.jpg 200w, http:\/\/www.susannavaris.com\/blogg\/wp-content\/uploads\/2014\/09\/DSC_0382-50-682x1024.jpg 682w\" sizes=\"auto, (max-width: 1536px) 100vw, 1536px\" \/><\/a><em>Iron Maiden Trooper i \u00e5r igen&#8230;<\/em><\/p>\n<p style=\"text-align: center;\"><a href=\"http:\/\/www.susannavaris.com\/blogg\/wp-content\/uploads\/2014\/09\/DSC_0384-50.jpg\"><img loading=\"lazy\" decoding=\"async\" class=\"aligncenter size-full wp-image-13157\" src=\"http:\/\/www.susannavaris.com\/blogg\/wp-content\/uploads\/2014\/09\/DSC_0384-50.jpg\" alt=\"DSC_0384-50\" width=\"2304\" height=\"1536\" srcset=\"http:\/\/www.susannavaris.com\/blogg\/wp-content\/uploads\/2014\/09\/DSC_0384-50.jpg 2304w, http:\/\/www.susannavaris.com\/blogg\/wp-content\/uploads\/2014\/09\/DSC_0384-50-300x200.jpg 300w, http:\/\/www.susannavaris.com\/blogg\/wp-content\/uploads\/2014\/09\/DSC_0384-50-1024x682.jpg 1024w\" sizes=\"auto, (max-width: 2304px) 100vw, 2304px\" \/><\/a><em>Karl Johan fr\u00e5n stugans omedelbara n\u00e4rhet.<\/em><\/p>\n<p style=\"text-align: center;\"><a href=\"http:\/\/www.susannavaris.com\/blogg\/wp-content\/uploads\/2014\/09\/DSC_0385-50.jpg\"><img loading=\"lazy\" decoding=\"async\" class=\"aligncenter size-full wp-image-13158\" src=\"http:\/\/www.susannavaris.com\/blogg\/wp-content\/uploads\/2014\/09\/DSC_0385-50.jpg\" alt=\"DSC_0385-50\" width=\"2304\" height=\"1536\" srcset=\"http:\/\/www.susannavaris.com\/blogg\/wp-content\/uploads\/2014\/09\/DSC_0385-50.jpg 2304w, http:\/\/www.susannavaris.com\/blogg\/wp-content\/uploads\/2014\/09\/DSC_0385-50-300x200.jpg 300w, http:\/\/www.susannavaris.com\/blogg\/wp-content\/uploads\/2014\/09\/DSC_0385-50-1024x682.jpg 1024w\" sizes=\"auto, (max-width: 2304px) 100vw, 2304px\" \/><\/a> <a href=\"http:\/\/www.susannavaris.com\/blogg\/wp-content\/uploads\/2014\/09\/DSC_0386-50.jpg\"><img loading=\"lazy\" decoding=\"async\" class=\"aligncenter size-full wp-image-13159\" src=\"http:\/\/www.susannavaris.com\/blogg\/wp-content\/uploads\/2014\/09\/DSC_0386-50.jpg\" alt=\"DSC_0386-50\" width=\"2304\" height=\"1536\" srcset=\"http:\/\/www.susannavaris.com\/blogg\/wp-content\/uploads\/2014\/09\/DSC_0386-50.jpg 2304w, http:\/\/www.susannavaris.com\/blogg\/wp-content\/uploads\/2014\/09\/DSC_0386-50-300x200.jpg 300w, http:\/\/www.susannavaris.com\/blogg\/wp-content\/uploads\/2014\/09\/DSC_0386-50-1024x682.jpg 1024w\" sizes=\"auto, (max-width: 2304px) 100vw, 2304px\" \/><\/a><em>Kv\u00e4llsmys i stugan<\/em><\/p>\n<p style=\"text-align: center;\"><a href=\"http:\/\/www.susannavaris.com\/blogg\/wp-content\/uploads\/2014\/09\/DSC_0388-50.jpg\"><img loading=\"lazy\" decoding=\"async\" class=\"aligncenter size-full wp-image-13160\" src=\"http:\/\/www.susannavaris.com\/blogg\/wp-content\/uploads\/2014\/09\/DSC_0388-50.jpg\" alt=\"DSC_0388-50\" width=\"2304\" height=\"1536\" srcset=\"http:\/\/www.susannavaris.com\/blogg\/wp-content\/uploads\/2014\/09\/DSC_0388-50.jpg 2304w, http:\/\/www.susannavaris.com\/blogg\/wp-content\/uploads\/2014\/09\/DSC_0388-50-300x200.jpg 300w, http:\/\/www.susannavaris.com\/blogg\/wp-content\/uploads\/2014\/09\/DSC_0388-50-1024x682.jpg 1024w\" sizes=\"auto, (max-width: 2304px) 100vw, 2304px\" \/><\/a><em>Jag har hittills levt utan n\u00e5gon som helst skylt vid v\u00e4gen och t\u00e4nkte att det var dags att g\u00f6ra en. Den h\u00e4r f\u00e5r bli \u00e5tminstone en provisorisk s\u00e5dan.<\/em><\/p>\n<p style=\"text-align: center;\"><a href=\"http:\/\/www.susannavaris.com\/blogg\/wp-content\/uploads\/2014\/09\/DSC_0392-50.jpg\"><img loading=\"lazy\" decoding=\"async\" class=\"aligncenter size-full wp-image-13161\" src=\"http:\/\/www.susannavaris.com\/blogg\/wp-content\/uploads\/2014\/09\/DSC_0392-50.jpg\" alt=\"DSC_0392-50\" width=\"2304\" height=\"1536\" srcset=\"http:\/\/www.susannavaris.com\/blogg\/wp-content\/uploads\/2014\/09\/DSC_0392-50.jpg 2304w, http:\/\/www.susannavaris.com\/blogg\/wp-content\/uploads\/2014\/09\/DSC_0392-50-300x200.jpg 300w, http:\/\/www.susannavaris.com\/blogg\/wp-content\/uploads\/2014\/09\/DSC_0392-50-1024x682.jpg 1024w\" sizes=\"auto, (max-width: 2304px) 100vw, 2304px\" \/><\/a> <a href=\"http:\/\/www.susannavaris.com\/blogg\/wp-content\/uploads\/2014\/09\/DSC_0396-50.jpg\"><img loading=\"lazy\" decoding=\"async\" class=\"aligncenter size-full wp-image-13162\" src=\"http:\/\/www.susannavaris.com\/blogg\/wp-content\/uploads\/2014\/09\/DSC_0396-50.jpg\" alt=\"DSC_0396-50\" width=\"2304\" height=\"1536\" srcset=\"http:\/\/www.susannavaris.com\/blogg\/wp-content\/uploads\/2014\/09\/DSC_0396-50.jpg 2304w, http:\/\/www.susannavaris.com\/blogg\/wp-content\/uploads\/2014\/09\/DSC_0396-50-300x200.jpg 300w, http:\/\/www.susannavaris.com\/blogg\/wp-content\/uploads\/2014\/09\/DSC_0396-50-1024x682.jpg 1024w\" sizes=\"auto, (max-width: 2304px) 100vw, 2304px\" \/><\/a> <a href=\"http:\/\/www.susannavaris.com\/blogg\/wp-content\/uploads\/2014\/09\/DSC_0402-50.jpg\"><img loading=\"lazy\" decoding=\"async\" class=\"aligncenter size-full wp-image-13163\" src=\"http:\/\/www.susannavaris.com\/blogg\/wp-content\/uploads\/2014\/09\/DSC_0402-50.jpg\" alt=\"DSC_0402-50\" width=\"1536\" height=\"2304\" srcset=\"http:\/\/www.susannavaris.com\/blogg\/wp-content\/uploads\/2014\/09\/DSC_0402-50.jpg 1536w, http:\/\/www.susannavaris.com\/blogg\/wp-content\/uploads\/2014\/09\/DSC_0402-50-200x300.jpg 200w, http:\/\/www.susannavaris.com\/blogg\/wp-content\/uploads\/2014\/09\/DSC_0402-50-682x1024.jpg 682w\" sizes=\"auto, (max-width: 1536px) 100vw, 1536px\" \/><\/a><em>P\u00e5 promenad i trakterna.<\/em><\/p>\n<p style=\"text-align: center;\"><a href=\"http:\/\/www.susannavaris.com\/blogg\/wp-content\/uploads\/2014\/09\/DSC_0893-50.jpg\"><img loading=\"lazy\" decoding=\"async\" class=\"aligncenter size-full wp-image-13174\" src=\"http:\/\/www.susannavaris.com\/blogg\/wp-content\/uploads\/2014\/09\/DSC_0893-50.jpg\" alt=\"DSC_0893-50\" width=\"1424\" height=\"2144\" srcset=\"http:\/\/www.susannavaris.com\/blogg\/wp-content\/uploads\/2014\/09\/DSC_0893-50.jpg 1424w, http:\/\/www.susannavaris.com\/blogg\/wp-content\/uploads\/2014\/09\/DSC_0893-50-199x300.jpg 199w, http:\/\/www.susannavaris.com\/blogg\/wp-content\/uploads\/2014\/09\/DSC_0893-50-680x1024.jpg 680w\" sizes=\"auto, (max-width: 1424px) 100vw, 1424px\" \/><\/a><\/p>\n<p style=\"text-align: center;\"><a href=\"http:\/\/www.susannavaris.com\/blogg\/wp-content\/uploads\/2014\/09\/DSC_0420.jpg\"><img loading=\"lazy\" decoding=\"async\" class=\"aligncenter size-full wp-image-13164\" src=\"http:\/\/www.susannavaris.com\/blogg\/wp-content\/uploads\/2014\/09\/DSC_0420.jpg\" alt=\"DSC_0420\" width=\"3072\" height=\"4608\" srcset=\"http:\/\/www.susannavaris.com\/blogg\/wp-content\/uploads\/2014\/09\/DSC_0420.jpg 3072w, http:\/\/www.susannavaris.com\/blogg\/wp-content\/uploads\/2014\/09\/DSC_0420-200x300.jpg 200w, http:\/\/www.susannavaris.com\/blogg\/wp-content\/uploads\/2014\/09\/DSC_0420-682x1024.jpg 682w\" sizes=\"auto, (max-width: 3072px) 100vw, 3072px\" \/><\/a> <a href=\"http:\/\/www.susannavaris.com\/blogg\/wp-content\/uploads\/2014\/09\/DSC_0421-50.jpg\"><img loading=\"lazy\" decoding=\"async\" class=\"aligncenter size-full wp-image-13165\" src=\"http:\/\/www.susannavaris.com\/blogg\/wp-content\/uploads\/2014\/09\/DSC_0421-50.jpg\" alt=\"DSC_0421-50\" width=\"1536\" height=\"2304\" srcset=\"http:\/\/www.susannavaris.com\/blogg\/wp-content\/uploads\/2014\/09\/DSC_0421-50.jpg 1536w, http:\/\/www.susannavaris.com\/blogg\/wp-content\/uploads\/2014\/09\/DSC_0421-50-200x300.jpg 200w, http:\/\/www.susannavaris.com\/blogg\/wp-content\/uploads\/2014\/09\/DSC_0421-50-682x1024.jpg 682w\" sizes=\"auto, (max-width: 1536px) 100vw, 1536px\" \/><\/a> <a href=\"http:\/\/www.susannavaris.com\/blogg\/wp-content\/uploads\/2014\/09\/DSC_0426-50.jpg\"><img loading=\"lazy\" decoding=\"async\" class=\"aligncenter size-full wp-image-13166\" src=\"http:\/\/www.susannavaris.com\/blogg\/wp-content\/uploads\/2014\/09\/DSC_0426-50.jpg\" alt=\"DSC_0426-50\" width=\"1536\" height=\"2304\" srcset=\"http:\/\/www.susannavaris.com\/blogg\/wp-content\/uploads\/2014\/09\/DSC_0426-50.jpg 1536w, http:\/\/www.susannavaris.com\/blogg\/wp-content\/uploads\/2014\/09\/DSC_0426-50-200x300.jpg 200w, http:\/\/www.susannavaris.com\/blogg\/wp-content\/uploads\/2014\/09\/DSC_0426-50-682x1024.jpg 682w\" sizes=\"auto, (max-width: 1536px) 100vw, 1536px\" \/><\/a><em>Promenad till aff\u00e4ren. Det blev \u00f6verv\u00e4ldigande v\u00e4ldigt m\u00e4rkliga bilder fr\u00e5n den h\u00e4r resan, bilder som jag ska anv\u00e4nda i konsten.<\/em><\/p>\n<p style=\"text-align: center;\"><a href=\"http:\/\/www.susannavaris.com\/blogg\/wp-content\/uploads\/2014\/09\/DSC_0459.jpg\"><img loading=\"lazy\" decoding=\"async\" class=\"aligncenter size-full wp-image-13180\" src=\"http:\/\/www.susannavaris.com\/blogg\/wp-content\/uploads\/2014\/09\/DSC_0459.jpg\" alt=\"DSC_0459\" width=\"3072\" height=\"4608\" srcset=\"http:\/\/www.susannavaris.com\/blogg\/wp-content\/uploads\/2014\/09\/DSC_0459.jpg 3072w, http:\/\/www.susannavaris.com\/blogg\/wp-content\/uploads\/2014\/09\/DSC_0459-200x300.jpg 200w, http:\/\/www.susannavaris.com\/blogg\/wp-content\/uploads\/2014\/09\/DSC_0459-682x1024.jpg 682w\" sizes=\"auto, (max-width: 3072px) 100vw, 3072px\" \/><\/a><em>Big city Kitula. <\/em><\/p>\n<p style=\"text-align: center;\"><a href=\"http:\/\/www.susannavaris.com\/blogg\/wp-content\/uploads\/2014\/09\/DSC_0461-50.jpg\"><img loading=\"lazy\" decoding=\"async\" class=\"aligncenter size-full wp-image-13167\" src=\"http:\/\/www.susannavaris.com\/blogg\/wp-content\/uploads\/2014\/09\/DSC_0461-50.jpg\" alt=\"DSC_0461-50\" width=\"2304\" height=\"1536\" srcset=\"http:\/\/www.susannavaris.com\/blogg\/wp-content\/uploads\/2014\/09\/DSC_0461-50.jpg 2304w, http:\/\/www.susannavaris.com\/blogg\/wp-content\/uploads\/2014\/09\/DSC_0461-50-300x200.jpg 300w, http:\/\/www.susannavaris.com\/blogg\/wp-content\/uploads\/2014\/09\/DSC_0461-50-1024x682.jpg 1024w\" sizes=\"auto, (max-width: 2304px) 100vw, 2304px\" \/><\/a> <a href=\"http:\/\/www.susannavaris.com\/blogg\/wp-content\/uploads\/2014\/09\/DSC_0462-50.jpg\"><img loading=\"lazy\" decoding=\"async\" class=\"aligncenter size-full wp-image-13168\" src=\"http:\/\/www.susannavaris.com\/blogg\/wp-content\/uploads\/2014\/09\/DSC_0462-50.jpg\" alt=\"DSC_0462-50\" width=\"1536\" height=\"2304\" srcset=\"http:\/\/www.susannavaris.com\/blogg\/wp-content\/uploads\/2014\/09\/DSC_0462-50.jpg 1536w, http:\/\/www.susannavaris.com\/blogg\/wp-content\/uploads\/2014\/09\/DSC_0462-50-200x300.jpg 200w, http:\/\/www.susannavaris.com\/blogg\/wp-content\/uploads\/2014\/09\/DSC_0462-50-682x1024.jpg 682w\" sizes=\"auto, (max-width: 1536px) 100vw, 1536px\" \/><\/a> <a href=\"http:\/\/www.susannavaris.com\/blogg\/wp-content\/uploads\/2014\/09\/DSC_0463-50.jpg\"><img loading=\"lazy\" decoding=\"async\" class=\"aligncenter size-full wp-image-13169\" src=\"http:\/\/www.susannavaris.com\/blogg\/wp-content\/uploads\/2014\/09\/DSC_0463-50.jpg\" alt=\"DSC_0463-50\" width=\"2304\" height=\"1536\" srcset=\"http:\/\/www.susannavaris.com\/blogg\/wp-content\/uploads\/2014\/09\/DSC_0463-50.jpg 2304w, http:\/\/www.susannavaris.com\/blogg\/wp-content\/uploads\/2014\/09\/DSC_0463-50-300x200.jpg 300w, http:\/\/www.susannavaris.com\/blogg\/wp-content\/uploads\/2014\/09\/DSC_0463-50-1024x682.jpg 1024w\" sizes=\"auto, (max-width: 2304px) 100vw, 2304px\" \/><\/a> <a href=\"http:\/\/www.susannavaris.com\/blogg\/wp-content\/uploads\/2014\/09\/DSC_0464-50.jpg\"><img loading=\"lazy\" decoding=\"async\" class=\"aligncenter size-full wp-image-13170\" src=\"http:\/\/www.susannavaris.com\/blogg\/wp-content\/uploads\/2014\/09\/DSC_0464-50.jpg\" alt=\"DSC_0464-50\" width=\"1536\" height=\"2304\" srcset=\"http:\/\/www.susannavaris.com\/blogg\/wp-content\/uploads\/2014\/09\/DSC_0464-50.jpg 1536w, http:\/\/www.susannavaris.com\/blogg\/wp-content\/uploads\/2014\/09\/DSC_0464-50-200x300.jpg 200w, http:\/\/www.susannavaris.com\/blogg\/wp-content\/uploads\/2014\/09\/DSC_0464-50-682x1024.jpg 682w\" sizes=\"auto, (max-width: 1536px) 100vw, 1536px\" \/><\/a> <a href=\"http:\/\/www.susannavaris.com\/blogg\/wp-content\/uploads\/2014\/09\/DSC_0465-50.jpg\"><img loading=\"lazy\" decoding=\"async\" class=\"aligncenter size-full wp-image-13171\" src=\"http:\/\/www.susannavaris.com\/blogg\/wp-content\/uploads\/2014\/09\/DSC_0465-50.jpg\" alt=\"DSC_0465-50\" width=\"2304\" height=\"1536\" srcset=\"http:\/\/www.susannavaris.com\/blogg\/wp-content\/uploads\/2014\/09\/DSC_0465-50.jpg 2304w, http:\/\/www.susannavaris.com\/blogg\/wp-content\/uploads\/2014\/09\/DSC_0465-50-300x200.jpg 300w, http:\/\/www.susannavaris.com\/blogg\/wp-content\/uploads\/2014\/09\/DSC_0465-50-1024x682.jpg 1024w\" sizes=\"auto, (max-width: 2304px) 100vw, 2304px\" \/><\/a><em>Kv\u00e4ll \u00f6ver sj\u00f6n.<\/em><\/p>\n<p style=\"text-align: center;\"><a href=\"http:\/\/www.susannavaris.com\/blogg\/wp-content\/uploads\/2014\/09\/DSC_0477-50.jpg\"><img loading=\"lazy\" decoding=\"async\" class=\"aligncenter size-full wp-image-13172\" src=\"http:\/\/www.susannavaris.com\/blogg\/wp-content\/uploads\/2014\/09\/DSC_0477-50.jpg\" alt=\"DSC_0477-50\" width=\"1536\" height=\"2304\" srcset=\"http:\/\/www.susannavaris.com\/blogg\/wp-content\/uploads\/2014\/09\/DSC_0477-50.jpg 1536w, http:\/\/www.susannavaris.com\/blogg\/wp-content\/uploads\/2014\/09\/DSC_0477-50-200x300.jpg 200w, http:\/\/www.susannavaris.com\/blogg\/wp-content\/uploads\/2014\/09\/DSC_0477-50-682x1024.jpg 682w\" sizes=\"auto, (max-width: 1536px) 100vw, 1536px\" \/><\/a><em>Oyster Stout, mycket god! Uffe myser efter bastun. Jag har \u00e4rvt blomtavlan i bakgrunden, ifall ni undrar&#8230; ;)<\/em><\/p>\n<p style=\"text-align: center;\"><a href=\"http:\/\/www.susannavaris.com\/blogg\/wp-content\/uploads\/2014\/09\/DSC_0906-uffe-50.jpg\"><img loading=\"lazy\" decoding=\"async\" class=\"aligncenter size-full wp-image-13176\" src=\"http:\/\/www.susannavaris.com\/blogg\/wp-content\/uploads\/2014\/09\/DSC_0906-uffe-50.jpg\" alt=\"DSC_0906-uffe-50\" width=\"1424\" height=\"2144\" srcset=\"http:\/\/www.susannavaris.com\/blogg\/wp-content\/uploads\/2014\/09\/DSC_0906-uffe-50.jpg 1424w, http:\/\/www.susannavaris.com\/blogg\/wp-content\/uploads\/2014\/09\/DSC_0906-uffe-50-199x300.jpg 199w, http:\/\/www.susannavaris.com\/blogg\/wp-content\/uploads\/2014\/09\/DSC_0906-uffe-50-680x1024.jpg 680w\" sizes=\"auto, (max-width: 1424px) 100vw, 1424px\" \/><\/a><em>Jag i n\u00e4rkamp med skittunnan.<\/em><\/p>\n<p style=\"text-align: center;\"><a href=\"http:\/\/www.susannavaris.com\/blogg\/wp-content\/uploads\/2014\/09\/DSC_0911-uffe-50.jpg\"><img loading=\"lazy\" decoding=\"async\" class=\"aligncenter size-full wp-image-13177\" src=\"http:\/\/www.susannavaris.com\/blogg\/wp-content\/uploads\/2014\/09\/DSC_0911-uffe-50.jpg\" alt=\"DSC_0911-uffe-50\" width=\"2144\" height=\"1424\" srcset=\"http:\/\/www.susannavaris.com\/blogg\/wp-content\/uploads\/2014\/09\/DSC_0911-uffe-50.jpg 2144w, http:\/\/www.susannavaris.com\/blogg\/wp-content\/uploads\/2014\/09\/DSC_0911-uffe-50-300x199.jpg 300w, http:\/\/www.susannavaris.com\/blogg\/wp-content\/uploads\/2014\/09\/DSC_0911-uffe-50-1024x680.jpg 1024w\" sizes=\"auto, (max-width: 2144px) 100vw, 2144px\" \/><\/a><em>Imse vimse p\u00e5 bryggan. Foto: Ulf Holm\u00e9n<\/em><\/p>\n<p style=\"text-align: center;\"><a href=\"http:\/\/www.susannavaris.com\/blogg\/wp-content\/uploads\/2014\/09\/DSC_0913-50.jpg\"><img loading=\"lazy\" decoding=\"async\" class=\"aligncenter size-full wp-image-13178\" src=\"http:\/\/www.susannavaris.com\/blogg\/wp-content\/uploads\/2014\/09\/DSC_0913-50.jpg\" alt=\"DSC_0913-50\" width=\"1318\" height=\"1710\" srcset=\"http:\/\/www.susannavaris.com\/blogg\/wp-content\/uploads\/2014\/09\/DSC_0913-50.jpg 1318w, http:\/\/www.susannavaris.com\/blogg\/wp-content\/uploads\/2014\/09\/DSC_0913-50-231x300.jpg 231w, http:\/\/www.susannavaris.com\/blogg\/wp-content\/uploads\/2014\/09\/DSC_0913-50-789x1024.jpg 789w\" sizes=\"auto, (max-width: 1318px) 100vw, 1318px\" \/><\/a><em>Hemf\u00e4rd. Fyra Bugg och en Coca Cola \u00e4r inte riktigt Uffes melodi&#8230;<\/em><\/p>\n<p style=\"text-align: center;\"><a href=\"http:\/\/www.susannavaris.com\/blogg\/wp-content\/uploads\/2014\/09\/DSC_0914-uffe-50.jpg\"><img loading=\"lazy\" decoding=\"async\" class=\"aligncenter size-full wp-image-13179\" src=\"http:\/\/www.susannavaris.com\/blogg\/wp-content\/uploads\/2014\/09\/DSC_0914-uffe-50.jpg\" alt=\"DSC_0914-uffe-50\" width=\"1424\" height=\"2144\" srcset=\"http:\/\/www.susannavaris.com\/blogg\/wp-content\/uploads\/2014\/09\/DSC_0914-uffe-50.jpg 1424w, http:\/\/www.susannavaris.com\/blogg\/wp-content\/uploads\/2014\/09\/DSC_0914-uffe-50-199x300.jpg 199w, http:\/\/www.susannavaris.com\/blogg\/wp-content\/uploads\/2014\/09\/DSC_0914-uffe-50-680x1024.jpg 680w\" sizes=\"auto, (max-width: 1424px) 100vw, 1424px\" \/><\/a><em>Sk\u00e4rg\u00e5rden ser ut som en Lapin Kulta-reklam. <\/em><\/p>\n<p style=\"text-align: left;\">Som sagt, hemma igen och semestern lider mot sitt slut. Vart tog den v\u00e4gen egentligen?<\/p>\n<p style=\"text-align: center;\">\n","protected":false},"excerpt":{"rendered":"<p>Aaaah! (&#8221;Hmmm&#8230;daaa!&#8221;, som Linus p\u00e5 Linjen n\u00e4r han vaknar upp i b\u00f6rjan av varje avsnitt) &#8211; rinnande vatten! Vi \u00e4r tillbaka i civilisationen fr\u00e5n \u00e5rets \u00e4ventyrsresa till min underbart amish-aktiga och med antika faciliteter utrustade sommarstuga. Den borde vara rena &hellip; <a href=\"http:\/\/www.susannavaris.com\/blogg\/2014\/09\/tillbaka-fran-finland\/\">Forts\u00e4tt l\u00e4sa <span class=\"meta-nav\">&rarr;<\/span><\/a><\/p>\n","protected":false},"author":1,"featured_media":0,"comment_status":"open","ping_status":"open","sticky":false,"template":"","format":"standard","meta":{"footnotes":""},"categories":[181,107,1321,1162,1,590],"tags":[3557,4900,3558,4896,4899,4217,2339,499,2233,3327,509,4218],"class_list":["post-13140","post","type-post","status-publish","format-standard","hentry","category-feminism","category-finland","category-jamstalldhet","category-kultur","category-okategoriserade","category-politik","tag-f","tag-feminism","tag-feministiskt-initiativ","tag-finland","tag-genus","tag-iltatori","tag-miljopartiet","tag-salo","tag-semester","tag-stugan","tag-suomusjarvi","tag-vansterpartiet"],"_links":{"self":[{"href":"http:\/\/www.susannavaris.com\/blogg\/wp-json\/wp\/v2\/posts\/13140","targetHints":{"allow":["GET"]}}],"collection":[{"href":"http:\/\/www.susannavaris.com\/blogg\/wp-json\/wp\/v2\/posts"}],"about":[{"href":"http:\/\/www.susannavaris.com\/blogg\/wp-json\/wp\/v2\/types\/post"}],"author":[{"embeddable":true,"href":"http:\/\/www.susannavaris.com\/blogg\/wp-json\/wp\/v2\/users\/1"}],"replies":[{"embeddable":true,"href":"http:\/\/www.susannavaris.com\/blogg\/wp-json\/wp\/v2\/comments?post=13140"}],"version-history":[{"count":1,"href":"http:\/\/www.susannavaris.com\/blogg\/wp-json\/wp\/v2\/posts\/13140\/revisions"}],"predecessor-version":[{"id":13181,"href":"http:\/\/www.susannavaris.com\/blogg\/wp-json\/wp\/v2\/posts\/13140\/revisions\/13181"}],"wp:attachment":[{"href":"http:\/\/www.susannavaris.com\/blogg\/wp-json\/wp\/v2\/media?parent=13140"}],"wp:term":[{"taxonomy":"category","embeddable":true,"href":"http:\/\/www.susannavaris.com\/blogg\/wp-json\/wp\/v2\/categories?post=13140"},{"taxonomy":"post_tag","embeddable":true,"href":"http:\/\/www.susannavaris.com\/blogg\/wp-json\/wp\/v2\/tags?post=13140"}],"curies":[{"name":"wp","href":"https:\/\/api.w.org\/{rel}","templated":true}]}}