{"id":13249,"date":"2014-09-09T15:05:57","date_gmt":"2014-09-09T13:05:57","guid":{"rendered":"http:\/\/www.susannavaris.com\/blogg\/?p=13249"},"modified":"2014-09-09T15:07:31","modified_gmt":"2014-09-09T13:07:31","slug":"f-for-del-lede","status":"publish","type":"post","link":"http:\/\/www.susannavaris.com\/blogg\/2014\/09\/f-for-del-lede\/","title":{"rendered":"F! f\u00f6r den lede"},"content":{"rendered":"<p>F! \u00e4r ett parti som i dessa dagar levererar en aldrig sinande str\u00f6m av stollerier. Bortsett fr\u00e5n partiets v\u00e4lk\u00e4nt l\u00e4ttsinniga\u00a0<a href=\"http:\/\/www.dn.se\/valet-2014\/fi-krav-en-tuff-utmaning-for-socialdemokraterna\/\">inst\u00e4llning<\/a> till (andras) pengar:<\/p>\n<blockquote><p>&#8221;\u2013\u2009Vi har inte en budget med fullst\u00e4ndig int\u00e4ktssida och fullst\u00e4ndig utgiftssida. Men det \u00e4r inte r\u00e4tt att s\u00e4ga att vi inte har id\u00e9er om hur vi ska finansiera v\u00e5ra f\u00f6rslag, s\u00e4ger Hermele.<\/p>\n<p>Finansieringen best\u00e5r av sammanlagt drygt 100 miljarder kronor i ber\u00e4knade skatteh\u00f6jningar, att j\u00e4mf\u00f6ra med Socialdemokraternas cirka 40. Fi vill till exempel h\u00f6ja inkomstskatten med 18 miljarder mer \u00e4n S och h\u00f6ja arbetsgivaravgiften med 7 miljarder mer.<\/p>\n<p>Dessutom \u00f6nskar Fi att \u00e5terinf\u00f6ra skatter p\u00e5 f\u00f6rm\u00f6genhet, arv och g\u00e5vor, n\u00e5got som ligger ut\u00f6ver de 100 miljarder kronor man redovisar. Socialdemokraterna vill inte f\u00f6rknippas med dessa skatter.<\/p>\n<p><strong>I Fi-manifestet f\u00f6rs<\/strong> inte heller n\u00e5gra resonemang om hur resurser skapas i ekonomin. Det st\u00e5r att feministisk ekonomisk politik inte handlar om \u201dnya inkomster\u201d utan om att anv\u00e4nda befintliga resurser till att skapa ett j\u00e4mst\u00e4llt samh\u00e4lle. Pengarna vill man bland annat l\u00e4gga p\u00e5 kvinnol\u00f6ner och h\u00f6gre pensioner till de fattigaste pension\u00e4rerna, i huvudsak kvinnor.<\/p>\n<p>\u2013\u2009Vi utg\u00e5r ifr\u00e5n att ekonomin \u00e4r i g\u00e5ng och s\u00e5 vill vi vrida om det, \u00ads\u00e4ger Hermele.&#8221;<\/p><\/blockquote>\n<p>Den sista i raden av mediajippon som partiet snickrat ihop \u00e4r att klistra fast rosa glas\u00f6gon p\u00e5 personer p\u00e5 andra partiers valaffischer. L\u00f6jesguiden har kommenterat det hela <a href=\"http:\/\/lojesguiden.wordpress.com\/2014\/09\/08\/f-fan\/\">h\u00e4r<\/a> och Toklandet\/WTF <a href=\"http:\/\/toklandet.wordpress.com\/2014\/09\/08\/fi-som-inga-valaffischer-har\/\">h\u00e4r<\/a>. Birgitta Ohlsson (FP)\u00a0<a href=\"http:\/\/www.dn.se\/valet-2014\/fis-kampanj-ett-angrepp-pa-yttrandefriheten\/\">beskriver<\/a> tilltaget som ett angrepp p\u00e5 yttrandefriheten, vilket det alldeles riktigt \u00e4r. Man kan \u00e4ven kalla det f\u00f6r ett brott mot demokratin. Juridiskt sett kan det klassas som \u00e5tminstone skadeg\u00f6relse (Om min eminenta l\u00e4sekrets vet andra lagar som skadeg\u00f6relse och vandalisering av valaffischer \u00e4r ett brott mot, s\u00e5 ber\u00e4tta g\u00e4rna!).<\/p>\n<p>Reaktionerna fr\u00e5n Schyman och andra partimedlemmar och -anh\u00e4ngare har varit arroganta:<\/p>\n<blockquote><p>&#8221;Fi-ledaren Gudrun Schyman f\u00f6rsvarar partiv\u00e4nnernas tilltag och kallar i en intervju med TT kuppen f\u00f6r \u201den liten opinionsyttring med glimten i \u00f6gat.\u201d&#8221;<\/p>\n<p><a href=\"http:\/\/www.susannavaris.com\/blogg\/wp-content\/uploads\/2014\/09\/figlas\u00f6gontweet140908.jpg\"><img loading=\"lazy\" decoding=\"async\" class=\"aligncenter size-full wp-image-13250\" src=\"http:\/\/www.susannavaris.com\/blogg\/wp-content\/uploads\/2014\/09\/figlas\u00f6gontweet140908.jpg\" alt=\"figlas\u00f6gontweet140908\" width=\"547\" height=\"120\" srcset=\"http:\/\/www.susannavaris.com\/blogg\/wp-content\/uploads\/2014\/09\/figlas\u00f6gontweet140908.jpg 547w, http:\/\/www.susannavaris.com\/blogg\/wp-content\/uploads\/2014\/09\/figlas\u00f6gontweet140908-300x65.jpg 300w\" sizes=\"auto, (max-width: 547px) 100vw, 547px\" \/><\/a><\/p><\/blockquote>\n<p><a href=\"http:\/\/www.susannavaris.com\/blogg\/wp-content\/uploads\/2014\/09\/fi01.jpg\"><img loading=\"lazy\" decoding=\"async\" class=\"aligncenter size-full wp-image-13251\" src=\"http:\/\/www.susannavaris.com\/blogg\/wp-content\/uploads\/2014\/09\/fi01.jpg\" alt=\"fi01\" width=\"596\" height=\"142\" srcset=\"http:\/\/www.susannavaris.com\/blogg\/wp-content\/uploads\/2014\/09\/fi01.jpg 596w, http:\/\/www.susannavaris.com\/blogg\/wp-content\/uploads\/2014\/09\/fi01-300x71.jpg 300w\" sizes=\"auto, (max-width: 596px) 100vw, 596px\" \/><\/a> <a href=\"http:\/\/www.susannavaris.com\/blogg\/wp-content\/uploads\/2014\/09\/fi02.jpg\"><img loading=\"lazy\" decoding=\"async\" class=\"aligncenter size-full wp-image-13252\" src=\"http:\/\/www.susannavaris.com\/blogg\/wp-content\/uploads\/2014\/09\/fi02.jpg\" alt=\"fi02\" width=\"593\" height=\"145\" srcset=\"http:\/\/www.susannavaris.com\/blogg\/wp-content\/uploads\/2014\/09\/fi02.jpg 593w, http:\/\/www.susannavaris.com\/blogg\/wp-content\/uploads\/2014\/09\/fi02-300x73.jpg 300w\" sizes=\"auto, (max-width: 593px) 100vw, 593px\" \/><\/a> <a href=\"http:\/\/www.susannavaris.com\/blogg\/wp-content\/uploads\/2014\/09\/fi03.jpg\"><img loading=\"lazy\" decoding=\"async\" class=\"aligncenter size-full wp-image-13253\" src=\"http:\/\/www.susannavaris.com\/blogg\/wp-content\/uploads\/2014\/09\/fi03.jpg\" alt=\"fi03\" width=\"597\" height=\"146\" srcset=\"http:\/\/www.susannavaris.com\/blogg\/wp-content\/uploads\/2014\/09\/fi03.jpg 597w, http:\/\/www.susannavaris.com\/blogg\/wp-content\/uploads\/2014\/09\/fi03-300x73.jpg 300w\" sizes=\"auto, (max-width: 597px) 100vw, 597px\" \/><\/a> <a href=\"http:\/\/www.susannavaris.com\/blogg\/wp-content\/uploads\/2014\/09\/fi04.jpg\"><img loading=\"lazy\" decoding=\"async\" class=\"aligncenter size-full wp-image-13254\" src=\"http:\/\/www.susannavaris.com\/blogg\/wp-content\/uploads\/2014\/09\/fi04.jpg\" alt=\"fi04\" width=\"592\" height=\"168\" srcset=\"http:\/\/www.susannavaris.com\/blogg\/wp-content\/uploads\/2014\/09\/fi04.jpg 592w, http:\/\/www.susannavaris.com\/blogg\/wp-content\/uploads\/2014\/09\/fi04-300x85.jpg 300w\" sizes=\"auto, (max-width: 592px) 100vw, 592px\" \/><\/a> <a href=\"http:\/\/www.susannavaris.com\/blogg\/wp-content\/uploads\/2014\/09\/fi05.jpg\"><img loading=\"lazy\" decoding=\"async\" class=\"aligncenter size-full wp-image-13255\" src=\"http:\/\/www.susannavaris.com\/blogg\/wp-content\/uploads\/2014\/09\/fi05.jpg\" alt=\"fi05\" width=\"479\" height=\"428\" srcset=\"http:\/\/www.susannavaris.com\/blogg\/wp-content\/uploads\/2014\/09\/fi05.jpg 479w, http:\/\/www.susannavaris.com\/blogg\/wp-content\/uploads\/2014\/09\/fi05-300x268.jpg 300w\" sizes=\"auto, (max-width: 479px) 100vw, 479px\" \/><\/a> <a href=\"http:\/\/www.susannavaris.com\/blogg\/wp-content\/uploads\/2014\/09\/fi06.jpg\"><img loading=\"lazy\" decoding=\"async\" class=\"aligncenter size-full wp-image-13256\" src=\"http:\/\/www.susannavaris.com\/blogg\/wp-content\/uploads\/2014\/09\/fi06.jpg\" alt=\"fi06\" width=\"398\" height=\"437\" srcset=\"http:\/\/www.susannavaris.com\/blogg\/wp-content\/uploads\/2014\/09\/fi06.jpg 398w, http:\/\/www.susannavaris.com\/blogg\/wp-content\/uploads\/2014\/09\/fi06-273x300.jpg 273w\" sizes=\"auto, (max-width: 398px) 100vw, 398px\" \/><\/a><\/p>\n<p>&nbsp;<\/p>\n<p>Tweetsen ovan \u00e4r delade av F! sj\u00e4lva och allts\u00e5 s\u00e5dant man gissningsvis st\u00e5r f\u00f6r. Jag h\u00e5ller inte med F! om det mesta och anser att om den politik de f\u00f6respr\u00e5kar skulle genomdrivas skulle det inneb\u00e4ra en katastrof f\u00f6r samh\u00e4llet och f\u00f6r Sverige, men jag anser att det \u00e4r precis lika avskyv\u00e4rt att vandalisera F!:s valstugor som det \u00e4r att pinka p\u00e5 andra partiers valpropaganda. H\u00e4ftmassa g\u00e5r att ta bort, men sj\u00e4lva id\u00e9n &#8211; att ockupera andra partiers budskap &#8211; \u00e4r det som \u00e4r det viktiga h\u00e4r. F! har ensidigt best\u00e4mt sig att s\u00e4tta sig p\u00e5 andra partiers affischer och kacka ut sitt budskap. Skulle F! tycka att det var lika roligt med till exempel clown-n\u00e4sor eller diktatorsmustascher p\u00e5 sina affischer? Eller budskap som: &#8221;Ge oss dina pengar s\u00e5 br\u00e4nner vi upp dem&#8221;? Troligtvis inte.<\/p>\n<p>&nbsp;<\/p>\n<p>&nbsp;<\/p>\n","protected":false},"excerpt":{"rendered":"<p>F! \u00e4r ett parti som i dessa dagar levererar en aldrig sinande str\u00f6m av stollerier. Bortsett fr\u00e5n partiets v\u00e4lk\u00e4nt l\u00e4ttsinniga\u00a0inst\u00e4llning till (andras) pengar: &#8221;\u2013\u2009Vi har inte en budget med fullst\u00e4ndig int\u00e4ktssida och fullst\u00e4ndig utgiftssida. Men det \u00e4r inte r\u00e4tt att &hellip; <a href=\"http:\/\/www.susannavaris.com\/blogg\/2014\/09\/f-for-del-lede\/\">Forts\u00e4tt l\u00e4sa <span class=\"meta-nav\">&rarr;<\/span><\/a><\/p>\n","protected":false},"author":1,"featured_media":0,"comment_status":"open","ping_status":"open","sticky":false,"template":"","format":"standard","meta":{"footnotes":""},"categories":[178,181,3358,1321,589,1,590,303],"tags":[3557,4900,3558,2047,1981,4238,4239,4021,4237,1189],"class_list":["post-13249","post","type-post","status-publish","format-standard","hentry","category-blodtryckshojare","category-feminism","category-identitetspolitik","category-jamstalldhet","category-medier","category-okategoriserade","category-politik","category-religion","tag-f","tag-feminism","tag-feministiskt-initiativ","tag-gudrun-schyman","tag-kampanj","tag-rosa-glasogon","tag-sabotering","tag-val","tag-valaffisch","tag-vandalisering"],"_links":{"self":[{"href":"http:\/\/www.susannavaris.com\/blogg\/wp-json\/wp\/v2\/posts\/13249","targetHints":{"allow":["GET"]}}],"collection":[{"href":"http:\/\/www.susannavaris.com\/blogg\/wp-json\/wp\/v2\/posts"}],"about":[{"href":"http:\/\/www.susannavaris.com\/blogg\/wp-json\/wp\/v2\/types\/post"}],"author":[{"embeddable":true,"href":"http:\/\/www.susannavaris.com\/blogg\/wp-json\/wp\/v2\/users\/1"}],"replies":[{"embeddable":true,"href":"http:\/\/www.susannavaris.com\/blogg\/wp-json\/wp\/v2\/comments?post=13249"}],"version-history":[{"count":3,"href":"http:\/\/www.susannavaris.com\/blogg\/wp-json\/wp\/v2\/posts\/13249\/revisions"}],"predecessor-version":[{"id":13259,"href":"http:\/\/www.susannavaris.com\/blogg\/wp-json\/wp\/v2\/posts\/13249\/revisions\/13259"}],"wp:attachment":[{"href":"http:\/\/www.susannavaris.com\/blogg\/wp-json\/wp\/v2\/media?parent=13249"}],"wp:term":[{"taxonomy":"category","embeddable":true,"href":"http:\/\/www.susannavaris.com\/blogg\/wp-json\/wp\/v2\/categories?post=13249"},{"taxonomy":"post_tag","embeddable":true,"href":"http:\/\/www.susannavaris.com\/blogg\/wp-json\/wp\/v2\/tags?post=13249"}],"curies":[{"name":"wp","href":"https:\/\/api.w.org\/{rel}","templated":true}]}}