{"id":13260,"date":"2014-09-09T16:00:30","date_gmt":"2014-09-09T14:00:30","guid":{"rendered":"http:\/\/www.susannavaris.com\/blogg\/?p=13260"},"modified":"2014-09-09T16:00:30","modified_gmt":"2014-09-09T14:00:30","slug":"grattis-roy-andersson","status":"publish","type":"post","link":"http:\/\/www.susannavaris.com\/blogg\/2014\/09\/grattis-roy-andersson\/","title":{"rendered":"Grattis Roy Andersson!"},"content":{"rendered":"<p style=\"text-align: center;\"><a href=\"http:\/\/www.susannavaris.com\/blogg\/wp-content\/uploads\/2014\/09\/roy-andersson.jpg\"><img loading=\"lazy\" decoding=\"async\" class=\"aligncenter size-full wp-image-13261\" src=\"http:\/\/www.susannavaris.com\/blogg\/wp-content\/uploads\/2014\/09\/roy-andersson.jpg\" alt=\"roy-andersson\" width=\"485\" height=\"322\" srcset=\"http:\/\/www.susannavaris.com\/blogg\/wp-content\/uploads\/2014\/09\/roy-andersson.jpg 485w, http:\/\/www.susannavaris.com\/blogg\/wp-content\/uploads\/2014\/09\/roy-andersson-300x199.jpg 300w\" sizes=\"auto, (max-width: 485px) 100vw, 485px\" \/><\/a><em>Roy Andersson. Foto: David Azia\/AP <\/em><\/p>\n<p style=\"text-align: left;\">Stort grattis, s\u00e5 h\u00e4r lite i efterskott, till Roy Andersson som vann Guldlejonet f\u00f6r filmen <em>En duva satt p\u00e5 en gren och funderade p\u00e5 tillvaron<\/em> p\u00e5 \u00e5rets filmfestival i Venedig!!!<\/p>\n<p style=\"text-align: left;\">L\u00e4s ocks\u00e5 Jussi H Lundells funderingar kring varf\u00f6r detta inte uppm\u00e4rksammats s\u00e4rskilt mycket alls\u00a0 i public service <a href=\"http:\/\/jhlundell.wordpress.com\/2014\/09\/05\/polishat-ok-i-sr-medarbetarnas-mangfald-av-roster-och-lokkos-sjalvbild-som-kulturrebell\/\">h\u00e4r<\/a>.<\/p>\n","protected":false},"excerpt":{"rendered":"<p>Roy Andersson. Foto: David Azia\/AP Stort grattis, s\u00e5 h\u00e4r lite i efterskott, till Roy Andersson som vann Guldlejonet f\u00f6r filmen En duva satt p\u00e5 en gren och funderade p\u00e5 tillvaron p\u00e5 \u00e5rets filmfestival i Venedig!!! L\u00e4s ocks\u00e5 Jussi H Lundells &hellip; <a href=\"http:\/\/www.susannavaris.com\/blogg\/2014\/09\/grattis-roy-andersson\/\">Forts\u00e4tt l\u00e4sa <span class=\"meta-nav\">&rarr;<\/span><\/a><\/p>\n","protected":false},"author":1,"featured_media":0,"comment_status":"open","ping_status":"open","sticky":false,"template":"","format":"standard","meta":{"footnotes":""},"categories":[9,1162],"tags":[2413,4242,4240,4241],"class_list":["post-13260","post","type-post","status-publish","format-standard","hentry","category-film","category-kultur","tag-film-2","tag-guldlejonet","tag-roy-andersson","tag-venedig"],"_links":{"self":[{"href":"http:\/\/www.susannavaris.com\/blogg\/wp-json\/wp\/v2\/posts\/13260","targetHints":{"allow":["GET"]}}],"collection":[{"href":"http:\/\/www.susannavaris.com\/blogg\/wp-json\/wp\/v2\/posts"}],"about":[{"href":"http:\/\/www.susannavaris.com\/blogg\/wp-json\/wp\/v2\/types\/post"}],"author":[{"embeddable":true,"href":"http:\/\/www.susannavaris.com\/blogg\/wp-json\/wp\/v2\/users\/1"}],"replies":[{"embeddable":true,"href":"http:\/\/www.susannavaris.com\/blogg\/wp-json\/wp\/v2\/comments?post=13260"}],"version-history":[{"count":1,"href":"http:\/\/www.susannavaris.com\/blogg\/wp-json\/wp\/v2\/posts\/13260\/revisions"}],"predecessor-version":[{"id":13262,"href":"http:\/\/www.susannavaris.com\/blogg\/wp-json\/wp\/v2\/posts\/13260\/revisions\/13262"}],"wp:attachment":[{"href":"http:\/\/www.susannavaris.com\/blogg\/wp-json\/wp\/v2\/media?parent=13260"}],"wp:term":[{"taxonomy":"category","embeddable":true,"href":"http:\/\/www.susannavaris.com\/blogg\/wp-json\/wp\/v2\/categories?post=13260"},{"taxonomy":"post_tag","embeddable":true,"href":"http:\/\/www.susannavaris.com\/blogg\/wp-json\/wp\/v2\/tags?post=13260"}],"curies":[{"name":"wp","href":"https:\/\/api.w.org\/{rel}","templated":true}]}}