{"id":13268,"date":"2014-09-10T23:32:54","date_gmt":"2014-09-10T21:32:54","guid":{"rendered":"http:\/\/www.susannavaris.com\/blogg\/?p=13268"},"modified":"2014-09-10T23:33:11","modified_gmt":"2014-09-10T21:33:11","slug":"gastinlagg-oravsky-om-edwards-och-ohlsson","status":"publish","type":"post","link":"http:\/\/www.susannavaris.com\/blogg\/2014\/09\/gastinlagg-oravsky-om-edwards-och-ohlsson\/","title":{"rendered":"G\u00e4stinl\u00e4gg: Oravsky om Edwards och Ohlsson"},"content":{"rendered":"<p>Tack demokratiminister Birgitta Ohlsson<\/p>\n<p>&nbsp;<\/p>\n<p>Jag skrev till dig (och n\u00e5gra andra beslutsfattare) ang\u00e5ende SCUM-sk\u00e5despelerskan Andrea Edwards och hennes upprepade angrepp p\u00e5 mig, vars enda \u201d(o)g\u00e4rning\u201d var att jag recenserade teaterupps\u00e4ttningen SCUM utan att falla in i den entusiasmtrans som en sann feminist \u2013 och det \u00e4r jag \u2013 f\u00f6rv\u00e4ntades att h\u00f6gljutt uppvisa.<\/p>\n<p>Du svarade inte, d\u00e4r var du lik dina m\u00e4ktiga kolleger.<\/p>\n<p>&nbsp;<\/p>\n<p>Men den 10 september 2014 kom du med besked \u2013 om \u00e4n inte personligen till mig \u2013 att du lyssnade p\u00e5 mig, att \u201ddu vill inf\u00f6ra h\u00e5rdare straff f\u00f6r dem som hotar journalister och andra som har jobb som anses viktiga f\u00f6r demokratin.\u201d<\/p>\n<p>&nbsp;<\/p>\n<p>I ett f\u00f6rsta steg, som regeringen kommer att besluta om under den 11 september \u2013 p\u00e5 samma datum som terroristattackerna mot World Trade Center i New York och Pentagon i <a href=\"http:\/\/sv.wikipedia.org\/wiki\/Washington_D.C.\">Washington D.C.<\/a> utf\u00f6rdes, och Sveriges utrikesminister Anna Lindh avled till f\u00f6ljd av de skador hon tillfogades av den knivbev\u00e4pnade Mijailo Mijailovi\u0107 \u2013 skall dessa hot \u201dkartl\u00e4ggas\u201d.<\/p>\n<p>Jag f\u00e5r innerligt hoppas, att kartl\u00e4ggningen inte kommer fram till att f\u00f6rst och fr\u00e4mst \u00e4r det bara de manliga f\u00f6r\u00f6varna som skall \u201dh\u00e5rdare bestraffas\u201d, utan att \u00e4ven de mjuka, moderliga, feminina f\u00e5r i j\u00e4mst\u00e4lldhetens och demokratins namn samma bem\u00f6tande. Du \u00e4r ju trots allt demokratiminister och dessutom, liksom jag, \u00e4ven sann feminist.<\/p>\n<p>Som sagt Birgitta Ohlsson, tack f\u00f6r att du lyssnat p\u00e5 mig och dessutom \u00e4ven svarade p\u00e5 min prop\u00e5.<\/p>\n<p>En vecka innan riksdagsvalet, verkar Sverige ha drabbats av medbest\u00e4mmande. Fr\u00e5n och med vecka 38 och de f\u00f6ljande 210 veckorna fram\u00e5t, blir \u00f6verhetens egna oinskr\u00e4nkbara reda och ordning \u00e5terigen \u00e5terst\u00e4lld.<\/p>\n<p>\u00a9 vladimir oravsky<\/p>\n","protected":false},"excerpt":{"rendered":"<p>Tack demokratiminister Birgitta Ohlsson &nbsp; Jag skrev till dig (och n\u00e5gra andra beslutsfattare) ang\u00e5ende SCUM-sk\u00e5despelerskan Andrea Edwards och hennes upprepade angrepp p\u00e5 mig, vars enda \u201d(o)g\u00e4rning\u201d var att jag recenserade teaterupps\u00e4ttningen SCUM utan att falla in i den entusiasmtrans som &hellip; <a href=\"http:\/\/www.susannavaris.com\/blogg\/2014\/09\/gastinlagg-oravsky-om-edwards-och-ohlsson\/\">Forts\u00e4tt l\u00e4sa <span class=\"meta-nav\">&rarr;<\/span><\/a><\/p>\n","protected":false},"author":1,"featured_media":0,"comment_status":"open","ping_status":"open","sticky":false,"template":"","format":"standard","meta":{"footnotes":""},"categories":[181,3280,259,1321,1928,1162,589,1,590,403,303],"tags":[939,4249,4900,2856,4918,585,1562,907,4099,3279],"class_list":["post-13268","post","type-post","status-publish","format-standard","hentry","category-feminism","category-gastinlagg","category-genusvetenskap","category-jamstalldhet","category-journalistik","category-kultur","category-medier","category-okategoriserade","category-politik","category-pseudovetenskap","category-religion","tag-andrea-edwards","tag-birgitta-ohlsson","tag-feminism","tag-hot","tag-jamstalldhet","tag-nathat","tag-recension","tag-scum","tag-trakasserier","tag-vladimir-oravsky"],"_links":{"self":[{"href":"http:\/\/www.susannavaris.com\/blogg\/wp-json\/wp\/v2\/posts\/13268","targetHints":{"allow":["GET"]}}],"collection":[{"href":"http:\/\/www.susannavaris.com\/blogg\/wp-json\/wp\/v2\/posts"}],"about":[{"href":"http:\/\/www.susannavaris.com\/blogg\/wp-json\/wp\/v2\/types\/post"}],"author":[{"embeddable":true,"href":"http:\/\/www.susannavaris.com\/blogg\/wp-json\/wp\/v2\/users\/1"}],"replies":[{"embeddable":true,"href":"http:\/\/www.susannavaris.com\/blogg\/wp-json\/wp\/v2\/comments?post=13268"}],"version-history":[{"count":1,"href":"http:\/\/www.susannavaris.com\/blogg\/wp-json\/wp\/v2\/posts\/13268\/revisions"}],"predecessor-version":[{"id":13269,"href":"http:\/\/www.susannavaris.com\/blogg\/wp-json\/wp\/v2\/posts\/13268\/revisions\/13269"}],"wp:attachment":[{"href":"http:\/\/www.susannavaris.com\/blogg\/wp-json\/wp\/v2\/media?parent=13268"}],"wp:term":[{"taxonomy":"category","embeddable":true,"href":"http:\/\/www.susannavaris.com\/blogg\/wp-json\/wp\/v2\/categories?post=13268"},{"taxonomy":"post_tag","embeddable":true,"href":"http:\/\/www.susannavaris.com\/blogg\/wp-json\/wp\/v2\/tags?post=13268"}],"curies":[{"name":"wp","href":"https:\/\/api.w.org\/{rel}","templated":true}]}}