{"id":1331,"date":"2011-07-12T16:24:46","date_gmt":"2011-07-12T14:24:46","guid":{"rendered":"http:\/\/www.susannavaris.com\/blogg\/?p=1331"},"modified":"2011-07-12T16:26:25","modified_gmt":"2011-07-12T14:26:25","slug":"storsta-mojliga-tystnad","status":"publish","type":"post","link":"http:\/\/www.susannavaris.com\/blogg\/2011\/07\/storsta-mojliga-tystnad\/","title":{"rendered":"St\u00f6rsta m\u00f6jliga tystnad"},"content":{"rendered":"<p>S\u00e5d\u00e4r! Moteld \u00e4r anlagd. Jag har skaffat mig h\u00f6rselskydd s\u00e5 kom igen, s\u00e4tt ig\u00e5ng underg\u00e5ngsborrandet igen! Dra in \u00c5sa fr\u00e5n Hallands\u00e5s, mig g\u00f6r det inget. N\u00e4sta g\u00e5ng kommer jag inte att f\u00f6rlora f\u00f6rst\u00e5ndet pga borrterror (f\u00f6rst\u00e5ndet \u00e4r ju visserligen kanske redan, som bekant, f\u00f6rlorat), sinnesfriden \u00e4r r\u00e4ddad. Jag fick pruta lite p\u00e5 radiofunktionen, tyv\u00e4rr var dom k\u00e5porna liiite f\u00f6r dyra. Jag \u00e4r beredd att sova med dom h\u00e4r bebisarna om det s\u00e5 ska beh\u00f6vas&#8230;<\/p>\n<p style=\"text-align: center;\"><a href=\"http:\/\/www.susannavaris.com\/blogg\/wp-content\/uploads\/2011\/07\/2011juli-019.jpg\"><img loading=\"lazy\" decoding=\"async\" class=\"aligncenter size-large wp-image-1332\" title=\"2011juli 019\" src=\"http:\/\/www.susannavaris.com\/blogg\/wp-content\/uploads\/2011\/07\/2011juli-019-768x1024.jpg\" alt=\"\" width=\"640\" height=\"853\" srcset=\"http:\/\/www.susannavaris.com\/blogg\/wp-content\/uploads\/2011\/07\/2011juli-019-768x1024.jpg 768w, http:\/\/www.susannavaris.com\/blogg\/wp-content\/uploads\/2011\/07\/2011juli-019-225x300.jpg 225w\" sizes=\"auto, (max-width: 640px) 100vw, 640px\" \/><\/a><em>Go ahead punk, make my day!<\/em><\/p>\n","protected":false},"excerpt":{"rendered":"<p>S\u00e5d\u00e4r! Moteld \u00e4r anlagd. Jag har skaffat mig h\u00f6rselskydd s\u00e5 kom igen, s\u00e4tt ig\u00e5ng underg\u00e5ngsborrandet igen! Dra in \u00c5sa fr\u00e5n Hallands\u00e5s, mig g\u00f6r det inget. N\u00e4sta g\u00e5ng kommer jag inte att f\u00f6rlora f\u00f6rst\u00e5ndet pga borrterror (f\u00f6rst\u00e5ndet \u00e4r ju visserligen kanske &hellip; <a href=\"http:\/\/www.susannavaris.com\/blogg\/2011\/07\/storsta-mojliga-tystnad\/\">Forts\u00e4tt l\u00e4sa <span class=\"meta-nav\">&rarr;<\/span><\/a><\/p>\n","protected":false},"author":1,"featured_media":1332,"comment_status":"open","ping_status":"open","sticky":false,"template":"","format":"standard","meta":{"footnotes":""},"categories":[5,1],"tags":[392,391],"class_list":["post-1331","post","type-post","status-publish","format-standard","has-post-thumbnail","hentry","category-dagens-stass","category-okategoriserade","tag-horselskydd","tag-peltor"],"_links":{"self":[{"href":"http:\/\/www.susannavaris.com\/blogg\/wp-json\/wp\/v2\/posts\/1331","targetHints":{"allow":["GET"]}}],"collection":[{"href":"http:\/\/www.susannavaris.com\/blogg\/wp-json\/wp\/v2\/posts"}],"about":[{"href":"http:\/\/www.susannavaris.com\/blogg\/wp-json\/wp\/v2\/types\/post"}],"author":[{"embeddable":true,"href":"http:\/\/www.susannavaris.com\/blogg\/wp-json\/wp\/v2\/users\/1"}],"replies":[{"embeddable":true,"href":"http:\/\/www.susannavaris.com\/blogg\/wp-json\/wp\/v2\/comments?post=1331"}],"version-history":[{"count":3,"href":"http:\/\/www.susannavaris.com\/blogg\/wp-json\/wp\/v2\/posts\/1331\/revisions"}],"predecessor-version":[{"id":1335,"href":"http:\/\/www.susannavaris.com\/blogg\/wp-json\/wp\/v2\/posts\/1331\/revisions\/1335"}],"wp:featuredmedia":[{"embeddable":true,"href":"http:\/\/www.susannavaris.com\/blogg\/wp-json\/wp\/v2\/media\/1332"}],"wp:attachment":[{"href":"http:\/\/www.susannavaris.com\/blogg\/wp-json\/wp\/v2\/media?parent=1331"}],"wp:term":[{"taxonomy":"category","embeddable":true,"href":"http:\/\/www.susannavaris.com\/blogg\/wp-json\/wp\/v2\/categories?post=1331"},{"taxonomy":"post_tag","embeddable":true,"href":"http:\/\/www.susannavaris.com\/blogg\/wp-json\/wp\/v2\/tags?post=1331"}],"curies":[{"name":"wp","href":"https:\/\/api.w.org\/{rel}","templated":true}]}}