{"id":13315,"date":"2014-09-16T10:49:15","date_gmt":"2014-09-16T08:49:15","guid":{"rendered":"http:\/\/www.susannavaris.com\/blogg\/?p=13315"},"modified":"2014-09-19T21:00:59","modified_gmt":"2014-09-19T19:00:59","slug":"en-aspekt-pa-sds-valframgang","status":"publish","type":"post","link":"http:\/\/www.susannavaris.com\/blogg\/2014\/09\/en-aspekt-pa-sds-valframgang\/","title":{"rendered":"Ett perspektiv p\u00e5 SD:s valframg\u00e5ngar"},"content":{"rendered":"<p>Jag fick f\u00f6ljande kommentar till ett inl\u00e4gg och vill g\u00e4rna lyfta fram den i form av ett eget inl\u00e4gg. Ett perspektiv p\u00e5 SD:s valframg\u00e5ngar.<\/p>\n<p>&nbsp;<\/p>\n<p><em>&#8221;Efter en s\u00f6mnl\u00f6s natt la jag min r\u00f6st till slut p\u00e5 SD, jag som r\u00f6stat p\u00e5 C och M hela mitt liv. Varf\u00f6r gjorde jag det?<\/em><\/p>\n<p><em>I mitt fall var det p\u00e5 grund av energifr\u00e5gan och klimatfr\u00e5gan som drabbats av en precis lika sn\u00e4v \u00e5siktskorridor som invandrings och genusfr\u00e5gan. Till viss del styrdes det av invandringspolitiken ur ett personligt perspektiv. I min by p\u00e5 100 inv\u00e5nare vill man ha ett asylboende f\u00f6r minst 50 pers (immigrationsverkets minimikrav f\u00f6r att f\u00e5 st\u00e4lla upp i upphandlingen).<\/em><\/p>\n<p><em>N\u00e4r kommer man att bygga asylboenden p\u00e5 S\u00f6dermalm s\u00e5 att befolkningsm\u00e4ngden \u00f6kas med 50% i relation till den befintliga \u00f6ver en natt?<\/em><\/p>\n<p><em>P\u00e5 informationstr\u00e4ffen fick vi veta att detta var ett tillf\u00e4lligt boende. De asyls\u00f6kande kommer direkt dit fr\u00e5n sina l\u00e4nder i v\u00e4ntan p\u00e5 att riktiga bost\u00e4der skall frambringas \u00e5t dem. En del kommer att ha psykiska problem.<\/em><\/p>\n<p><em>N\u00e4r vi fr\u00e5gade hur uppl\u00e4gget var s\u00e5 fick vi veta att endast en st\u00e4dare och en kock skulle finnas d\u00e4r. Kl. 16.00 g\u00e5r de hem och d\u00e5 \u00e4r problemet bybornas.<\/em><\/p>\n<p><em>D\u00e5 vi fr\u00e5gade hur s\u00e4kerheten skulle kunna garanteras f\u00f6r b\u00e5de boende och bybor blev svaret att spetskompetens finns. Denna spetskompetens var en pensionerad dansvakt som skulle kunna k\u00f6ra 10 mil till v\u00e5r by. Polisen skall givetvis kontaktas f\u00f6rst men med tv\u00e5 bilar och en enorm area s\u00e5 kan polisen vara \u00e4nnu l\u00e4ngre bort.<\/em><\/p>\n<p><em>Politiker, tj\u00e4nstem\u00e4n samt \u201dmini-bert\u201d som \u00e4gde f\u00f6retaget som skulle ha boendet stod bara och h\u00e5nflinade \u00e5t v\u00e5ra fr\u00e5gor och farh\u00e5gor. Skall man ha ett boende s\u00e5 anser jag att man skall ha adekvat personal b\u00e5de g\u00e4llande kompetens och personalstyrka. Allas s\u00e4kerhet skall kunna garanteras det m\u00e5ste vara en grundf\u00f6ruts\u00e4ttning.<\/em><\/p>\n<p><em>Nu \u00e4r s\u00e4kert det flesta ofarliga och hj\u00e4lpbeh\u00f6vande m\u00e4nniskor men vem tar ansvar om det nu h\u00e4nder n\u00e5got? Inte politiker, inte tj\u00e4nstem\u00e4n och verkligen inte \u201dmini-bert\u201d det kan ni vara s\u00e4kra p\u00e5.<\/em><\/p>\n<p><em>Det slog mig att inavlade bonnl\u00e4ppar som jag kanske inte r\u00f6star p\u00e5 SD f\u00f6r att vi \u00e4r inavlade bonnl\u00e4ppar som hatar andra utan f\u00f6r att vi till slut inte ser n\u00e5got annat val n\u00e4r de goda m\u00e4nniskorna k\u00f6r \u00f6ver oss g\u00e5ng p\u00e5 g\u00e5ng och hela tiden viftar bort farh\u00e5gor och synpunkter med ett h\u00e5nflin.<\/em><\/p>\n<p><em>Politiker som inte h\u00e5nflinar \u00e5t sina v\u00e4ljare vore kanske en bra start f\u00f6r att b\u00f6rja arbeta med problemet.&#8221;<br \/>\n<\/em><\/p>\n<p>Mera p\u00e5 samma tema: <a href=\"http:\/\/juggen.wordpress.com\/2014\/09\/17\/lektion-i-hur-man-gor-for-att-fa-fler-att-rosta-pa-sd\/\">Juggen &#8211; Lektion i hur man g\u00f6r f\u00f6r att f\u00e5 fler att r\u00f6sta p\u00e5 SD<\/a><\/p>\n","protected":false},"excerpt":{"rendered":"<p>Jag fick f\u00f6ljande kommentar till ett inl\u00e4gg och vill g\u00e4rna lyfta fram den i form av ett eget inl\u00e4gg. Ett perspektiv p\u00e5 SD:s valframg\u00e5ngar. &nbsp; &#8221;Efter en s\u00f6mnl\u00f6s natt la jag min r\u00f6st till slut p\u00e5 SD, jag som r\u00f6stat &hellip; <a href=\"http:\/\/www.susannavaris.com\/blogg\/2014\/09\/en-aspekt-pa-sds-valframgang\/\">Forts\u00e4tt l\u00e4sa <span class=\"meta-nav\">&rarr;<\/span><\/a><\/p>\n","protected":false},"author":1,"featured_media":0,"comment_status":"open","ping_status":"open","sticky":false,"template":"","format":"standard","meta":{"footnotes":""},"categories":[1928,589,1,590],"tags":[4253,4910,4258,637,4021,4257],"class_list":["post-13315","post","type-post","status-publish","format-standard","hentry","category-journalistik","category-medier","category-okategoriserade","category-politik","tag-analys","tag-politik","tag-riksdagsvalet","tag-sd","tag-val","tag-valframgang"],"_links":{"self":[{"href":"http:\/\/www.susannavaris.com\/blogg\/wp-json\/wp\/v2\/posts\/13315","targetHints":{"allow":["GET"]}}],"collection":[{"href":"http:\/\/www.susannavaris.com\/blogg\/wp-json\/wp\/v2\/posts"}],"about":[{"href":"http:\/\/www.susannavaris.com\/blogg\/wp-json\/wp\/v2\/types\/post"}],"author":[{"embeddable":true,"href":"http:\/\/www.susannavaris.com\/blogg\/wp-json\/wp\/v2\/users\/1"}],"replies":[{"embeddable":true,"href":"http:\/\/www.susannavaris.com\/blogg\/wp-json\/wp\/v2\/comments?post=13315"}],"version-history":[{"count":4,"href":"http:\/\/www.susannavaris.com\/blogg\/wp-json\/wp\/v2\/posts\/13315\/revisions"}],"predecessor-version":[{"id":13355,"href":"http:\/\/www.susannavaris.com\/blogg\/wp-json\/wp\/v2\/posts\/13315\/revisions\/13355"}],"wp:attachment":[{"href":"http:\/\/www.susannavaris.com\/blogg\/wp-json\/wp\/v2\/media?parent=13315"}],"wp:term":[{"taxonomy":"category","embeddable":true,"href":"http:\/\/www.susannavaris.com\/blogg\/wp-json\/wp\/v2\/categories?post=13315"},{"taxonomy":"post_tag","embeddable":true,"href":"http:\/\/www.susannavaris.com\/blogg\/wp-json\/wp\/v2\/tags?post=13315"}],"curies":[{"name":"wp","href":"https:\/\/api.w.org\/{rel}","templated":true}]}}