{"id":13320,"date":"2014-09-17T20:46:18","date_gmt":"2014-09-17T18:46:18","guid":{"rendered":"http:\/\/www.susannavaris.com\/blogg\/?p=13320"},"modified":"2014-09-17T20:46:18","modified_gmt":"2014-09-17T18:46:18","slug":"dagens-tvattrad","status":"publish","type":"post","link":"http:\/\/www.susannavaris.com\/blogg\/2014\/09\/dagens-tvattrad\/","title":{"rendered":"Dagens tv\u00e4ttr\u00e5d"},"content":{"rendered":"<p>Ligger hemma, djupt f\u00f6rsjunken i en f\u00f6rkylning, betraktar det begynnande kaoset kring regeringsbildning och budgetf\u00f6rslag med b\u00e5de sp\u00e4nning och oro. Alla m\u00e4rkliga yttranden om Alliansen; &#8221;de har slitit s\u00f6nder landet&#8221;, &#8221;de har vidgat klyftorna&#8221; etc etc ringer fortfarande i \u00f6ronen och nu n\u00e4r dammet har lagt sig efter valen \u00e4r den dominerande k\u00e4nslan f\u00f6rv\u00e5ning. Och samtidigt inte. M\u00e5nga \u00f6nskade sig en r\u00f6dgr\u00f6n r\u00f6ra- den har de f\u00e5tt nu. Inte tillr\u00e4ckligt kommunistr\u00f6d f\u00f6r vissa, dock. M\u00e5nga k\u00e4nde sig inte lyssnade p\u00e5, med en hel del fog. Tillr\u00e4ckligt m\u00e5nga st\u00f6dde inte den Allians som gett oss \u00e5tta stabila \u00e5r med goda finanser trots en massiv l\u00e5gkonjunktur. S\u00e5 h\u00e4r sitter vi, med en spr\u00e4cklig r\u00f6ra och b\u00e5de Reinfeldt och Borg ska f\u00f6rsvinna.<\/p>\n<p>F\u00f6rkylningen g\u00f6r tankarna dimmiga, s\u00e5 jag rekommenderar ist\u00e4llet f\u00f6ljande:<\/p>\n<p><a href=\"http:\/\/jhlundell.wordpress.com\/2014\/09\/16\/det-blev-inte-bra-lat-oss-da-gora-precis-som-tidigare-fast-annu-mer\/\">Jussi H. Lundell &#8211; Det blev inte bra &#8211; l\u00e5t oss g\u00f6raprecis som tidigare fast \u00e4nnu mer<\/a><\/p>\n<p><a href=\"http:\/\/jhlundell.wordpress.com\/2014\/09\/17\/forr-i-tiden-var-flickor-slavar-och-sverigedemokraterna-ar-hemska\/\">Jussi H. Lundell &#8211; F\u00f6rr i tiden var flickor slavar och Sverigedemokraterna \u00e4r hemska<\/a><\/p>\n<p><a href=\"http:\/\/ekvalist.blogspot.se\/2014\/09\/sd-kan-bevisligen-inte-mobbas-bort.html\">Ekvalist &#8211; SD kan bevisligen inte mobbas bort<\/a><\/p>\n<p><a href=\"http:\/\/toklandet.wordpress.com\/2014\/09\/16\/vad-sager-valresultatet-egentligen\/\">Toklandet &#8211; Vad s\u00e4ger valresultatet egentligen?<\/a><\/p>\n<p>Nu till det som egentligen skulle vara inl\u00e4gget:<\/p>\n<p style=\"text-align: center;\"><a href=\"http:\/\/www.susannavaris.com\/blogg\/wp-content\/uploads\/2014\/09\/wash.jpg\"><img loading=\"lazy\" decoding=\"async\" class=\"aligncenter size-full wp-image-13321\" src=\"http:\/\/www.susannavaris.com\/blogg\/wp-content\/uploads\/2014\/09\/wash.jpg\" alt=\"wash\" width=\"600\" height=\"600\" srcset=\"http:\/\/www.susannavaris.com\/blogg\/wp-content\/uploads\/2014\/09\/wash.jpg 600w, http:\/\/www.susannavaris.com\/blogg\/wp-content\/uploads\/2014\/09\/wash-150x150.jpg 150w, http:\/\/www.susannavaris.com\/blogg\/wp-content\/uploads\/2014\/09\/wash-300x300.jpg 300w\" sizes=\"auto, (max-width: 600px) 100vw, 600px\" \/><\/a><em>Dagens tv\u00e4ttr\u00e5d!<\/em><\/p>\n","protected":false},"excerpt":{"rendered":"<p>Ligger hemma, djupt f\u00f6rsjunken i en f\u00f6rkylning, betraktar det begynnande kaoset kring regeringsbildning och budgetf\u00f6rslag med b\u00e5de sp\u00e4nning och oro. Alla m\u00e4rkliga yttranden om Alliansen; &#8221;de har slitit s\u00f6nder landet&#8221;, &#8221;de har vidgat klyftorna&#8221; etc etc ringer fortfarande i \u00f6ronen &hellip; <a href=\"http:\/\/www.susannavaris.com\/blogg\/2014\/09\/dagens-tvattrad\/\">Forts\u00e4tt l\u00e4sa <span class=\"meta-nav\">&rarr;<\/span><\/a><\/p>\n","protected":false},"author":1,"featured_media":0,"comment_status":"open","ping_status":"open","sticky":false,"template":"","format":"standard","meta":{"footnotes":""},"categories":[181,3358,1928,589,1,590],"tags":[3781,811,4253,4910,4261,637,4021,4022],"class_list":["post-13320","post","type-post","status-publish","format-standard","hentry","category-feminism","category-identitetspolitik","category-journalistik","category-medier","category-okategoriserade","category-politik","tag-3781","tag-alliansen","tag-analys","tag-politik","tag-rodgron-rora","tag-sd","tag-val","tag-valet"],"_links":{"self":[{"href":"http:\/\/www.susannavaris.com\/blogg\/wp-json\/wp\/v2\/posts\/13320","targetHints":{"allow":["GET"]}}],"collection":[{"href":"http:\/\/www.susannavaris.com\/blogg\/wp-json\/wp\/v2\/posts"}],"about":[{"href":"http:\/\/www.susannavaris.com\/blogg\/wp-json\/wp\/v2\/types\/post"}],"author":[{"embeddable":true,"href":"http:\/\/www.susannavaris.com\/blogg\/wp-json\/wp\/v2\/users\/1"}],"replies":[{"embeddable":true,"href":"http:\/\/www.susannavaris.com\/blogg\/wp-json\/wp\/v2\/comments?post=13320"}],"version-history":[{"count":1,"href":"http:\/\/www.susannavaris.com\/blogg\/wp-json\/wp\/v2\/posts\/13320\/revisions"}],"predecessor-version":[{"id":13322,"href":"http:\/\/www.susannavaris.com\/blogg\/wp-json\/wp\/v2\/posts\/13320\/revisions\/13322"}],"wp:attachment":[{"href":"http:\/\/www.susannavaris.com\/blogg\/wp-json\/wp\/v2\/media?parent=13320"}],"wp:term":[{"taxonomy":"category","embeddable":true,"href":"http:\/\/www.susannavaris.com\/blogg\/wp-json\/wp\/v2\/categories?post=13320"},{"taxonomy":"post_tag","embeddable":true,"href":"http:\/\/www.susannavaris.com\/blogg\/wp-json\/wp\/v2\/tags?post=13320"}],"curies":[{"name":"wp","href":"https:\/\/api.w.org\/{rel}","templated":true}]}}