{"id":13326,"date":"2014-09-18T12:56:20","date_gmt":"2014-09-18T10:56:20","guid":{"rendered":"http:\/\/www.susannavaris.com\/blogg\/?p=13326"},"modified":"2014-09-18T13:02:51","modified_gmt":"2014-09-18T11:02:51","slug":"ett-stort-jamstalldhetsproblem","status":"publish","type":"post","link":"http:\/\/www.susannavaris.com\/blogg\/2014\/09\/ett-stort-jamstalldhetsproblem\/","title":{"rendered":"Ett stort j\u00e4mst\u00e4lldhetsproblem"},"content":{"rendered":"<p style=\"text-align: center;\"><a href=\"http:\/\/www.susannavaris.com\/blogg\/wp-content\/uploads\/2014\/09\/DSC_0524.jpg\"><img loading=\"lazy\" decoding=\"async\" class=\"aligncenter size-full wp-image-13327\" src=\"http:\/\/www.susannavaris.com\/blogg\/wp-content\/uploads\/2014\/09\/DSC_0524.jpg\" alt=\"DSC_0524\" width=\"2304\" height=\"1536\" srcset=\"http:\/\/www.susannavaris.com\/blogg\/wp-content\/uploads\/2014\/09\/DSC_0524.jpg 2304w, http:\/\/www.susannavaris.com\/blogg\/wp-content\/uploads\/2014\/09\/DSC_0524-300x200.jpg 300w, http:\/\/www.susannavaris.com\/blogg\/wp-content\/uploads\/2014\/09\/DSC_0524-1024x682.jpg 1024w\" sizes=\"auto, (max-width: 2304px) 100vw, 2304px\" \/><\/a><em>Jag hittar inte artikeln p\u00e5 SvD:s n\u00e4tupplaga \u00e4n s\u00e5 l\u00e4nge.<\/em><\/p>\n<p>&#8230;\u00e4r, som vi redan k\u00e4nner till, den alldeles f\u00f6r l\u00e5ga andelen kvinnor inom teknikbranscher. (Med risk f\u00f6r att l\u00e5ta som allas v\u00e5r <a href=\"http:\/\/jamstalldhetsfeministern.wordpress.com\/\">J\u00e4mst\u00e4lldhetsfeminister<\/a>.)<\/p>\n<p>Den tidigare j\u00e4mst\u00e4lldhetsministern Nyamko Sabuni arbetar numera f\u00f6r \u00c5F (tidigare \u00c5ngpannef\u00f6reningen), f\u00f6r att \u00e4ndra p\u00e5 detta missf\u00f6rh\u00e5llande genom att enbart anst\u00e4lla kvinnor under en m\u00e5nad. Att anst\u00e4lla enbart kvinnor n\u00e4r underlaget av ingenj\u00f6rer, som torde vara den fr\u00e4msta gruppen i rekryteringsunderlaget, best\u00e5r av ca 15 % kvinnor \u00e4r ett exempel p\u00e5 utm\u00e4rkt j\u00e4mst\u00e4lldhetsarbete, eller hur?<\/p>\n<blockquote><p>&#8221;Idag \u00e4r endast en av tio yrkesverksamma ingenj\u00f6rer med en gymnasieingenj\u00f6rsutbildning kvinnor, visar statistik fr\u00e5n Statistiska Centralbyr\u00e5n. Bland anst\u00e4llda med h\u00f6gskoleingenj\u00f6rs- eller civilingenj\u00f6rsutbildning \u00e4r drygt tv\u00e5 av tio kvinnor.&#8221;<\/p>\n<p><em>Ur en annan\u00a0<a href=\"http:\/\/www.svd.se\/naringsliv\/karriar\/malet-ar-50-procent-kvinnliga-ingenjorer_3283764.svd\">artikel<\/a> p\u00e5 samma tema. <\/em><\/p><\/blockquote>\n<p>I dagens artikel:<\/p>\n<blockquote><p>&#8221;Ingenj\u00f6rsyrket har l\u00e4nge varit mansdominerat, men i takt med h\u00f6gre krav p\u00e5 j\u00e4mst\u00e4lldhet har de tekniska utbildningarna och branscherna tvingats ta stora steg.&#8221;<\/p><\/blockquote>\n<p>Ok. Definitionen av j\u00e4mst\u00e4lldhet lyder ju numera att det i alla delar av samh\u00e4llet ska vara en 50\/50-f\u00f6rdelning mellan kvinnor och m\u00e4n. Ni som f\u00f6ljt min blogg vet att jag skrivit om det vettl\u00f6sa i denna definition ett antal g\u00e5nger tidigare och kritiserat bl a att man med hull och h\u00e5r accepterat den genusvetenskapliga beskrivningen av k\u00f6net som en social konstruktion och p\u00e5 kuppen k\u00f6rt \u00f6ver m\u00e4nniskors fria vilja och preferenser. Regeringens j\u00e4mst\u00e4lldhetspolitiska m\u00e5l <a href=\"http:\/\/www.regeringen.se\/content\/1\/c6\/17\/62\/71\/8b5692d3.pdf\">h\u00e4r<\/a>, d\u00e4r jag f.\u00f6. kan notera att den avg\u00e5ende regeringen valde att lyssna p\u00e5 Sveriges Kvinnolobby (s.9):<\/p>\n<blockquote>\n<div data-canvas-width=\"97.79853999999999\" data-angle=\"0\" data-font-name=\"g_font_1\">&#8221;Regeringen ans\u00e5g det viktigt att f\u00f6rtydliga att det bakom det v\u00e5ld som kvinnor ut-s\u00e4tts f\u00f6r oftast finns en manlig f\u00f6r\u00f6vare, varf\u00f6r det tidigare anv\u00e4nda k\u00f6nsneutrala begreppet \u201dk\u00f6nsrelaterat v\u00e5ld\u201d ersattes av \u201dm\u00e4ns v\u00e5ld mot kvinnor\u201d&#8221;<\/div>\n<div data-canvas-width=\"97.79853999999999\" data-angle=\"0\" data-font-name=\"g_font_1\"><\/div>\n<\/blockquote>\n<p data-canvas-width=\"97.79853999999999\" data-angle=\"0\" data-font-name=\"g_font_1\"><a href=\"http:\/\/www.susannavaris.com\/blogg\/2013\/01\/sveriges-kvinnolobby-del-3\/\">H\u00e4r<\/a>, under punkt 9, v\u00e5ld, kan ni l\u00e4sa om Sveriges Kvinnolobbys lobbande f\u00f6r att alla andra offer f\u00f6r relationsv\u00e5ld \u00e4n kvinnor och alla andra ut\u00f6vare f\u00f6r densamma \u00e4n m\u00e4n ska osynligg\u00f6ras.<\/p>\n<p data-canvas-width=\"97.79853999999999\" data-angle=\"0\" data-font-name=\"g_font_1\">Tillbaka till \u00e4mnet. Jag hittar inte vid genomskummandet ett direkt uttryck f\u00f6r exakt k\u00f6nsf\u00f6rdelning, men formuleringar som:<\/p>\n<blockquote>\n<div data-canvas-width=\"491.65133999999983\" data-angle=\"0\" data-font-name=\"g_font_1\">&#8221;Strategin omfattar 68 \u00e5tg\u00e4rder som syftar till att motverka k\u00f6nsuppdelningen p\u00e5 arbetsmarknaden, att fr\u00e4mja j\u00e4m-st\u00e4llda villkor f\u00f6r entrepren\u00f6rskap samt att uppn\u00e5 ett j\u00e4mst\u00e4llt deltagande i arbetslivet och j\u00e4mst\u00e4llda arbetslivsvillkor.&#8221;<\/div>\n<div data-canvas-width=\"491.65133999999983\" data-angle=\"0\" data-font-name=\"g_font_1\"><\/div>\n<\/blockquote>\n<p data-canvas-width=\"491.65133999999983\" data-angle=\"0\" data-font-name=\"g_font_1\">andas att det \u00e4r dit\u00e5t man str\u00e4var. (Jag borde f\u00f6rresten l\u00e4sa och kommentera den avg\u00e5ende regeringens j\u00e4mst\u00e4lldhetspolitiska m\u00e5l f\u00f6r att ha som referens f\u00f6r det som kommer&#8230;) I dessa j\u00e4mst\u00e4lldhetspolitiska m\u00e5l finns ocks\u00e5 s\u00e4rskilda insatser f\u00f6r j\u00e4mst\u00e4lldhet inom skolan och den h\u00f6gre utbildningen och jag undrar d\u00e4rf\u00f6r vad man konkret vill g\u00f6ra d\u00e5 man b\u00f6r ha uppt\u00e4ckt att det framf\u00f6rallt \u00e4r pojkar och m\u00e4n som \u00e4r f\u00f6rf\u00f6rdelade i grundskolan och s\u00e4mre representerade inom de h\u00f6gre utbildningarna. T\u00e4nker man vara konsekvent i sin 50\/50- vision, eller har vi tagit klivet \u00f6ver till\u00a0<a href=\"http:\/\/www.susannavaris.com\/blogg\/2013\/11\/referensinlagg-ju-fler-kvinnor-desto-battre-jamstalldhet\/\">&#8221;Ju fler kvinnor &#8211; desto b\u00e4ttre j\u00e4mst\u00e4lldhet&#8221;<\/a> \u00e4ven officiellt. Ja, jag vet att vi f\u00e5r en ny regering, men fr\u00e5gan kan i h\u00f6gsta grad riktas till \u00e4ven dem, eftersom analysen bygger p\u00e5 en radikalfeministisk politik, n\u00e5got som b\u00e5de S, Mp och V omfamnar.<\/p>\n<p data-canvas-width=\"491.65133999999983\" data-angle=\"0\" data-font-name=\"g_font_1\">S\u00e5 h\u00e4r ser en del av statistiken kring den h\u00f6gre utbildningen ut:<\/p>\n<p data-canvas-width=\"491.65133999999983\" data-angle=\"0\" data-font-name=\"g_font_1\"><a href=\"http:\/\/www.susannavaris.com\/blogg\/wp-content\/uploads\/2014\/09\/examina2011.jpg\"><img loading=\"lazy\" decoding=\"async\" class=\"aligncenter size-full wp-image-13328\" src=\"http:\/\/www.susannavaris.com\/blogg\/wp-content\/uploads\/2014\/09\/examina2011.jpg\" alt=\"examina2011\" width=\"409\" height=\"441\" srcset=\"http:\/\/www.susannavaris.com\/blogg\/wp-content\/uploads\/2014\/09\/examina2011.jpg 409w, http:\/\/www.susannavaris.com\/blogg\/wp-content\/uploads\/2014\/09\/examina2011-278x300.jpg 278w\" sizes=\"auto, (max-width: 409px) 100vw, 409px\" \/><\/a> <a href=\"http:\/\/www.susannavaris.com\/blogg\/wp-content\/uploads\/2014\/09\/examina2011-02.jpg\"><img loading=\"lazy\" decoding=\"async\" class=\"aligncenter size-full wp-image-13329\" src=\"http:\/\/www.susannavaris.com\/blogg\/wp-content\/uploads\/2014\/09\/examina2011-02.jpg\" alt=\"examina2011-02\" width=\"412\" height=\"325\" srcset=\"http:\/\/www.susannavaris.com\/blogg\/wp-content\/uploads\/2014\/09\/examina2011-02.jpg 412w, http:\/\/www.susannavaris.com\/blogg\/wp-content\/uploads\/2014\/09\/examina2011-02-300x236.jpg 300w\" sizes=\"auto, (max-width: 412px) 100vw, 412px\" \/><\/a> <a href=\"http:\/\/www.susannavaris.com\/blogg\/wp-content\/uploads\/2014\/09\/examina2011-03.jpg\"><img loading=\"lazy\" decoding=\"async\" class=\"aligncenter size-full wp-image-13330\" src=\"http:\/\/www.susannavaris.com\/blogg\/wp-content\/uploads\/2014\/09\/examina2011-03.jpg\" alt=\"examina2011-03\" width=\"871\" height=\"450\" srcset=\"http:\/\/www.susannavaris.com\/blogg\/wp-content\/uploads\/2014\/09\/examina2011-03.jpg 871w, http:\/\/www.susannavaris.com\/blogg\/wp-content\/uploads\/2014\/09\/examina2011-03-300x154.jpg 300w\" sizes=\"auto, (max-width: 871px) 100vw, 871px\" \/><\/a><\/p>\n<p style=\"text-align: center;\" data-canvas-width=\"491.65133999999983\" data-angle=\"0\" data-font-name=\"g_font_1\"><em><a href=\"https:\/\/www.uk-ambetet.se\/download\/18.197eccc1140ee238b58f82\/1403093621722\/1210R-universitet-hogskolor-arsrapport.pdf\">K\u00e4lla<\/a><\/em><\/p>\n<p data-canvas-width=\"491.65133999999983\" data-angle=\"0\" data-font-name=\"g_font_1\">Omr\u00e5de efter omr\u00e5de av de utexaminerade fr\u00e5n h\u00f6gskolor och universitet domineras av kvinnor, men den stora j\u00e4mst\u00e4lldhetspolitiska utmaningen ligger i att f\u00e5 fler kvinnor in i \u00e4ven teknikbranschen?<\/p>\n<p data-canvas-width=\"491.65133999999983\" data-angle=\"0\" data-font-name=\"g_font_1\">\n","protected":false},"excerpt":{"rendered":"<p>Jag hittar inte artikeln p\u00e5 SvD:s n\u00e4tupplaga \u00e4n s\u00e5 l\u00e4nge. &#8230;\u00e4r, som vi redan k\u00e4nner till, den alldeles f\u00f6r l\u00e5ga andelen kvinnor inom teknikbranscher. (Med risk f\u00f6r att l\u00e5ta som allas v\u00e5r J\u00e4mst\u00e4lldhetsfeminister.) Den tidigare j\u00e4mst\u00e4lldhetsministern Nyamko Sabuni arbetar numera &hellip; <a href=\"http:\/\/www.susannavaris.com\/blogg\/2014\/09\/ett-stort-jamstalldhetsproblem\/\">Forts\u00e4tt l\u00e4sa <span class=\"meta-nav\">&rarr;<\/span><\/a><\/p>\n","protected":false},"author":1,"featured_media":0,"comment_status":"open","ping_status":"open","sticky":false,"template":"","format":"standard","meta":{"footnotes":""},"categories":[181,154,259,3358,1321,1928,589,1,590,403,303,2140,889],"tags":[2460,4263,4264,4900,4265,4918,2138,4923,2860,4914,4266],"class_list":["post-13326","post","type-post","status-publish","format-standard","hentry","category-feminism","category-genus","category-genusvetenskap","category-identitetspolitik","category-jamstalldhet","category-journalistik","category-medier","category-okategoriserade","category-politik","category-pseudovetenskap","category-religion","category-skolan","category-teknik","tag-2460","tag-af","tag-angpanneforeningen","tag-feminism","tag-hogre-utbildning","tag-jamstalldhet","tag-nyamko-sabuni","tag-skolan","tag-statistik","tag-teknik","tag-womengineer"],"_links":{"self":[{"href":"http:\/\/www.susannavaris.com\/blogg\/wp-json\/wp\/v2\/posts\/13326","targetHints":{"allow":["GET"]}}],"collection":[{"href":"http:\/\/www.susannavaris.com\/blogg\/wp-json\/wp\/v2\/posts"}],"about":[{"href":"http:\/\/www.susannavaris.com\/blogg\/wp-json\/wp\/v2\/types\/post"}],"author":[{"embeddable":true,"href":"http:\/\/www.susannavaris.com\/blogg\/wp-json\/wp\/v2\/users\/1"}],"replies":[{"embeddable":true,"href":"http:\/\/www.susannavaris.com\/blogg\/wp-json\/wp\/v2\/comments?post=13326"}],"version-history":[{"count":3,"href":"http:\/\/www.susannavaris.com\/blogg\/wp-json\/wp\/v2\/posts\/13326\/revisions"}],"predecessor-version":[{"id":13333,"href":"http:\/\/www.susannavaris.com\/blogg\/wp-json\/wp\/v2\/posts\/13326\/revisions\/13333"}],"wp:attachment":[{"href":"http:\/\/www.susannavaris.com\/blogg\/wp-json\/wp\/v2\/media?parent=13326"}],"wp:term":[{"taxonomy":"category","embeddable":true,"href":"http:\/\/www.susannavaris.com\/blogg\/wp-json\/wp\/v2\/categories?post=13326"},{"taxonomy":"post_tag","embeddable":true,"href":"http:\/\/www.susannavaris.com\/blogg\/wp-json\/wp\/v2\/tags?post=13326"}],"curies":[{"name":"wp","href":"https:\/\/api.w.org\/{rel}","templated":true}]}}