{"id":13358,"date":"2014-09-19T22:49:32","date_gmt":"2014-09-19T20:49:32","guid":{"rendered":"http:\/\/www.susannavaris.com\/blogg\/?p=13358"},"modified":"2014-09-19T22:49:32","modified_gmt":"2014-09-19T20:49:32","slug":"shop-til-you-drop","status":"publish","type":"post","link":"http:\/\/www.susannavaris.com\/blogg\/2014\/09\/shop-til-you-drop\/","title":{"rendered":"Shop til you drop"},"content":{"rendered":"<p><a href=\"http:\/\/www.susannavaris.com\/blogg\/wp-content\/uploads\/2014\/09\/Jean-Paul-Gaultier-for-Lindex-Autumn-2014-500x336.jpg\"><img loading=\"lazy\" decoding=\"async\" class=\"aligncenter size-full wp-image-13360\" src=\"http:\/\/www.susannavaris.com\/blogg\/wp-content\/uploads\/2014\/09\/Jean-Paul-Gaultier-for-Lindex-Autumn-2014-500x336.jpg\" alt=\"Jean-Paul-Gaultier-for-Lindex-Autumn-2014-500x336\" width=\"500\" height=\"336\" srcset=\"http:\/\/www.susannavaris.com\/blogg\/wp-content\/uploads\/2014\/09\/Jean-Paul-Gaultier-for-Lindex-Autumn-2014-500x336.jpg 500w, http:\/\/www.susannavaris.com\/blogg\/wp-content\/uploads\/2014\/09\/Jean-Paul-Gaultier-for-Lindex-Autumn-2014-500x336-300x201.jpg 300w\" sizes=\"auto, (max-width: 500px) 100vw, 500px\" \/><\/a><\/p>\n<p>Jag kanske ocks\u00e5 b\u00f6rjar bli senil, eller s\u00e5 handlar det om aktiv f\u00f6rtr\u00e4ngning av realiteter. Utst\u00e4llningen i augusti gick ju bra, men tyv\u00e4rr har det g\u00e5tt lika bra med shoppingen sedan dess och nu n\u00e4r jag kommer p\u00e5 att Jean Paul Gaultiers\u00a0<a href=\"http:\/\/about.lindex.com\/se\/jean-paul-gaultier-designar-unik-kollektion-for-lindex\/\">kollektion<\/a> f\u00f6r Lindex snart ska lanseras finns det knappast n\u00e5gra j\u00e4tteresurser kvar f\u00f6r den. Jag kom ju ih\u00e5g att den skulle komma, s\u00e5 varf\u00f6r planerade jag inte f\u00f6r den? Aktiv f\u00f6rtr\u00e4ngning.<\/p>\n<p>Jag f\u00e5r v\u00e4l hitta p\u00e5 n\u00e5got&#8230;f\u00f6rresten, ni vet att jag har en donationsknapp&#8230;? ;)<\/p>\n<p><a href=\"http:\/\/www.susannavaris.com\/blogg\/wp-content\/uploads\/2014\/09\/Jean-Paul-Gaultier-for-Lindex-Autumn-2014-0074-500x381.jpg\"><img loading=\"lazy\" decoding=\"async\" class=\"aligncenter size-full wp-image-13359\" src=\"http:\/\/www.susannavaris.com\/blogg\/wp-content\/uploads\/2014\/09\/Jean-Paul-Gaultier-for-Lindex-Autumn-2014-0074-500x381.jpg\" alt=\"Jean-Paul-Gaultier-for-Lindex-Autumn-2014-0074-500x381\" width=\"500\" height=\"381\" srcset=\"http:\/\/www.susannavaris.com\/blogg\/wp-content\/uploads\/2014\/09\/Jean-Paul-Gaultier-for-Lindex-Autumn-2014-0074-500x381.jpg 500w, http:\/\/www.susannavaris.com\/blogg\/wp-content\/uploads\/2014\/09\/Jean-Paul-Gaultier-for-Lindex-Autumn-2014-0074-500x381-300x228.jpg 300w\" sizes=\"auto, (max-width: 500px) 100vw, 500px\" \/><\/a><\/p>\n","protected":false},"excerpt":{"rendered":"<p>Jag kanske ocks\u00e5 b\u00f6rjar bli senil, eller s\u00e5 handlar det om aktiv f\u00f6rtr\u00e4ngning av realiteter. Utst\u00e4llningen i augusti gick ju bra, men tyv\u00e4rr har det g\u00e5tt lika bra med shoppingen sedan dess och nu n\u00e4r jag kommer p\u00e5 att Jean &hellip; <a href=\"http:\/\/www.susannavaris.com\/blogg\/2014\/09\/shop-til-you-drop\/\">Forts\u00e4tt l\u00e4sa <span class=\"meta-nav\">&rarr;<\/span><\/a><\/p>\n","protected":false},"author":1,"featured_media":0,"comment_status":"open","ping_status":"open","sticky":false,"template":"","format":"standard","meta":{"footnotes":""},"categories":[1162,14,1],"tags":[3359,4277,4276,19,3048],"class_list":["post-13358","post","type-post","status-publish","format-standard","hentry","category-kultur","category-mode","category-okategoriserade","tag-jean-paul-gaultier","tag-kollektion","tag-lindex","tag-mode-2","tag-shopping"],"_links":{"self":[{"href":"http:\/\/www.susannavaris.com\/blogg\/wp-json\/wp\/v2\/posts\/13358","targetHints":{"allow":["GET"]}}],"collection":[{"href":"http:\/\/www.susannavaris.com\/blogg\/wp-json\/wp\/v2\/posts"}],"about":[{"href":"http:\/\/www.susannavaris.com\/blogg\/wp-json\/wp\/v2\/types\/post"}],"author":[{"embeddable":true,"href":"http:\/\/www.susannavaris.com\/blogg\/wp-json\/wp\/v2\/users\/1"}],"replies":[{"embeddable":true,"href":"http:\/\/www.susannavaris.com\/blogg\/wp-json\/wp\/v2\/comments?post=13358"}],"version-history":[{"count":1,"href":"http:\/\/www.susannavaris.com\/blogg\/wp-json\/wp\/v2\/posts\/13358\/revisions"}],"predecessor-version":[{"id":13361,"href":"http:\/\/www.susannavaris.com\/blogg\/wp-json\/wp\/v2\/posts\/13358\/revisions\/13361"}],"wp:attachment":[{"href":"http:\/\/www.susannavaris.com\/blogg\/wp-json\/wp\/v2\/media?parent=13358"}],"wp:term":[{"taxonomy":"category","embeddable":true,"href":"http:\/\/www.susannavaris.com\/blogg\/wp-json\/wp\/v2\/categories?post=13358"},{"taxonomy":"post_tag","embeddable":true,"href":"http:\/\/www.susannavaris.com\/blogg\/wp-json\/wp\/v2\/tags?post=13358"}],"curies":[{"name":"wp","href":"https:\/\/api.w.org\/{rel}","templated":true}]}}