{"id":13370,"date":"2014-09-22T17:15:50","date_gmt":"2014-09-22T15:15:50","guid":{"rendered":"http:\/\/www.susannavaris.com\/blogg\/?p=13370"},"modified":"2014-09-22T17:15:50","modified_gmt":"2014-09-22T15:15:50","slug":"valdtaktskulturen","status":"publish","type":"post","link":"http:\/\/www.susannavaris.com\/blogg\/2014\/09\/valdtaktskulturen\/","title":{"rendered":"V\u00e5ldt\u00e4ktskulturen"},"content":{"rendered":"<p>Jag undrar hur en s\u00e5dan h\u00e4r ber\u00e4ttelse, som jag baserad p\u00e5 min egna levda erfarenhet upplever \u00e4r i linje med den kultur som r\u00e5der, f\u00f6rklaras av de feminister som talar sig varma f\u00f6r n\u00e5got de d\u00f6pt till &#8221;v\u00e5ldt\u00e4ktskulturen&#8221; och som de menar r\u00e5der i Sverige \u00e5r 2014. Texten \u00e4r kopierad fr\u00e5n ett inl\u00e4gg p\u00e5 facebook och handlar gissningsvis om dramat som \u00e4ven har uppm\u00e4rksammats i pressen:<\/p>\n<blockquote><p>&#8221;Jonas 1-0 V\u00e5ldt\u00e4ktsman (rapist)<\/p>\n<p>Jag hoppas du tjej som blev brutalt \u00f6verfallen och insl\u00e4pad i ett buskage utanf\u00f6r mitt hus klockan 04 inatt, m\u00e5r under omst\u00e4ndig<span class=\"text_exposed_show\">heterna bra. Kan tr\u00f6sta dig med att jag barfota och endast if\u00f6rd mina rosa Bj\u00f6rn Borg kalsonger kom ikapp g\u00e4rningsmannen i ett skogsparti i n\u00e4rheten. Kan tyv\u00e4rr inte g\u00e5 in exakt p\u00e5 hur jag f\u00f6rklarade f\u00f6r denna &#8221;s\u00e5 kallade man&#8221; hur man behandlar kvinnor. Han kan nog tacka det svenska r\u00e4ttsv\u00e4sendet f\u00f6r att de hade ett antal patruller p\u00e5 plats snabbt. Och till dig stackars tjej s\u00e5 hoppas jag att han f\u00e5r maxstraff och livstids utvisning s\u00e5 du slipper m\u00f6ta han igen&#8230;..<\/span><\/p>\n<div class=\"text_exposed_show\">\n<p>Jag hade aldrig trott att det skulle bli s\u00e5n uppm\u00e4rksamhet av mitt inl\u00e4gg, men tack s\u00e5 hemskt mycket f\u00f6r alla fina ord.<\/p>\n<p>Vill till\u00e4gga att den granne som snabbt kom till unds\u00e4ttning och hj\u00e4lpte mig att gripa den misst\u00e4nkta g\u00e4rningsmannen i skogspartiet, har lika stor del i gripandet och utan honom hade det kanske slutat annorlunda. Grymt jobbat!!!!!<br \/>\nSamt alla fina grannar som larmade och tog hand om den chockade tjejen tills polisen kom.<\/p>\n<p>Polisen och deras hund&#8230;..mycket professionellt sk\u00f6tt.<\/p>\n<p>&#8230;..mina rosa kalsonger \u00e4r inte till salu :)&#8221; <i class=\"_4-k1 img sp_LWp1MpKGrs1 sx_85e800\"><\/i><\/p>\n<p>&nbsp;<\/p>\n<\/div>\n<\/blockquote>\n","protected":false},"excerpt":{"rendered":"<p>Jag undrar hur en s\u00e5dan h\u00e4r ber\u00e4ttelse, som jag baserad p\u00e5 min egna levda erfarenhet upplever \u00e4r i linje med den kultur som r\u00e5der, f\u00f6rklaras av de feminister som talar sig varma f\u00f6r n\u00e5got de d\u00f6pt till &#8221;v\u00e5ldt\u00e4ktskulturen&#8221; och som &hellip; <a href=\"http:\/\/www.susannavaris.com\/blogg\/2014\/09\/valdtaktskulturen\/\">Forts\u00e4tt l\u00e4sa <span class=\"meta-nav\">&rarr;<\/span><\/a><\/p>\n","protected":false},"author":1,"featured_media":0,"comment_status":"open","ping_status":"open","sticky":false,"template":"","format":"standard","meta":{"footnotes":""},"categories":[181,3358,1321,1162,589,1],"tags":[4900,4899,4917,4284,2680,2014,3285],"class_list":["post-13370","post","type-post","status-publish","format-standard","hentry","category-feminism","category-identitetspolitik","category-jamstalldhet","category-kultur","category-medier","category-okategoriserade","tag-feminism","tag-genus","tag-kultur","tag-overgrepp","tag-radikalfeminism","tag-valdtakt","tag-valdtaktskultur"],"_links":{"self":[{"href":"http:\/\/www.susannavaris.com\/blogg\/wp-json\/wp\/v2\/posts\/13370","targetHints":{"allow":["GET"]}}],"collection":[{"href":"http:\/\/www.susannavaris.com\/blogg\/wp-json\/wp\/v2\/posts"}],"about":[{"href":"http:\/\/www.susannavaris.com\/blogg\/wp-json\/wp\/v2\/types\/post"}],"author":[{"embeddable":true,"href":"http:\/\/www.susannavaris.com\/blogg\/wp-json\/wp\/v2\/users\/1"}],"replies":[{"embeddable":true,"href":"http:\/\/www.susannavaris.com\/blogg\/wp-json\/wp\/v2\/comments?post=13370"}],"version-history":[{"count":1,"href":"http:\/\/www.susannavaris.com\/blogg\/wp-json\/wp\/v2\/posts\/13370\/revisions"}],"predecessor-version":[{"id":13371,"href":"http:\/\/www.susannavaris.com\/blogg\/wp-json\/wp\/v2\/posts\/13370\/revisions\/13371"}],"wp:attachment":[{"href":"http:\/\/www.susannavaris.com\/blogg\/wp-json\/wp\/v2\/media?parent=13370"}],"wp:term":[{"taxonomy":"category","embeddable":true,"href":"http:\/\/www.susannavaris.com\/blogg\/wp-json\/wp\/v2\/categories?post=13370"},{"taxonomy":"post_tag","embeddable":true,"href":"http:\/\/www.susannavaris.com\/blogg\/wp-json\/wp\/v2\/tags?post=13370"}],"curies":[{"name":"wp","href":"https:\/\/api.w.org\/{rel}","templated":true}]}}