{"id":1348,"date":"2011-07-12T21:01:14","date_gmt":"2011-07-12T19:01:14","guid":{"rendered":"http:\/\/www.susannavaris.com\/blogg\/?p=1348"},"modified":"2023-02-14T18:02:40","modified_gmt":"2023-02-14T17:02:40","slug":"tiden-stannar","status":"publish","type":"post","link":"http:\/\/www.susannavaris.com\/blogg\/2011\/07\/tiden-stannar\/","title":{"rendered":"Tiden stannar"},"content":{"rendered":"<div class=\"wp-block-image\">\n<figure class=\"aligncenter size-full\"><img loading=\"lazy\" decoding=\"async\" width=\"640\" height=\"960\" src=\"http:\/\/www.susannavaris.com\/blogg\/wp-content\/uploads\/2023\/02\/000-1460091_10201975325537675_516139147_n.jpg\" alt=\"\" class=\"wp-image-17891\" title=\"jon-arnold-highgate-cemetery-london-england\" srcset=\"http:\/\/www.susannavaris.com\/blogg\/wp-content\/uploads\/2023\/02\/000-1460091_10201975325537675_516139147_n.jpg 640w, http:\/\/www.susannavaris.com\/blogg\/wp-content\/uploads\/2023\/02\/000-1460091_10201975325537675_516139147_n-200x300.jpg 200w\" sizes=\"auto, (max-width: 640px) 100vw, 640px\" \/><figcaption class=\"wp-element-caption\">Zentralfriedhof, Wien -Foto: Ulf Holm\u00e9n 2013<\/figcaption><\/figure>\n<\/div>\n\n\n<p>Dagen blir till kv\u00e4ll. Man vilar, tar lite th\u00e9 och macka, l\u00e4ser tidningar, lyssnar till de hastiga, piskande regnskurarna, njuter av vilan. Pl\u00f6tsligt l\u00e4ser man n\u00e5got obegripligt p\u00e5 Facebook. En arbetskamrat som ig\u00e5r, efter m\u00e5nga vederm\u00f6dor,&nbsp;blev far f\u00f6r f\u00f6rsta g\u00e5ngen , skriver att barnet har g\u00e5tt bort.<\/p>\n\n\n\n<p>Vad\u00e5 g\u00e5tt bort? En nyf\u00f6dd kan inte d\u00f6. En nyf\u00f6dd f\u00e5r inte d\u00f6.<\/p>\n\n\n\n<p>Tiden stannar och allt blir en klump i halsen. Att det inte finns n\u00e5gon r\u00e4ttvisa i v\u00e4rlden visste jag redan, men livets och d\u00f6dens villkor kan \u00e4nd\u00e5 k\u00e4nnas s\u00e5 fullkomligt brutala och h\u00e4nsynsl\u00f6sa. Naturen \u00e4r grym. Den har ingen avsikt, ingen vilja. Det finns ett program som livet f\u00f6ljer, men naturen hyser inget medlidande och styrs ibland av slumpen.<\/p>\n\n\n\n<p>Jag k\u00e4nner en sorg, f\u00f6r min kamrat, men ocks\u00e5 en gammal sorg som triggas ig\u00e5ng. Sorgen efter missfallen. Jag kunde sv\u00e5rligen bli gravid och n\u00e4r jag \u00e4nd\u00e5 blev det, verkade det om\u00f6jligt att f\u00e5 det att fortg\u00e5. Jag gav upp efter n\u00e5gra \u00e5r och vi hade slitits is\u00e4r l\u00e5ngt innan. Om vi nu n\u00e5gonsin var n\u00e4ra. Sedan dess \u00e4r jag \u00e4n mer ointresserad av barn \u00e4n jag var f\u00f6re graviditeterna och nu ligger jag ju h\u00e4r och l\u00e4ker s\u00e5ret efter livmodern.<\/p>\n\n\n\n<p>Jag hoppas att min arbetskamrat och hans familj \u00e5terh\u00e4mtar sig och att de snart ska orka hoppas igen. De \u00e4r unga, de har tid p\u00e5 sig \u00e4n och jag hoppas innerligt att allting ordnar sig med tiden. F\u00f6rlusten och sorgen kommer alltid att finnas d\u00e4r, men det kan kanske finnas plats f\u00f6r en annan gl\u00e4dje och ett annat hopp igen&#8230;<\/p>\n","protected":false},"excerpt":{"rendered":"<p>Dagen blir till kv\u00e4ll. Man vilar, tar lite th\u00e9 och macka, l\u00e4ser tidningar, lyssnar till de hastiga, piskande regnskurarna, njuter av vilan. Pl\u00f6tsligt l\u00e4ser man n\u00e5got obegripligt p\u00e5 Facebook. En arbetskamrat som ig\u00e5r, efter m\u00e5nga vederm\u00f6dor,&nbsp;blev far f\u00f6r f\u00f6rsta g\u00e5ngen &hellip; <a href=\"http:\/\/www.susannavaris.com\/blogg\/2011\/07\/tiden-stannar\/\">Forts\u00e4tt l\u00e4sa <span class=\"meta-nav\">&rarr;<\/span><\/a><\/p>\n","protected":false},"author":1,"featured_media":1349,"comment_status":"open","ping_status":"open","sticky":false,"template":"","format":"standard","meta":{"footnotes":""},"categories":[1],"tags":[400],"class_list":["post-1348","post","type-post","status-publish","format-standard","has-post-thumbnail","hentry","category-okategoriserade","tag-highgate-cemetery"],"_links":{"self":[{"href":"http:\/\/www.susannavaris.com\/blogg\/wp-json\/wp\/v2\/posts\/1348","targetHints":{"allow":["GET"]}}],"collection":[{"href":"http:\/\/www.susannavaris.com\/blogg\/wp-json\/wp\/v2\/posts"}],"about":[{"href":"http:\/\/www.susannavaris.com\/blogg\/wp-json\/wp\/v2\/types\/post"}],"author":[{"embeddable":true,"href":"http:\/\/www.susannavaris.com\/blogg\/wp-json\/wp\/v2\/users\/1"}],"replies":[{"embeddable":true,"href":"http:\/\/www.susannavaris.com\/blogg\/wp-json\/wp\/v2\/comments?post=1348"}],"version-history":[{"count":4,"href":"http:\/\/www.susannavaris.com\/blogg\/wp-json\/wp\/v2\/posts\/1348\/revisions"}],"predecessor-version":[{"id":17892,"href":"http:\/\/www.susannavaris.com\/blogg\/wp-json\/wp\/v2\/posts\/1348\/revisions\/17892"}],"wp:featuredmedia":[{"embeddable":true,"href":"http:\/\/www.susannavaris.com\/blogg\/wp-json\/wp\/v2\/media\/1349"}],"wp:attachment":[{"href":"http:\/\/www.susannavaris.com\/blogg\/wp-json\/wp\/v2\/media?parent=1348"}],"wp:term":[{"taxonomy":"category","embeddable":true,"href":"http:\/\/www.susannavaris.com\/blogg\/wp-json\/wp\/v2\/categories?post=1348"},{"taxonomy":"post_tag","embeddable":true,"href":"http:\/\/www.susannavaris.com\/blogg\/wp-json\/wp\/v2\/tags?post=1348"}],"curies":[{"name":"wp","href":"https:\/\/api.w.org\/{rel}","templated":true}]}}