{"id":13498,"date":"2014-10-04T15:18:10","date_gmt":"2014-10-04T13:18:10","guid":{"rendered":"http:\/\/www.susannavaris.com\/blogg\/?p=13498"},"modified":"2014-10-04T15:18:10","modified_gmt":"2014-10-04T13:18:10","slug":"efter-valet","status":"publish","type":"post","link":"http:\/\/www.susannavaris.com\/blogg\/2014\/10\/efter-valet\/","title":{"rendered":"Efter valet"},"content":{"rendered":"<p style=\"text-align: center;\"><a href=\"http:\/\/www.susannavaris.com\/blogg\/wp-content\/uploads\/2014\/10\/pandora.jpeg\"><img loading=\"lazy\" decoding=\"async\" class=\"aligncenter size-full wp-image-13499\" src=\"http:\/\/www.susannavaris.com\/blogg\/wp-content\/uploads\/2014\/10\/pandora.jpeg\" alt=\"pandora\" width=\"497\" height=\"800\" srcset=\"http:\/\/www.susannavaris.com\/blogg\/wp-content\/uploads\/2014\/10\/pandora.jpeg 497w, http:\/\/www.susannavaris.com\/blogg\/wp-content\/uploads\/2014\/10\/pandora-186x300.jpeg 186w\" sizes=\"auto, (max-width: 497px) 100vw, 497px\" \/><\/a><em>M\u00e5lning av John William Waterhouse. <\/em><\/p>\n<p style=\"text-align: left;\">Min k\u00e4nsla av l\u00e4get efter valet \u00e4r lite likt en Pandoras box som har \u00f6ppnats. Om inte all v\u00e4rldens el\u00e4nde, sjukdom, sorg och mis\u00e4r s\u00e5 \u00e5tminstone all v\u00e4rldens kn\u00e4ppighet, os\u00e4kerhet, dumhet och skadlighet som str\u00f6mmar ut ur de politiska f\u00f6rsamlingarna. Det har varit s\u00e5 m\u00e5nga knasigheter och skr\u00e4mmande omst\u00e4ndigheter att jag inte ens vet var jag ska b\u00f6rja. Jag blir bara matt. I grunden har vi en mycket svag regering och ett antal mer eller mindre samarbetsvilliga\u00a0 partier i opposition. M\u00f6jligheten att bedriva den politik man avsett \u00e4r starkt begr\u00e4nsat f\u00f6r det st\u00f6rsta partiet med L\u00f6fv\u00e9n i spetsen. Redan inom sin krets i regeringen kommer han att f\u00e5 kompromissa med ett parti med hyfsat klen verklighetsf\u00f6rankring, Mp. Inom S har konflikten mellan v\u00e4nster- och h\u00f6gerblocket tillf\u00e4lligt sopats under mattan inf\u00f6r valet, men kommer alldeles s\u00e4kert att blomma upp nu med regeringsmakten i hamn. Integrationsministerposten ska f\u00f6rsvinna och fr\u00e5gan ska genomsyra alla andra omr\u00e5den. Om vanskligheten med detta kan man l\u00e4sa mer om i <a href=\"http:\/\/blog.svd.se\/ledarbloggen\/2014\/10\/03\/franvaron-av-integration-oroar\/\">denna utm\u00e4rkta text<\/a> av Sanna Rayman. Det ska bli\u00a0<a href=\"http:\/\/www.dn.se\/nyheter\/politik\/vill-driva-feministisk-utrikespolitik\/\">feministisk utrikespolitik<\/a> och till och med en <a href=\"http:\/\/www.svt.se\/nyheter\/val2014\/sa-vill-stefan-lofven-styra-sverige\">feministisk regering<\/a>.\u00a0<a href=\"http:\/\/blog.svd.se\/ledarbloggen\/2014\/10\/03\/landstingens-valfrihet-okar\/\">Valet av v\u00e5rd<\/a> f\u00f6r medborgarna ska flyttas \u00f6ver till politikerna, allt i sann socialistisk anda. Palestina ska erk\u00e4nnas\u00a0<a href=\"http:\/\/www.svd.se\/nyheter\/inrikes\/sverige-ska-erkanna-palestina_3977871.svd\">som stat<\/a>, trots att konflikten i regionen l\u00e5ngt ifr\u00e5n \u00e4r l\u00f6st. Ett rekordh\u00f6gt\u00a0<a href=\"http:\/\/www.svd.se\/nyheter\/inrikes\/svd-live-lofven-presenterar-sina-ministrar_3974982.svd\">antal ministrar<\/a> (eftersom ett antal fina poster nu m\u00e5ste delas ut) ska ta hand om cirkusen. Alice Khunke Bah blir kulturminister. Framtidsministern <a href=\"http:\/\/www.dn.se\/nyheter\/politik\/framtidsministern-har-upplevt-tidigare-liv\/\">Kristina Persson<\/a> har upplevt tidigare liv.\u00a0<a href=\"http:\/\/sverigesradio.se\/sida\/gruppsida.aspx?programid=4657&amp;grupp=20696&amp;artikel=5979115\">Kvotering<\/a> av b\u00f6rsbolag \u00e4r p\u00e5 g\u00e5ng. I ett parallellt ekosystem p\u00e5g\u00e5r stora saker: trillingn\u00f6ten ska f\u00f6rsvinna ur Alladin-asken och Pippi \u00e4r rasistisk.<\/p>\n<p style=\"text-align: left;\">Nu hinner jag inte med mera galenskap, m\u00e5ste iv\u00e4g. Stum av f\u00f6rundran.<\/p>\n","protected":false},"excerpt":{"rendered":"<p>M\u00e5lning av John William Waterhouse. Min k\u00e4nsla av l\u00e4get efter valet \u00e4r lite likt en Pandoras box som har \u00f6ppnats. Om inte all v\u00e4rldens el\u00e4nde, sjukdom, sorg och mis\u00e4r s\u00e5 \u00e5tminstone all v\u00e4rldens kn\u00e4ppighet, os\u00e4kerhet, dumhet och skadlighet som str\u00f6mmar &hellip; <a href=\"http:\/\/www.susannavaris.com\/blogg\/2014\/10\/efter-valet\/\">Forts\u00e4tt l\u00e4sa <span class=\"meta-nav\">&rarr;<\/span><\/a><\/p>\n","protected":false},"author":1,"featured_media":0,"comment_status":"open","ping_status":"open","sticky":false,"template":"","format":"standard","meta":{"footnotes":""},"categories":[181,154,259,3358,1321,1,590],"tags":[3781,4900,4903,2339,4324,4910,1714,3642,774,1357,4022,4325],"class_list":["post-13498","post","type-post","status-publish","format-standard","hentry","category-feminism","category-genus","category-genusvetenskap","category-identitetspolitik","category-jamstalldhet","category-okategoriserade","category-politik","tag-3781","tag-feminism","tag-genusvetenskap","tag-miljopartiet","tag-palestina","tag-politik","tag-regeringen","tag-s","tag-socialdemokrati","tag-stefan-lofven","tag-valet","tag-vardval"],"_links":{"self":[{"href":"http:\/\/www.susannavaris.com\/blogg\/wp-json\/wp\/v2\/posts\/13498","targetHints":{"allow":["GET"]}}],"collection":[{"href":"http:\/\/www.susannavaris.com\/blogg\/wp-json\/wp\/v2\/posts"}],"about":[{"href":"http:\/\/www.susannavaris.com\/blogg\/wp-json\/wp\/v2\/types\/post"}],"author":[{"embeddable":true,"href":"http:\/\/www.susannavaris.com\/blogg\/wp-json\/wp\/v2\/users\/1"}],"replies":[{"embeddable":true,"href":"http:\/\/www.susannavaris.com\/blogg\/wp-json\/wp\/v2\/comments?post=13498"}],"version-history":[{"count":1,"href":"http:\/\/www.susannavaris.com\/blogg\/wp-json\/wp\/v2\/posts\/13498\/revisions"}],"predecessor-version":[{"id":13500,"href":"http:\/\/www.susannavaris.com\/blogg\/wp-json\/wp\/v2\/posts\/13498\/revisions\/13500"}],"wp:attachment":[{"href":"http:\/\/www.susannavaris.com\/blogg\/wp-json\/wp\/v2\/media?parent=13498"}],"wp:term":[{"taxonomy":"category","embeddable":true,"href":"http:\/\/www.susannavaris.com\/blogg\/wp-json\/wp\/v2\/categories?post=13498"},{"taxonomy":"post_tag","embeddable":true,"href":"http:\/\/www.susannavaris.com\/blogg\/wp-json\/wp\/v2\/tags?post=13498"}],"curies":[{"name":"wp","href":"https:\/\/api.w.org\/{rel}","templated":true}]}}