{"id":13508,"date":"2014-10-06T11:41:41","date_gmt":"2014-10-06T09:41:41","guid":{"rendered":"http:\/\/www.susannavaris.com\/blogg\/?p=13508"},"modified":"2014-10-07T00:16:43","modified_gmt":"2014-10-06T22:16:43","slug":"en-makthavares-arrogans-del-2","status":"publish","type":"post","link":"http:\/\/www.susannavaris.com\/blogg\/2014\/10\/en-makthavares-arrogans-del-2\/","title":{"rendered":"En makthavares arrogans del 2"},"content":{"rendered":"<p style=\"text-align: center;\"><a href=\"http:\/\/www.susannavaris.com\/blogg\/wp-content\/uploads\/2014\/10\/\u00c5sa_Romson_pressbild.jpg\"><img loading=\"lazy\" decoding=\"async\" class=\"aligncenter size-medium wp-image-13509\" src=\"http:\/\/www.susannavaris.com\/blogg\/wp-content\/uploads\/2014\/10\/\u00c5sa_Romson_pressbild-225x300.jpg\" alt=\"\u00c5sa_Romson_pressbild\" width=\"225\" height=\"300\" srcset=\"http:\/\/www.susannavaris.com\/blogg\/wp-content\/uploads\/2014\/10\/\u00c5sa_Romson_pressbild-225x300.jpg 225w, http:\/\/www.susannavaris.com\/blogg\/wp-content\/uploads\/2014\/10\/\u00c5sa_Romson_pressbild.jpg 640w\" sizes=\"auto, (max-width: 225px) 100vw, 225px\" \/><\/a><em>Foto: <span class=\"mw-mmv-source-author\"><span class=\"mw-mmv-author\">Milj\u00f6partiet de gr\u00f6na \/ Fredrik Hjerling<\/span> &#8211; <span class=\"mw-mmv-source\"><a class=\"external free\" href=\"https:\/\/www.flickr.com\/photos\/miljopartiet\/4596537758\/\" rel=\"nofollow\">https:\/\/www.flickr.com\/photos\/miljopartiet\/4596537758<\/a><\/span><\/span><\/em><\/p>\n<p>Idag handlar det om \u00c5sa &#8221;<a href=\"http:\/\/cornucopia.cornubot.se\/2014\/07\/asa-romson-mp-bor-anmalas-for-hets-mot.html\">vita, heterosexuella, medel\u00e5lders m\u00e4n och m\u00e4nniskor<\/a>&#8221; Romson. I Expressen\u00a0<a href=\"http:\/\/www.expressen.se\/nyheter\/val2014\/asa-romson-malar-med-forbjuden-farg\/\">ber\u00e4ttas<\/a> det om att hon glatt m\u00e5lar sin tr\u00e4b\u00e5t med en f\u00f6rbjuden, kopparbaserad f\u00e4rg, Antifouling. Vid konfrontation g\u00e5r hon f\u00f6rst till h\u00e4tsk motattack:<\/p>\n<blockquote><p>&#8221;N\u00e4r Expressen tr\u00e4ffar Romson och visar henne bilderna s\u00e4ger hon:<\/p>\n<p>&#8211; Det \u00e4r copyright p\u00e5 de bilderna. Det vet du eller?&#8221;<\/p><\/blockquote>\n<p>D\u00e4refter kommer hon med en dr\u00f6s bortf\u00f6rklaringar:<\/p>\n<blockquote><p><strong>&#8221;Vad \u00e4r det f\u00f6r f\u00e4rg?<\/strong><\/p>\n<p>&#8211; Det \u00e4r en f\u00e4rg fr\u00e5n en k\u00e4nd leverant\u00f6r som \u00e4r en kopparbaserad f\u00e4rg. Det finns kopparbaserade f\u00e4rger som \u00e4r godk\u00e4nda och vi har fr\u00e5gat v\u00e5r handlare d\u00e4r vi har k\u00f6pt f\u00e4rgerna att de l\u00e4mpar sig f\u00f6r det bruk vi har f\u00f6r b\u00e5ten &#8211; och det har vi litat p\u00e5.<\/p>\n<p><strong>Vad heter f\u00e4rgen?<\/strong><\/p>\n<p>&#8211; Sigma Antifouling. Det finns flera olika grader av detta och jag har inte kunskap om detta och det var ett och ett halvt \u00e5r sedan vi m\u00e5lade sist och jag kommer inte ih\u00e5g vilken vi valde d\u00e5.<\/p>\n<p><strong>Var du med och valde f\u00e4rgen?<\/strong><\/p>\n<p>&#8211; Nej, det var min make och andra kompisar som handlade.&#8221;<\/p><\/blockquote>\n<p>Det \u00e4r allts\u00e5 antingen f\u00e4rghandlarens eller maken och v\u00e4nnernas fel att Romson anv\u00e4nt den giftiga f\u00e4rgen. Eller s\u00e5 minns hon inte.<\/p>\n<p>P\u00e5 en fr\u00e5ga som \u00e4r att h\u00e4nf\u00f6ra till en av Milj\u00f6partiets absoluta k\u00e4rnfr\u00e5gor &#8211; att vi alla ska f\u00f6r\u00e4ndra v\u00e5rt beteende s\u00e5 att ett ekologiskt h\u00e5llbart samh\u00e4lle kan skapas &#8211; uppvisar Romson \u00e5ter en arrogans:<\/p>\n<blockquote><p><strong>&#8221;Har du inte funderat p\u00e5 att g\u00f6ra dig av med b\u00e5ten?<\/strong><\/p>\n<p>&#8211; Nej, det \u00e4r ocks\u00e5 ett kulturarv som pryder sin plats och som g\u00f6r att v\u00e4nner kan vara med och segla och uppleva sk\u00e4rg\u00e5rden.&#8221;<\/p><\/blockquote>\n<p>Pl\u00f6tsligt \u00e4r allts\u00e5 b\u00e5de kulturarvet och Romsons v\u00e4nners m\u00f6jligheter att ta sig ut i sk\u00e4rg\u00e5rden mycket viktigare \u00e4n just det ovanst\u00e5ende m\u00e5let, att uppn\u00e5 ett ekologiskt h\u00e5llbart samh\u00e4lle. Precis som i fallet Wallstr\u00f6m allts\u00e5; hyckleri i kubik!<\/p>\n<p>(Andra framst\u00e5ende milj\u00f6v\u00e4nner inom det h\u00e4r partiet \u00e4r ju f\u00f6rst\u00e5s Maria &#8221;klippkort p\u00e5 flyget till Finland&#8221; Wetterstrand och Yvonne &#8221;taxi \u00e4r smidigt&#8221; Ruwaida.)<\/p>\n<p>&#8211; : &#8211; : &#8211; : &#8211;<\/p>\n<p>Sanna Rayman om detta <a href=\"http:\/\/blog.svd.se\/ledarbloggen\/2014\/10\/06\/man-miljoforstorde-hemma-hos-styrman-romson\/\">h\u00e4r<\/a>.<\/p>\n<p>Toklandet om samma <a href=\"http:\/\/toklandet.wordpress.com\/2014\/10\/06\/att-skylla-pa-andra\/\">h\u00e4r<\/a>.<\/p>\n<p>Cornucopia skriver ocks\u00e5 om Romson och bottenf\u00e4rg-gate h\u00e4r: <a href=\"http:\/\/cornucopia.cornubot.se\/2014\/10\/asa-romson-jag-har-gott-samvete-jag-kan.html\">http:\/\/cornucopia.cornubot.se\/2014\/10\/asa-romson-jag-har-gott-samvete-jag-kan.html<\/a><\/p>\n","protected":false},"excerpt":{"rendered":"<p>Foto: Milj\u00f6partiet de gr\u00f6na \/ Fredrik Hjerling &#8211; https:\/\/www.flickr.com\/photos\/miljopartiet\/4596537758 Idag handlar det om \u00c5sa &#8221;vita, heterosexuella, medel\u00e5lders m\u00e4n och m\u00e4nniskor&#8221; Romson. I Expressen\u00a0ber\u00e4ttas det om att hon glatt m\u00e5lar sin tr\u00e4b\u00e5t med en f\u00f6rbjuden, kopparbaserad f\u00e4rg, Antifouling. Vid konfrontation g\u00e5r &hellip; <a href=\"http:\/\/www.susannavaris.com\/blogg\/2014\/10\/en-makthavares-arrogans-del-2\/\">Forts\u00e4tt l\u00e4sa <span class=\"meta-nav\">&rarr;<\/span><\/a><\/p>\n","protected":false},"author":1,"featured_media":0,"comment_status":"open","ping_status":"open","sticky":false,"template":"","format":"standard","meta":{"footnotes":""},"categories":[1,590],"tags":[4333,4048,4334,4335,3224,2339,4047,4336,4910],"class_list":["post-13508","post","type-post","status-publish","format-standard","hentry","category-okategoriserade","category-politik","tag-arrogans","tag-asa-romsson","tag-batfarg","tag-gift","tag-hyckleri","tag-miljopartiet","tag-mp","tag-ostersjon","tag-politik"],"_links":{"self":[{"href":"http:\/\/www.susannavaris.com\/blogg\/wp-json\/wp\/v2\/posts\/13508","targetHints":{"allow":["GET"]}}],"collection":[{"href":"http:\/\/www.susannavaris.com\/blogg\/wp-json\/wp\/v2\/posts"}],"about":[{"href":"http:\/\/www.susannavaris.com\/blogg\/wp-json\/wp\/v2\/types\/post"}],"author":[{"embeddable":true,"href":"http:\/\/www.susannavaris.com\/blogg\/wp-json\/wp\/v2\/users\/1"}],"replies":[{"embeddable":true,"href":"http:\/\/www.susannavaris.com\/blogg\/wp-json\/wp\/v2\/comments?post=13508"}],"version-history":[{"count":5,"href":"http:\/\/www.susannavaris.com\/blogg\/wp-json\/wp\/v2\/posts\/13508\/revisions"}],"predecessor-version":[{"id":13518,"href":"http:\/\/www.susannavaris.com\/blogg\/wp-json\/wp\/v2\/posts\/13508\/revisions\/13518"}],"wp:attachment":[{"href":"http:\/\/www.susannavaris.com\/blogg\/wp-json\/wp\/v2\/media?parent=13508"}],"wp:term":[{"taxonomy":"category","embeddable":true,"href":"http:\/\/www.susannavaris.com\/blogg\/wp-json\/wp\/v2\/categories?post=13508"},{"taxonomy":"post_tag","embeddable":true,"href":"http:\/\/www.susannavaris.com\/blogg\/wp-json\/wp\/v2\/tags?post=13508"}],"curies":[{"name":"wp","href":"https:\/\/api.w.org\/{rel}","templated":true}]}}