{"id":13543,"date":"2014-10-15T22:06:13","date_gmt":"2014-10-15T20:06:13","guid":{"rendered":"http:\/\/www.susannavaris.com\/blogg\/?p=13543"},"modified":"2014-10-15T22:06:13","modified_gmt":"2014-10-15T20:06:13","slug":"meanwhile-in-vastermalmsgallerian","status":"publish","type":"post","link":"http:\/\/www.susannavaris.com\/blogg\/2014\/10\/meanwhile-in-vastermalmsgallerian\/","title":{"rendered":"Meanwhile&#8230;in V\u00e4stermalmsgallerian"},"content":{"rendered":"<p style=\"text-align: center;\">S\u00e5 h\u00e4r ser det ut nu hos Art Motion i V\u00e4stermalmsgallerian:<\/p>\n<p style=\"text-align: center;\"><a href=\"http:\/\/www.susannavaris.com\/blogg\/wp-content\/uploads\/2014\/10\/artmotionspinoff2-01.jpg\"><img loading=\"lazy\" decoding=\"async\" class=\"aligncenter size-full wp-image-13545\" src=\"http:\/\/www.susannavaris.com\/blogg\/wp-content\/uploads\/2014\/10\/artmotionspinoff2-01.jpg\" alt=\"artmotionspinoff2-01\" width=\"640\" height=\"960\" srcset=\"http:\/\/www.susannavaris.com\/blogg\/wp-content\/uploads\/2014\/10\/artmotionspinoff2-01.jpg 640w, http:\/\/www.susannavaris.com\/blogg\/wp-content\/uploads\/2014\/10\/artmotionspinoff2-01-200x300.jpg 200w\" sizes=\"auto, (max-width: 640px) 100vw, 640px\" \/><\/a><a href=\"http:\/\/www.susannavaris.com\/blogg\/wp-content\/uploads\/2014\/10\/artmotionspinoff02-02.jpg\"><img loading=\"lazy\" decoding=\"async\" class=\"aligncenter size-full wp-image-13544\" src=\"http:\/\/www.susannavaris.com\/blogg\/wp-content\/uploads\/2014\/10\/artmotionspinoff02-02.jpg\" alt=\"artmotionspinoff02-02\" width=\"960\" height=\"640\" srcset=\"http:\/\/www.susannavaris.com\/blogg\/wp-content\/uploads\/2014\/10\/artmotionspinoff02-02.jpg 960w, http:\/\/www.susannavaris.com\/blogg\/wp-content\/uploads\/2014\/10\/artmotionspinoff02-02-300x200.jpg 300w\" sizes=\"auto, (max-width: 960px) 100vw, 960px\" \/><\/a><em>Foton: Art Motion <\/em><\/p>\n<p style=\"text-align: left;\">G\u00e5 dit och kolla in (och k\u00f6p) min konst! Jag och ett g\u00e4ng andra konstn\u00e4rer finns till besk\u00e5dan 15. &#8211; 19. oktober och sedan en period till i n\u00e4sta vecka med ytterligare andra konstn\u00e4rer&#8230;<\/p>\n","protected":false},"excerpt":{"rendered":"<p>S\u00e5 h\u00e4r ser det ut nu hos Art Motion i V\u00e4stermalmsgallerian: Foton: Art Motion G\u00e5 dit och kolla in (och k\u00f6p) min konst! Jag och ett g\u00e4ng andra konstn\u00e4rer finns till besk\u00e5dan 15. &#8211; 19. oktober och sedan en period &hellip; <a href=\"http:\/\/www.susannavaris.com\/blogg\/2014\/10\/meanwhile-in-vastermalmsgallerian\/\">Forts\u00e4tt l\u00e4sa <span class=\"meta-nav\">&rarr;<\/span><\/a><\/p>\n","protected":false},"author":1,"featured_media":0,"comment_status":"open","ping_status":"open","sticky":false,"template":"","format":"standard","meta":{"footnotes":""},"categories":[4244,7,3,1162,4],"tags":[4248,17,3274,4337,122,4268],"class_list":["post-13543","post","type-post","status-publish","format-standard","hentry","category-art-motion","category-egna-verk","category-konst","category-kultur","category-utstallning","tag-art-motion-2","tag-konst-2","tag-lilycrow-art-of-susanna-varis","tag-spin-off","tag-utstallning-2","tag-vastermalmsgallerian"],"_links":{"self":[{"href":"http:\/\/www.susannavaris.com\/blogg\/wp-json\/wp\/v2\/posts\/13543","targetHints":{"allow":["GET"]}}],"collection":[{"href":"http:\/\/www.susannavaris.com\/blogg\/wp-json\/wp\/v2\/posts"}],"about":[{"href":"http:\/\/www.susannavaris.com\/blogg\/wp-json\/wp\/v2\/types\/post"}],"author":[{"embeddable":true,"href":"http:\/\/www.susannavaris.com\/blogg\/wp-json\/wp\/v2\/users\/1"}],"replies":[{"embeddable":true,"href":"http:\/\/www.susannavaris.com\/blogg\/wp-json\/wp\/v2\/comments?post=13543"}],"version-history":[{"count":1,"href":"http:\/\/www.susannavaris.com\/blogg\/wp-json\/wp\/v2\/posts\/13543\/revisions"}],"predecessor-version":[{"id":13546,"href":"http:\/\/www.susannavaris.com\/blogg\/wp-json\/wp\/v2\/posts\/13543\/revisions\/13546"}],"wp:attachment":[{"href":"http:\/\/www.susannavaris.com\/blogg\/wp-json\/wp\/v2\/media?parent=13543"}],"wp:term":[{"taxonomy":"category","embeddable":true,"href":"http:\/\/www.susannavaris.com\/blogg\/wp-json\/wp\/v2\/categories?post=13543"},{"taxonomy":"post_tag","embeddable":true,"href":"http:\/\/www.susannavaris.com\/blogg\/wp-json\/wp\/v2\/tags?post=13543"}],"curies":[{"name":"wp","href":"https:\/\/api.w.org\/{rel}","templated":true}]}}