{"id":13563,"date":"2014-10-18T18:54:10","date_gmt":"2014-10-18T16:54:10","guid":{"rendered":"http:\/\/www.susannavaris.com\/blogg\/?p=13563"},"modified":"2014-10-19T11:08:04","modified_gmt":"2014-10-19T09:08:04","slug":"har-jag-namnt-vastermalmsgallerian","status":"publish","type":"post","link":"http:\/\/www.susannavaris.com\/blogg\/2014\/10\/har-jag-namnt-vastermalmsgallerian\/","title":{"rendered":"Har jag n\u00e4mnt V\u00e4stermalmsgallerian&#8230;?"},"content":{"rendered":"<p>Antagligen&#8230;men \u00e4n slipper ni inte. Ta vara p\u00e5 chansen att se (och k\u00f6pa) min konst denna och n\u00e4sta vecka, sedan vet man aldrig n\u00e4r n\u00e4sta tillf\u00e4lle blir&#8230; ;)<\/p>\n<p><a href=\"http:\/\/www.susannavaris.com\/blogg\/wp-content\/uploads\/2014\/10\/artmotionreklam3-korn.png\"><img loading=\"lazy\" decoding=\"async\" class=\"aligncenter size-full wp-image-13564\" src=\"http:\/\/www.susannavaris.com\/blogg\/wp-content\/uploads\/2014\/10\/artmotionreklam3-korn.png\" alt=\"artmotionreklam3 korn\" width=\"2000\" height=\"834\" srcset=\"http:\/\/www.susannavaris.com\/blogg\/wp-content\/uploads\/2014\/10\/artmotionreklam3-korn.png 2000w, http:\/\/www.susannavaris.com\/blogg\/wp-content\/uploads\/2014\/10\/artmotionreklam3-korn-300x125.png 300w, http:\/\/www.susannavaris.com\/blogg\/wp-content\/uploads\/2014\/10\/artmotionreklam3-korn-1024x427.png 1024w\" sizes=\"auto, (max-width: 2000px) 100vw, 2000px\" \/><\/a>&#8211; : &#8211; : &#8211; : &#8211;<\/p>\n<p><strong>Till\u00e4gg: OBS! \u00c4ndring: Min konst h\u00e4nger kvar till 19:e oktober!<\/strong><\/p>\n","protected":false},"excerpt":{"rendered":"<p>Antagligen&#8230;men \u00e4n slipper ni inte. Ta vara p\u00e5 chansen att se (och k\u00f6pa) min konst denna och n\u00e4sta vecka, sedan vet man aldrig n\u00e4r n\u00e4sta tillf\u00e4lle blir&#8230; ;) &#8211; : &#8211; : &#8211; : &#8211; Till\u00e4gg: OBS! \u00c4ndring: Min konst &hellip; <a href=\"http:\/\/www.susannavaris.com\/blogg\/2014\/10\/har-jag-namnt-vastermalmsgallerian\/\">Forts\u00e4tt l\u00e4sa <span class=\"meta-nav\">&rarr;<\/span><\/a><\/p>\n","protected":false},"author":1,"featured_media":0,"comment_status":"open","ping_status":"open","sticky":false,"template":"","format":"standard","meta":{"footnotes":""},"categories":[4244,7,361,3,1162,415,2262,1611,4],"tags":[4248,3667,792,17,122,4268],"class_list":["post-13563","post","type-post","status-publish","format-standard","hentry","category-art-motion","category-egna-verk","category-goth","category-konst","category-kultur","category-lowbrow","category-pop-surrealism","category-skrackkonst","category-utstallning","tag-art-motion-2","tag-galleria","tag-halloween","tag-konst-2","tag-utstallning-2","tag-vastermalmsgallerian"],"_links":{"self":[{"href":"http:\/\/www.susannavaris.com\/blogg\/wp-json\/wp\/v2\/posts\/13563","targetHints":{"allow":["GET"]}}],"collection":[{"href":"http:\/\/www.susannavaris.com\/blogg\/wp-json\/wp\/v2\/posts"}],"about":[{"href":"http:\/\/www.susannavaris.com\/blogg\/wp-json\/wp\/v2\/types\/post"}],"author":[{"embeddable":true,"href":"http:\/\/www.susannavaris.com\/blogg\/wp-json\/wp\/v2\/users\/1"}],"replies":[{"embeddable":true,"href":"http:\/\/www.susannavaris.com\/blogg\/wp-json\/wp\/v2\/comments?post=13563"}],"version-history":[{"count":3,"href":"http:\/\/www.susannavaris.com\/blogg\/wp-json\/wp\/v2\/posts\/13563\/revisions"}],"predecessor-version":[{"id":13576,"href":"http:\/\/www.susannavaris.com\/blogg\/wp-json\/wp\/v2\/posts\/13563\/revisions\/13576"}],"wp:attachment":[{"href":"http:\/\/www.susannavaris.com\/blogg\/wp-json\/wp\/v2\/media?parent=13563"}],"wp:term":[{"taxonomy":"category","embeddable":true,"href":"http:\/\/www.susannavaris.com\/blogg\/wp-json\/wp\/v2\/categories?post=13563"},{"taxonomy":"post_tag","embeddable":true,"href":"http:\/\/www.susannavaris.com\/blogg\/wp-json\/wp\/v2\/tags?post=13563"}],"curies":[{"name":"wp","href":"https:\/\/api.w.org\/{rel}","templated":true}]}}