{"id":13581,"date":"2014-10-20T13:29:22","date_gmt":"2014-10-20T11:29:22","guid":{"rendered":"http:\/\/www.susannavaris.com\/blogg\/?p=13581"},"modified":"2014-10-20T14:10:20","modified_gmt":"2014-10-20T12:10:20","slug":"den-dykande-hollandaren","status":"publish","type":"post","link":"http:\/\/www.susannavaris.com\/blogg\/2014\/10\/den-dykande-hollandaren\/","title":{"rendered":"Den Dykande Holl\u00e4ndaren?"},"content":{"rendered":"<p style=\"text-align: center;\"><a href=\"http:\/\/www.susannavaris.com\/blogg\/wp-content\/uploads\/2014\/10\/ubatFlying_Dutchman_the.jpg\"><img loading=\"lazy\" decoding=\"async\" class=\"aligncenter size-full wp-image-13584\" src=\"http:\/\/www.susannavaris.com\/blogg\/wp-content\/uploads\/2014\/10\/ubatFlying_Dutchman_the.jpg\" alt=\"ubatFlying_Dutchman,_the\" width=\"778\" height=\"644\" srcset=\"http:\/\/www.susannavaris.com\/blogg\/wp-content\/uploads\/2014\/10\/ubatFlying_Dutchman_the.jpg 778w, http:\/\/www.susannavaris.com\/blogg\/wp-content\/uploads\/2014\/10\/ubatFlying_Dutchman_the-300x248.jpg 300w\" sizes=\"auto, (max-width: 778px) 100vw, 778px\" \/><\/a><em>The Flying Dutchman av Albert Pinkham Ryder.<\/em><\/p>\n<p>Mycket\u00a0<a href=\"http:\/\/www.svd.se\/nyheter\/inrikes\/forsvarsexperten-detta-bekraftar-att-det-ar-en-rysk-ubat_4023643.svd\">tyder p\u00e5<\/a> att Sveriges territorium kr\u00e4nkts av fr\u00e4mmande makt under de senaste dagarna, en verksamhet som f\u00f6rsvarsmakten menar har p\u00e5g\u00e5tt under l\u00e5ng tid. Lite sammanfattande k\u00e4llor och kommentarer kommer h\u00e4r nedan.<\/p>\n<p>Bloggar som beskriver detta ing\u00e5ende:<\/p>\n<p>Cornucopia?:<\/p>\n<p><a href=\"http:\/\/cornucopia.cornubot.se\/2014\/10\/lackande-rysk-ubat.html\">L\u00e4ckande rysk ub\u00e5t?<\/a>, <a href=\"http:\/\/cornucopia.cornubot.se\/2014\/10\/popcornsondag-vera-efron-spetsnaz.html\">Popcorns\u00f6ndag &#8211; Vera efron: Spetsnaz skrattar \u00e5t svenska f\u00f6rsvaret<\/a>, <a href=\"http:\/\/cornucopia.cornubot.se\/2014\/10\/forsvaret-vi-saknar-ubatsjaktformaga.html\">F\u00f6rsvaret: Vi saknar ub\u00e5tsjaktf\u00f6rm\u00e5ga och<\/a> <a href=\"http:\/\/cornucopia.cornubot.se\/2014\/10\/miljopartiet-fokuserar-i-forsvarsfragan.html\">Milj\u00f6partiet fokuserar i f\u00f6rsvarsfr\u00e5gan <\/a><\/p>\n<p>L\u00f6jesguiden:<\/p>\n<p><a href=\"http:\/\/lojesguiden.wordpress.com\/2014\/10\/20\/med-de-ratta-prioriteterna\/\">Med de r\u00e4tta prioriteringarna<\/a><\/p>\n<p>WTF\/Toklandet:<\/p>\n<p><a href=\"http:\/\/toklandet.wordpress.com\/2014\/10\/19\/ubaten-som-penetrerade-nationen\/\">Ub\u00e5ten som penetrerade nationen<\/a><\/p>\n<p>Fr\u00e5n rysk sida menar man nu att det kan vara en nederl\u00e4ndsk ub\u00e5t som befinner sig i den svenska sk\u00e4rg\u00e5rden (k\u00e4lla: <a href=\"http:\/\/www.aftonbladet.se\/nyheter\/live\/2\/\">Aftonbladet<\/a>):<\/p>\n<blockquote><p><span id=\"txt1343805070\">\u00a0&#8221;&#8221;S\u00e5 h\u00e4r skriver ryska nyhetsbyr\u00e5n RIA Novosti om en eventuell holl\u00e4ndsk ub\u00e5t i svenska sk\u00e4rg\u00e5rden: &#8221;En oidentifierad ub\u00e5t som just nu efters\u00f6ks av Sverige p\u00e5 landets territorialvatten kan tillh\u00f6ra den holl\u00e4ndska marinen, s\u00e4ger en k\u00e4lla vid det ryska f\u00f6rsvarsministeriet till RIA Novosti p\u00e5 m\u00e5ndagen. &#8221;F\u00f6r att minska det sp\u00e4nda l\u00e4get i \u00d6stersj\u00f6n och spara de svenska skattebetalarnas pengar, s\u00e5 rekommenderar vi att man s\u00f6ker efter f\u00f6rklaringar hos den holl\u00e4ndska marinen. F\u00f6rra veckan fullgjorde den holl\u00e4ndska dieseldrivna ub\u00e5ten Bruinvis praktiska uppgifter i Stockholms omedelbara n\u00e4rhet,&#8221; uppgav k\u00e4llan.&#8221;&#8221;<\/span><\/p><\/blockquote>\n<p>Det talas givetvis om ett uppiskad antirysk hysteri i Sverige (k\u00e4lla: samma som ovan: Aftonbaldets live-nyheter):<\/p>\n<blockquote><p><span id=\"txt1343817856\" class=\"cil_text\">&#8221;Ryska tidningen Komsomolskaja Pravda skriver nu att &#8221;svenskarna piskar upp en antirysk hysteri mot bakgrund av uppgifterna om en ub\u00e5t i sk\u00e4rg\u00e5rden&#8221;.&#8221;<br \/>\n<\/span><\/p><\/blockquote>\n<p style=\"text-align: center;\"><a href=\"http:\/\/www.susannavaris.com\/blogg\/wp-content\/uploads\/2014\/10\/ubat.jpg\"><img loading=\"lazy\" decoding=\"async\" class=\"aligncenter size-full wp-image-13582\" src=\"http:\/\/www.susannavaris.com\/blogg\/wp-content\/uploads\/2014\/10\/ubat.jpg\" alt=\"ubat\" width=\"680\" height=\"430\" srcset=\"http:\/\/www.susannavaris.com\/blogg\/wp-content\/uploads\/2014\/10\/ubat.jpg 680w, http:\/\/www.susannavaris.com\/blogg\/wp-content\/uploads\/2014\/10\/ubat-300x189.jpg 300w\" sizes=\"auto, (max-width: 680px) 100vw, 680px\" \/><\/a><em>Sk\u00e4rmdump fr\u00e5n Aftonbladet 141020<\/em><\/p>\n<p>Hollands ambassad avf\u00e4rdar de ryska spekulationerna (k\u00e4lla: Aftonbaldets live-nyheter):<\/p>\n<blockquote><p><span id=\"txt1343819252\" class=\"cil_text\">&#8221;Hollands ambassad avf\u00e4rdar nu \u00e4ven f\u00f6r Aftonbladet uppgifterna om att det \u00e4r en holl\u00e4ndsk ub\u00e5t som r\u00f6rt sig i svenska farvatten.<br \/>\n\u2013 Vi deltog i en \u00f6vning med Sverige i f\u00f6rra veckan, men vi har inte dr\u00f6jt oss kvar i svenska farvatten efter det, s\u00e4ger Frank Schipper, pressansvarig p\u00e5 ambassaden.<br \/>\n&#8211; Om det var v\u00e5r ub\u00e5t skulle vi direkt informera svenska myndigheter om det.<br \/>\nHan kan inte s\u00e4ga exakt n\u00e4r den holl\u00e4ndska ub\u00e5ten ska ha l\u00e4mnat svenskt territorium men s\u00e4ger:<br \/>\n\u2013 Den aktuella ub\u00e5ten \u00e4r nu i Tallin, jag kan med 100 procent s\u00e4kerhet s\u00e4ga att det inte \u00e4r den som orsakat efters\u00f6kningarna.&#8221;<br \/>\n<\/span><\/p><\/blockquote>\n<p>Och jakten forts\u00e4tter&#8230;en svensk ub\u00e5t har\u00a0<a href=\"http:\/\/www.expressen.se\/nyheter\/experten-svensk-ubat-bevakar-ns-concord\/\">skickats ut<\/a> f\u00f6r att punktmarkera det utpekade &#8221;moderskeppet&#8221;, oljetankern M\/S Concord och hittas ub\u00e5ten kommer man sannolikt att <a href=\"http:\/\/www.aftonbladet.se\/nyheter\/article19719213.ab\">anfalla.<br \/>\n<\/a><\/p>\n<p>Huruvida man\u00a0<a href=\"http:\/\/www.expressen.se\/nyheter\/fd-overbefalhavaren-liten-chans-att-lyckas\/\">lyckas hitta<\/a> ub\u00e5ten \u00e5terst\u00e5r att se.<\/p>\n<p style=\"text-align: center;\"><a href=\"http:\/\/www.susannavaris.com\/blogg\/wp-content\/uploads\/2014\/10\/ubat01.jpg\"><img loading=\"lazy\" decoding=\"async\" class=\"aligncenter size-full wp-image-13583\" src=\"http:\/\/www.susannavaris.com\/blogg\/wp-content\/uploads\/2014\/10\/ubat01.jpg\" alt=\"ubat01\" width=\"450\" height=\"289\" srcset=\"http:\/\/www.susannavaris.com\/blogg\/wp-content\/uploads\/2014\/10\/ubat01.jpg 450w, http:\/\/www.susannavaris.com\/blogg\/wp-content\/uploads\/2014\/10\/ubat01-300x192.jpg 300w\" sizes=\"auto, (max-width: 450px) 100vw, 450px\" \/><\/a><em>Finska f\u00f6rsvarsministern Carl Haglund och den nya svenska f\u00f6rsvarsministern Peter Hultquist. Foto: Axel Oweling\/Regeringskansliet <\/em><\/p>\n<p style=\"text-align: left;\">F\u00f6rsvarsminister Peter Hultquist har varit p\u00e5 artighetsvisit i Finland f\u00f6r en tid sedan, men man har ocks\u00e5 talat om ett f\u00f6rdjupat finsk-svenskt\u00a0<a href=\"http:\/\/www.regeringen.se\/sb\/d\/11886\/a\/243206\">f\u00f6rsvarssamarbete<\/a> samt diskuterat situationen i \u00d6stersj\u00f6n.<\/p>\n<p>Markus Aarnio, bef\u00e4lhavare f\u00f6r Finska vikens\u00a0<a href=\"http:\/\/www.puolustusvoimat.fi\/portal\/puolustusvoimat.fi\/!ut\/p\/c5\/vZTLjuIwEEW_hQ8Y_IgTx8s8jHEITggmQDYImDRNIDyaHgz5-s6oVzNSs0JUyZu6Kh_VValAAdo8LK_bzfJzezws92AGCmchsOP2I4iYQMqFMtEpFlkPwpyCKZhBshhX95Nsdk1W0ZHR1bwZV9wMw78vi1X1W2q-w3qHb8NwjIahUkqrFK0Zynsj7gXizBjptH8V_9CSwdBvaXHLiVMUCPhYh-hbdyw-4EoQJNKAQDkOJ0xPqCUmzsP-JKPfOvwhPAjmoKA_uSEsB-gnuvGYZb-OFZEXsl7oYfRKD-nzWf4o14JbCRRxzqDkQT9kXNvSwq-by3_ubkSg2K7qrlnXXdi1GcWUuhhT4lqO3d6a1dzyg4s0nGeLk7YucKrTt6PcBHxqrkukPge9SFWj1WSxKM-HqlE1I03yXjJbSbwZBmh_zv-YOVpv_PWGuEVbuXgejO5aFSYSFQ7enV8yy5k3NUlTHsyHvRu8Hfz4FBxrk7roZn2SDyLLxLs3tKl0b0-IY5uL6utC3C5WHTth4V0xnWFGC-bpRo2bYweo_rEuwam-nnjWb2b_Zel1Ol-cCFBB\/dl3\/d3\/L2dBISEvZ0FBIS9nQSEh\/?pcid=83c62d0040016c70adc3ed815865e67e\">marinkommando<\/a> i Finland,\u00a0<a href=\"http:\/\/www.hs.fi\/ulkomaat\/a1413682715917\">anser<\/a> inte att de f\u00f6religger n\u00e5gon skillnad gentemot de kr\u00e4nkningar av svenskt luftrum som tidigare f\u00f6rekommit (exempelvis kring den sk ryska p\u00e5sken); &#8221;En kr\u00e4nkning av ett lands territorium \u00e4r alltid en kr\u00e4nkning av dess gr\u00e4nser. Oavsett om det sker i luften eller p\u00e5 havet s\u00e5 \u00e4r det fr\u00e5gan om en kriminell handling som ska unders\u00f6kas.&#8221;<\/p>\n<p>F\u00f6rsvarsministern har\u00a0<a href=\"http:\/\/www.aftonbladet.se\/nyheter\/article19721756.ab\">informerat<\/a> regeringen om den p\u00e5g\u00e5ende insatsen i sk\u00e4rg\u00e5rden och utrikesministern\u00a0<a href=\"http:\/\/www.aftonbladet.se\/nyheter\/article19721756.ab\">litar p\u00e5<\/a> f\u00f6rsvaret och EU.<\/p>\n<p>I blogginl\u00e4ggen ovan har redan tweeten fr\u00e5n Jakop Dalunde avhandlats, men jag var bara tvungen att ge den gode milj\u00f6partisten ett f\u00f6rslag:<\/p>\n<blockquote class=\"twitter-tweet\" lang=\"en\"><p><a href=\"https:\/\/twitter.com\/JakopDalunde\">@JakopDalunde<\/a> En genusvetare kanske? <a href=\"http:\/\/t.co\/Q6dogkd5tO\">http:\/\/t.co\/Q6dogkd5tO<\/a><\/p>\n<p>\u2014 Susanna Varis (@SVaris) <a href=\"https:\/\/twitter.com\/SVaris\/status\/523947414559141888\">October 19, 2014<\/a><\/p><\/blockquote>\n<p><script src=\"\/\/platform.twitter.com\/widgets.js\" async=\"\" charset=\"utf-8\"><\/script><\/p>\n<p>B\u00e5de WTF\/Toklandet och L\u00f6jesguiden har redan haft uppe det legendariska ub\u00e5stsseminariet p\u00e5 S\u00f6dert\u00f6rn:<\/p>\n<blockquote><p>&#8221;Hur beskrevs hotet fr\u00e5n \u00f6ster? Vilka genusanalyser kan man g\u00f6ra av ub\u00e5tskrisen? P\u00e5 plats \u00e4r statsvetaren P\u00e4r Dal\u00e9us, genusforskaren Anna Lundberg, Rysslandsforskaren Susanna Rabow-Edling och ekonomihistorikern Emma Rosengren.<br \/>\n\u2013 Ofta brukar man koppla h\u00e4ndelsen till relationen mellan svensk neutralitet och ub\u00e5tskr\u00e4nkningar. Jag \u00e4r nyfiken p\u00e5 andra vinklar, s\u00e4ger hon.&#8221;<\/p>\n<p>[&#8230;]<\/p>\n<p>&#8221;Enligt Emma Rosengren kom sj\u00e4lva ub\u00e5tsfr\u00e5gan att handla lika mycket om genus som om kaptenen var vilse eller full.<br \/>\n\u2013 P\u00e5 ett symboliskt plan kan ub\u00e5ten som gick p\u00e5 grund ses som den absoluta kr\u00e4nkningen. En annan stat penetrerar den egna nationens, i det h\u00e4r fallet Moder Sveas gr\u00e4nser. H\u00e4r kan vi se hur genus g\u00e5r igen i symbolik och spr\u00e5kbruk, s\u00e4ger hon.<br \/>\nSom svar p\u00e5 kr\u00e4nkningen inkallades den starka arm\u00e9n f\u00f6r att \u00e5terst\u00e4lla rikets heder, k\u00e4nsla av kontroll och inte minst k\u00e4nslan av beskydd.<br \/>\n\u2013 Det svenska f\u00f6rsvarets styrka s\u00e5gs som en oerh\u00f6rd tillg\u00e5ng, s\u00e4ger Emma Rosengren.&#8221;<\/p>\n<p>[&#8230;]<\/p>\n<p>&#8221;F\u00f6r att ge en bakgrund till h\u00e4ndelsen ger Emma Rosengren en tillbakablick \u00f6ver k\u00e4rnvapendebatten p\u00e5 50-talet. Hon menar att d\u00e5tidens tal om att skydda nationella s\u00e4rintressen kan sp\u00e5ras tillbaka till f\u00f6rest\u00e4llningar om starka, bev\u00e4pnade m\u00e4n som ska beskydda svaga och obev\u00e4pnade kvinnor.<br \/>\n\u2013 Men paradoxen med denna beskyddslogik \u00e4r att milit\u00e4ra insatser orsakar stort lidande bland civila, och s\u00e4rskilt drabbade \u00e4r kvinnor. Resultatet blir allts\u00e5 inte skydd utan det omv\u00e4nda, s\u00e4ger hon.&#8221;<\/p>\n<p>[&#8230;]<\/p>\n<p>&#8221;\u2013 Krig \u00e4r m\u00e4nnens arena. Men vad h\u00e4nder n\u00e4r de schabblar till det?<br \/>\nHon menar att bilden av maskuliniteten b\u00f6rjade krackelera. Och ifr\u00e5gas\u00e4ttandet av traditionella k\u00f6nsroller tog vid.<br \/>\n\u2013 Jag ser den h\u00e4r h\u00e4ndelsen som en liten kugge i ett hjul mot en f\u00f6rskjutning av k\u00f6nsordningen, avslutar Anna Lundberg.&#8221;<\/p><\/blockquote>\n<p>Ypperligt tillf\u00e4lle att f\u00f6rskjuta k\u00f6nsordningar s\u00e5ledes. Lyckas inte f\u00f6rsvaret att f\u00e5 tag p\u00e5 ub\u00e5ten &#8221;krackelerar maskuliniteten&#8221; igen och ifr\u00e5gas\u00e4ttandet av traditionella k\u00f6nsroller kan ta vid. \u00c4r det den h\u00e4r sortens expertis och andra perspektiv som Dalunde hellre hade sett i Agenda?<\/p>\n<p><strong>Till\u00e4gg:<\/strong><\/p>\n<p>WTF\/Toklandet har f\u00f6rst\u00e5s redan hunnit f\u00f6lja upp Dalunde-historian med f\u00f6ljande <a href=\"http:\/\/toklandet.wordpress.com\/2014\/10\/20\/genus-mangfald-och-logner\/\">inl\u00e4gg<\/a>. Av allt att d\u00f6ma vill riksdagsledamoten Dalunde nu, efter att ha f\u00e5tt mothugg, dra p\u00e5 sig offerkoftan och st\u00e4mpla de som kritiserar eller inte delar hans syn som rasister(?). Jag kommenterade WTF\/Toklandets utm\u00e4rkta inl\u00e4gg s\u00e5 h\u00e4r:<\/p>\n<blockquote><p>&#8221;Bravo! utm\u00e4rkt inl\u00e4gg och jag h\u00e5ller fullst\u00e4ndigt med om att genustomteri kan v\u00e4l genustomtarna f\u00e5 h\u00e5lla p\u00e5 med, men just det kategoriska st\u00e4mplandet av kritik och andra \u00e5sikter som kvinnohat och rasism \u00e4r fan ta mig inte ok. Framf\u00f6r allt inte fr\u00e5n en riksdagsledamot!&#8221;<\/p><\/blockquote>\n<p>M\u00e5ngfalds- och tolerans-maffian in action i vanlig ordning. Inget beteende som tyv\u00e4rr kan accepteras hos en riksdagsledamot.<\/p>\n<p>&nbsp;<\/p>\n","protected":false},"excerpt":{"rendered":"<p>The Flying Dutchman av Albert Pinkham Ryder. Mycket\u00a0tyder p\u00e5 att Sveriges territorium kr\u00e4nkts av fr\u00e4mmande makt under de senaste dagarna, en verksamhet som f\u00f6rsvarsmakten menar har p\u00e5g\u00e5tt under l\u00e5ng tid. Lite sammanfattande k\u00e4llor och kommentarer kommer h\u00e4r nedan. Bloggar som &hellip; <a href=\"http:\/\/www.susannavaris.com\/blogg\/2014\/10\/den-dykande-hollandaren\/\">Forts\u00e4tt l\u00e4sa <span class=\"meta-nav\">&rarr;<\/span><\/a><\/p>\n","protected":false},"author":1,"featured_media":0,"comment_status":"open","ping_status":"open","sticky":false,"template":"","format":"standard","meta":{"footnotes":""},"categories":[107,154,259,1321,1,590],"tags":[4364,4367,4346,4899,4903,4361,4363,2305,4366,4336,4365,4362,4360,4358,4359],"class_list":["post-13581","post","type-post","status-publish","format-standard","hentry","category-finland","category-genus","category-genusvetenskap","category-jamstalldhet","category-okategoriserade","category-politik","tag-carl-haglund","tag-finska-vikens-marinkommando","tag-forsvaret","tag-genus","tag-genusvetenskap","tag-holland","tag-ms-concord","tag-margot-wallstrom","tag-markus-aarnio","tag-ostersjon","tag-peter-hultquist","tag-ryska-pasken","tag-ryssland","tag-ubat","tag-ubatsjakt"],"_links":{"self":[{"href":"http:\/\/www.susannavaris.com\/blogg\/wp-json\/wp\/v2\/posts\/13581","targetHints":{"allow":["GET"]}}],"collection":[{"href":"http:\/\/www.susannavaris.com\/blogg\/wp-json\/wp\/v2\/posts"}],"about":[{"href":"http:\/\/www.susannavaris.com\/blogg\/wp-json\/wp\/v2\/types\/post"}],"author":[{"embeddable":true,"href":"http:\/\/www.susannavaris.com\/blogg\/wp-json\/wp\/v2\/users\/1"}],"replies":[{"embeddable":true,"href":"http:\/\/www.susannavaris.com\/blogg\/wp-json\/wp\/v2\/comments?post=13581"}],"version-history":[{"count":6,"href":"http:\/\/www.susannavaris.com\/blogg\/wp-json\/wp\/v2\/posts\/13581\/revisions"}],"predecessor-version":[{"id":13590,"href":"http:\/\/www.susannavaris.com\/blogg\/wp-json\/wp\/v2\/posts\/13581\/revisions\/13590"}],"wp:attachment":[{"href":"http:\/\/www.susannavaris.com\/blogg\/wp-json\/wp\/v2\/media?parent=13581"}],"wp:term":[{"taxonomy":"category","embeddable":true,"href":"http:\/\/www.susannavaris.com\/blogg\/wp-json\/wp\/v2\/categories?post=13581"},{"taxonomy":"post_tag","embeddable":true,"href":"http:\/\/www.susannavaris.com\/blogg\/wp-json\/wp\/v2\/tags?post=13581"}],"curies":[{"name":"wp","href":"https:\/\/api.w.org\/{rel}","templated":true}]}}