{"id":13617,"date":"2014-10-21T13:00:26","date_gmt":"2014-10-21T11:00:26","guid":{"rendered":"http:\/\/www.susannavaris.com\/blogg\/?p=13617"},"modified":"2014-10-22T19:03:57","modified_gmt":"2014-10-22T17:03:57","slug":"f-bidrar-med-en-sakerhetspolitisk-analys","status":"publish","type":"post","link":"http:\/\/www.susannavaris.com\/blogg\/2014\/10\/f-bidrar-med-en-sakerhetspolitisk-analys\/","title":{"rendered":"F! bidrar med en s\u00e4kerhetspolitisk analys"},"content":{"rendered":"<p style=\"text-align: center;\"><a href=\"http:\/\/www.susannavaris.com\/blogg\/wp-content\/uploads\/2014\/10\/Schyman-f\u00f6rsvar.jpg\"><img loading=\"lazy\" decoding=\"async\" class=\"aligncenter size-full wp-image-13618\" src=\"http:\/\/www.susannavaris.com\/blogg\/wp-content\/uploads\/2014\/10\/Schyman-f\u00f6rsvar.jpg\" alt=\"Schyman-f\u00f6rsvar\" width=\"593\" height=\"408\" srcset=\"http:\/\/www.susannavaris.com\/blogg\/wp-content\/uploads\/2014\/10\/Schyman-f\u00f6rsvar.jpg 593w, http:\/\/www.susannavaris.com\/blogg\/wp-content\/uploads\/2014\/10\/Schyman-f\u00f6rsvar-300x206.jpg 300w\" sizes=\"auto, (max-width: 593px) 100vw, 593px\" \/><\/a><em>Gudrun anser att det finns s\u00e4kerhetspolitiska problemomr\u00e5den, men vill \u00e4nd\u00e5 skrota f\u00f6rsvaret. Bild fr\u00e5n R\u00f6dgr\u00f6nr\u00f6ra.nu<\/em><\/p>\n<p>I Expressen finns idag ett\u00a0<a href=\"http:\/\/www.expressen.se\/debatt\/julafton-for-patriarkala-forsvarsromantiker\/\">debattartikel<\/a> signerat Gudrun Schyman och Veronica Sv\u00e4rd fr\u00e5n F! Goda r\u00e5d till den feministiska regeringen st\u00e5r som sp\u00f6n i backen i denna lilla skrift:<\/p>\n<blockquote><p>&#8221;Men satsningarna p\u00e5 ub\u00e5tsjakter, sjunkbomber och avlyssning har inget med fredsbevarande att g\u00f6ra \u2013 det handlar om en f\u00f6r\u00e5ldrad patriarkal politik som f\u00e5r f\u00f6rsvarsromantiker att fira julafton!&#8221;<\/p>\n<p>[&#8230;]<\/p>\n<p>&#8221;Den upptrissade upprustningsdebatten som p\u00e5g\u00e5tt de senaste m\u00e5naderna n\u00e5r allt h\u00f6gre h\u00f6jder. F\u00f6rsvarsmakten har lokaliserat en ub\u00e5t och pl\u00f6tsligt blir utl\u00e4ndska farkoster misst\u00e4nkta f\u00f6r att vara ett milit\u00e4rt hot mot Sveriges s\u00e4kerhet. Men f\u00f6r att tala lite klarspr\u00e5k s\u00e5 har inga hot riktats mot Sverige. Att ub\u00e5tar finns i gr\u00e4nstrakterna \u00e4r inte ett hot om krig, det tillh\u00f6r deras arbete.&#8221;<\/p>\n<address>[&#8230;]<\/address>\n<address>\u00a0<\/address>\n<address>&#8221;Ett st\u00f6rre fokus p\u00e5 konfliktf\u00f6rebyggande, som att Sverige tog initiativ till samtal med Ryssland om deras f\u00f6rmodade nyfikenhet, hade varit s\u00e4kerhetspolitiskt mer strategiskt. Det \u00e4r samtal som skapar h\u00e5llbar s\u00e4kerhet, inte att tolka andras vaga signaler om n\u00e4rmanden som krigsf\u00f6rberedelser och bidra till ett milit\u00e4rt upptrissat tonl\u00e4ge d\u00e4r muskler m\u00e4ts mot varandra.&#8221;<\/address>\n<address>\u00a0<\/address>\n<\/blockquote>\n<p>(Det h\u00e4r l\u00e5ter som en parafras p\u00e5 en f\u00f6r\u00e5ldrad relationsgivningsspalt: &#8221;Ett b\u00e4ttre s\u00e4tt f\u00f6r dig att n\u00e4rma dig denna pojke, \u00e4r att inleda ett samtal om hans f\u00f6rmodade nyfikenhet. Det \u00e4r samtal som skapar h\u00e5llbara relationer, inte att tolka andras vaga signaler om n\u00e4rmanden som f\u00f6rberedelser till \u00f6vergrepp och bidra till ett upptrissat tonl\u00e4ge&#8230;&#8221;)<\/p>\n<blockquote><p>&#8221;Sverige har aldrig kunnat, och kommer aldrig att kunna, m\u00e4ta sig med milit\u00e4ra stormakter.&#8221;<\/p><\/blockquote>\n<p>Direkt felaktigt p\u00e5st\u00e5ende (Sverige har b\u00e5de varit en stormakt historiskt sett och haft en v\u00e4l konkurrenskraftig milit\u00e4r i n\u00e4ra samtid9 som dessutom mots\u00e4ger meningen innan:<\/p>\n<blockquote><p>&#8221;Skr\u00e4mselbilden som m\u00e5las upp att F\u00f6rsvarsmakten inte kan skydda Sverige vid ett eventuellt milit\u00e4rt angrepp \u00e4r historiel\u00f6s.&#8221;<\/p>\n<address>[&#8230;]<\/address>\n<address>\u00a0<\/address>\n<address>&#8221;V\u00e5rt st\u00f6rsta s\u00e4kerhetshot \u00e4r inte Ryssland. F\u00f6rsvarsberedningen liksom FN har konstaterat att v\u00e5ra st\u00f6rsta s\u00e4kerhetshot \u00e4r klimatf\u00f6r\u00e4ndringar respektive m\u00e4ns v\u00e5ld mot kvinnor som sk\u00f6rdar betydligt fler liv \u00e4n de som sammantaget d\u00f6r i milit\u00e4ra konflikter.&#8221;<\/address>\n<address>\u00a0<\/address>\n<\/blockquote>\n<p>Biltrafiken d\u00e5? N\u00e4r ska de milit\u00e4ra resurserna s\u00e4ttas in f\u00f6r att bek\u00e4mpa biltrafik?<\/p>\n<blockquote><p>&#8221;Liksom FN uppmanar Feministiskt initiativ till nedrustning och \u00f6kade insatser p\u00e5 konfliktf\u00f6rebyggande och konfliktl\u00f6sande arbete. S\u00e4kerhet byggs genom nedrustning, diplomati, satsningar p\u00e5 m\u00e4nniskors v\u00e4lf\u00e4rd och att motverka den globala uppv\u00e4rmningen.&#8221;<\/p><\/blockquote>\n<p>Javisst, ingen f\u00f6rnekar betydelsen av dessa saker, med varierande \u00e5sikter om den globala uppv\u00e4rmningen d\u00e5. Men sedan hittar F! \u00e5ter sin huvudfiende:<\/p>\n<blockquote><p>&#8221;Parallellt m\u00e5ste vi g\u00f6ra upp med den maskulinitet som genom sitt v\u00e5ldsf\u00f6rh\u00e4rligande bidrar till d\u00f6d p\u00e5 samh\u00e4llets alla niv\u00e5er.&#8221;<\/p><\/blockquote>\n<p>Gud och dj\u00e4vulen identifierade, s\u00e5 sk\u00f6nt. Slipper vi t\u00e4nka mer p\u00e5 det. Det \u00e4r ju bara m\u00e4n som skapar normer om maskulinitet? V\u00e5ldsbrottslingar f\u00e5r inga k\u00e4rleksbrev p\u00e5 f\u00e4ngelserna? Kvinnor \u00e4r aldrig v\u00e5ldsamma? Kvinnor premierar aldrig v\u00e5ldsamma m\u00e4n?<\/p>\n<p style=\"text-align: center;\"><a href=\"http:\/\/www.susannavaris.com\/blogg\/wp-content\/uploads\/2014\/10\/stella-46-cake-bomb-lg.jpg\"><img loading=\"lazy\" decoding=\"async\" class=\"aligncenter size-full wp-image-13619\" src=\"http:\/\/www.susannavaris.com\/blogg\/wp-content\/uploads\/2014\/10\/stella-46-cake-bomb-lg.jpg\" alt=\"stella-46-cake-bomb-lg\" width=\"396\" height=\"600\" srcset=\"http:\/\/www.susannavaris.com\/blogg\/wp-content\/uploads\/2014\/10\/stella-46-cake-bomb-lg.jpg 396w, http:\/\/www.susannavaris.com\/blogg\/wp-content\/uploads\/2014\/10\/stella-46-cake-bomb-lg-198x300.jpg 198w\" sizes=\"auto, (max-width: 396px) 100vw, 396px\" \/><\/a><em>Vykortsmotiv av Stella Marrs, involverad i den anarkafeministiska Rrriot Grrrl-r\u00f6relsen.<\/em><\/p>\n<blockquote><p>&#8221;En f\u00f6r\u00e5ldrad patriarkal f\u00f6rsvarspolitik som drivs av m\u00e4n \u00e4r ingen framg\u00e5ngssaga, tv\u00e4rtom. D\u00e4rf\u00f6r \u00e4r det nedsl\u00e5ende att konstatera att vi har 13 m\u00e4n och 4 kvinnor i riksdagens f\u00f6rsvarsutskott samt en man som f\u00f6rsvarsminister.&#8221;<\/p><\/blockquote>\n<p>Allt blev ju frid, fr\u00f6jd och blomster\u00e4ngar med fru Thatcher och fru Rice vid rodren?<\/p>\n<blockquote><p>&#8221;Vi gladdes \u00e5t nyheten att utrikesdepartementet f\u00e5tt tv\u00e5 kvinnliga ministrar som gett tydliga signaler om en feministisk utrikespolitiskt utveckling de kommande \u00e5ren. Vi undrar nu var denna framsynta h\u00e5llning tagit v\u00e4gen hos den regering som utn\u00e4mnt sig sj\u00e4lv till feministisk? Kommer den forts\u00e4tta g\u00e5 sin patriarkala milit\u00e4ra v\u00e4g?&#8221;<\/p><\/blockquote>\n<p>N\u00e5, Stefan L\u00f6fv\u00e9n?<\/p>\n<p>Cornucopia? om samma \u00e4mne <a href=\"http:\/\/cornucopia.cornubot.se\/2014\/10\/gudrun-schyman-stockholms-inre-skargard.html\">h\u00e4r<\/a>.<\/p>\n<p>Bloggen Enligt Min Humla om samma <a href=\"http:\/\/scriptorium.se\/josh\/2014\/10\/21\/ingenting-ar-for-stort-eller-for-litet-for-rosa-glasogon\/\">h\u00e4r<\/a>.<\/p>\n<p>Toklandet <a href=\"http:\/\/toklandet.wordpress.com\/2014\/10\/22\/rosa-sjalvforsvar\/\">h\u00e4r<\/a>.<\/p>\n<p>&nbsp;<\/p>\n<address>\u00a0<\/address>\n","protected":false},"excerpt":{"rendered":"<p>Gudrun anser att det finns s\u00e4kerhetspolitiska problemomr\u00e5den, men vill \u00e4nd\u00e5 skrota f\u00f6rsvaret. Bild fr\u00e5n R\u00f6dgr\u00f6nr\u00f6ra.nu I Expressen finns idag ett\u00a0debattartikel signerat Gudrun Schyman och Veronica Sv\u00e4rd fr\u00e5n F! Goda r\u00e5d till den feministiska regeringen st\u00e5r som sp\u00f6n i backen i &hellip; <a href=\"http:\/\/www.susannavaris.com\/blogg\/2014\/10\/f-bidrar-med-en-sakerhetspolitisk-analys\/\">Forts\u00e4tt l\u00e4sa <span class=\"meta-nav\">&rarr;<\/span><\/a><\/p>\n","protected":false},"author":1,"featured_media":0,"comment_status":"open","ping_status":"open","sticky":false,"template":"","format":"standard","meta":{"footnotes":""},"categories":[181,154,259,674,3358,1321,3787,1,590,403,303],"tags":[3019,3557,4900,3558,4346,4899,2047,4360,4379,1357,4380,4358,4378],"class_list":["post-13617","post","type-post","status-publish","format-standard","hentry","category-feminism","category-genus","category-genusvetenskap","category-historia","category-identitetspolitik","category-jamstalldhet","category-misandri-i-media","category-okategoriserade","category-politik","category-pseudovetenskap","category-religion","tag-anarkafeminism","tag-f","tag-feminism","tag-feministiskt-initiativ","tag-forsvaret","tag-genus","tag-gudrun-schyman","tag-ryssland","tag-sakerhetspolitik","tag-stefan-lofven","tag-stella-marrs","tag-ubat","tag-veronica-svard"],"_links":{"self":[{"href":"http:\/\/www.susannavaris.com\/blogg\/wp-json\/wp\/v2\/posts\/13617","targetHints":{"allow":["GET"]}}],"collection":[{"href":"http:\/\/www.susannavaris.com\/blogg\/wp-json\/wp\/v2\/posts"}],"about":[{"href":"http:\/\/www.susannavaris.com\/blogg\/wp-json\/wp\/v2\/types\/post"}],"author":[{"embeddable":true,"href":"http:\/\/www.susannavaris.com\/blogg\/wp-json\/wp\/v2\/users\/1"}],"replies":[{"embeddable":true,"href":"http:\/\/www.susannavaris.com\/blogg\/wp-json\/wp\/v2\/comments?post=13617"}],"version-history":[{"count":4,"href":"http:\/\/www.susannavaris.com\/blogg\/wp-json\/wp\/v2\/posts\/13617\/revisions"}],"predecessor-version":[{"id":13648,"href":"http:\/\/www.susannavaris.com\/blogg\/wp-json\/wp\/v2\/posts\/13617\/revisions\/13648"}],"wp:attachment":[{"href":"http:\/\/www.susannavaris.com\/blogg\/wp-json\/wp\/v2\/media?parent=13617"}],"wp:term":[{"taxonomy":"category","embeddable":true,"href":"http:\/\/www.susannavaris.com\/blogg\/wp-json\/wp\/v2\/categories?post=13617"},{"taxonomy":"post_tag","embeddable":true,"href":"http:\/\/www.susannavaris.com\/blogg\/wp-json\/wp\/v2\/tags?post=13617"}],"curies":[{"name":"wp","href":"https:\/\/api.w.org\/{rel}","templated":true}]}}