{"id":13622,"date":"2014-10-21T20:57:56","date_gmt":"2014-10-21T18:57:56","guid":{"rendered":"http:\/\/www.susannavaris.com\/blogg\/?p=13622"},"modified":"2014-10-21T20:57:56","modified_gmt":"2014-10-21T18:57:56","slug":"tre-unga-mansaktivister-beskriver-hur-man-blir-kvinna","status":"publish","type":"post","link":"http:\/\/www.susannavaris.com\/blogg\/2014\/10\/tre-unga-mansaktivister-beskriver-hur-man-blir-kvinna\/","title":{"rendered":"Tre unga mansaktivister beskriver hur man blir kvinna"},"content":{"rendered":"<p>&#8230;i public service.<\/p>\n<p>Nej, det g\u00f6r de s\u00e5 klart inte. Men d\u00e4remot tre unga, feministiska kvinnor ur Stockholms media-ankdamm som beskriver hur det \u00e4r att vara man och hur man blir man.<\/p>\n<p style=\"text-align: center;\"><a href=\"http:\/\/www.susannavaris.com\/blogg\/wp-content\/uploads\/2014\/10\/dok-gruppen-herrarna-02-jpg.jpg\"><img loading=\"lazy\" decoding=\"async\" class=\"aligncenter size-full wp-image-13623\" src=\"http:\/\/www.susannavaris.com\/blogg\/wp-content\/uploads\/2014\/10\/dok-gruppen-herrarna-02-jpg.jpg\" alt=\"dok-gruppen-herrarna-02-jpg\" width=\"650\" height=\"366\" srcset=\"http:\/\/www.susannavaris.com\/blogg\/wp-content\/uploads\/2014\/10\/dok-gruppen-herrarna-02-jpg.jpg 650w, http:\/\/www.susannavaris.com\/blogg\/wp-content\/uploads\/2014\/10\/dok-gruppen-herrarna-02-jpg-300x168.jpg 300w\" sizes=\"auto, (max-width: 650px) 100vw, 650px\" \/><\/a><em><span class=\"svtXDisplayBlock svtXClearFix \"><span class=\"svtXFloatLeft svtXMaxWidth75p\"><span class=\"svtXPadding-Right-10px\">Bild och bildtext fr\u00e5n SVT: &#8221;Bianca Kronl\u00f6f, Nina Haber och Elin S\u00f6derquist i arbetet med deras st\u00f6rsta utmaning hittils: en humoristisk uppg\u00f6relse med patriarkatet.&#8221;<\/span><\/span><\/span><\/em><\/p>\n<p><a href=\"http:\/\/www.svt.se\/k-special\/gruppen-och-herrarna\">Gruppen och Herrarna<\/a>, \u00e4nnu ett program i SVT som jag inte beh\u00f6ver se.<\/p>\n","protected":false},"excerpt":{"rendered":"<p>&#8230;i public service. Nej, det g\u00f6r de s\u00e5 klart inte. Men d\u00e4remot tre unga, feministiska kvinnor ur Stockholms media-ankdamm som beskriver hur det \u00e4r att vara man och hur man blir man. Bild och bildtext fr\u00e5n SVT: &#8221;Bianca Kronl\u00f6f, Nina &hellip; <a href=\"http:\/\/www.susannavaris.com\/blogg\/2014\/10\/tre-unga-mansaktivister-beskriver-hur-man-blir-kvinna\/\">Forts\u00e4tt l\u00e4sa <span class=\"meta-nav\">&rarr;<\/span><\/a><\/p>\n","protected":false},"author":1,"featured_media":0,"comment_status":"open","ping_status":"open","sticky":false,"template":"","format":"standard","meta":{"footnotes":""},"categories":[181,154,259,3358,1928,1162,589,1,590,403,384],"tags":[2823,4383,4900,4899,4381,4382,1543,3651,938],"class_list":["post-13622","post","type-post","status-publish","format-standard","hentry","category-feminism","category-genus","category-genusvetenskap","category-identitetspolitik","category-journalistik","category-kultur","category-medier","category-okategoriserade","category-politik","category-pseudovetenskap","category-tv","tag-bianca-kronlof","tag-elin-soderquist","tag-feminism","tag-genus","tag-gruppen-och-herrarna","tag-nina-haber","tag-patriarkat","tag-public-service","tag-svt"],"_links":{"self":[{"href":"http:\/\/www.susannavaris.com\/blogg\/wp-json\/wp\/v2\/posts\/13622","targetHints":{"allow":["GET"]}}],"collection":[{"href":"http:\/\/www.susannavaris.com\/blogg\/wp-json\/wp\/v2\/posts"}],"about":[{"href":"http:\/\/www.susannavaris.com\/blogg\/wp-json\/wp\/v2\/types\/post"}],"author":[{"embeddable":true,"href":"http:\/\/www.susannavaris.com\/blogg\/wp-json\/wp\/v2\/users\/1"}],"replies":[{"embeddable":true,"href":"http:\/\/www.susannavaris.com\/blogg\/wp-json\/wp\/v2\/comments?post=13622"}],"version-history":[{"count":1,"href":"http:\/\/www.susannavaris.com\/blogg\/wp-json\/wp\/v2\/posts\/13622\/revisions"}],"predecessor-version":[{"id":13624,"href":"http:\/\/www.susannavaris.com\/blogg\/wp-json\/wp\/v2\/posts\/13622\/revisions\/13624"}],"wp:attachment":[{"href":"http:\/\/www.susannavaris.com\/blogg\/wp-json\/wp\/v2\/media?parent=13622"}],"wp:term":[{"taxonomy":"category","embeddable":true,"href":"http:\/\/www.susannavaris.com\/blogg\/wp-json\/wp\/v2\/categories?post=13622"},{"taxonomy":"post_tag","embeddable":true,"href":"http:\/\/www.susannavaris.com\/blogg\/wp-json\/wp\/v2\/tags?post=13622"}],"curies":[{"name":"wp","href":"https:\/\/api.w.org\/{rel}","templated":true}]}}