{"id":13626,"date":"2014-10-21T22:55:09","date_gmt":"2014-10-21T20:55:09","guid":{"rendered":"http:\/\/www.susannavaris.com\/blogg\/?p=13626"},"modified":"2014-10-21T22:55:09","modified_gmt":"2014-10-21T20:55:09","slug":"r-i-p-oscar-de-la-renta","status":"publish","type":"post","link":"http:\/\/www.susannavaris.com\/blogg\/2014\/10\/r-i-p-oscar-de-la-renta\/","title":{"rendered":"R.I.P. Oscar de la Renta"},"content":{"rendered":"<p>Modeskaparen Oscar de la Renta har g\u00e5tt bort, 82 \u00e5r gammal. de la Renta var en de maffiga, ofta spansk-inspirerade galabl\u00e5sornas och br\u00f6llopskl\u00e4nningarnas kung. de la Renta skapade \u00e4ven kl\u00e4der \u00e5t den stora modeikonen Jaqueline Kennedy. Han b\u00f6rjade sin karri\u00e4r hos Antonio Castillo och Christobal Balenciaga i Paris, men gick sedan \u00f6ver till Elizabeth Arden i New York, f\u00f6r att slutligen \u00f6ppna ett eget modehus. P\u00e5 senare tid har han \u00e4ven designat \u00e5t m\u00e4rket Balmain.<\/p>\n<p>En av mina f\u00f6rsta parfymer kom fr\u00e5n Oscar de la Renta. Serien Sex and the City, som jag \u00e4r ett stort fan av, inneh\u00e5ller sj\u00e4lvklart en m\u00e4ngd kreationer fr\u00e5n hans modehus.<\/p>\n<p style=\"text-align: center;\"><a href=\"http:\/\/www.susannavaris.com\/blogg\/wp-content\/uploads\/2014\/10\/Oscar_de_la_Renta_by_foto_di_matti.jpg\"><img loading=\"lazy\" decoding=\"async\" class=\"aligncenter size-full wp-image-13627\" src=\"http:\/\/www.susannavaris.com\/blogg\/wp-content\/uploads\/2014\/10\/Oscar_de_la_Renta_by_foto_di_matti.jpg\" alt=\"Oscar_de_la_Renta_by_foto_di_matti\" width=\"250\" height=\"351\" srcset=\"http:\/\/www.susannavaris.com\/blogg\/wp-content\/uploads\/2014\/10\/Oscar_de_la_Renta_by_foto_di_matti.jpg 250w, http:\/\/www.susannavaris.com\/blogg\/wp-content\/uploads\/2014\/10\/Oscar_de_la_Renta_by_foto_di_matti-213x300.jpg 213w\" sizes=\"auto, (max-width: 250px) 100vw, 250px\" \/><\/a><em>Oscar de la Renta<\/em><\/p>\n<p style=\"text-align: center;\"><a href=\"http:\/\/www.susannavaris.com\/blogg\/wp-content\/uploads\/2014\/10\/oscar01.jpg\"><img loading=\"lazy\" decoding=\"async\" class=\"aligncenter size-full wp-image-13628\" src=\"http:\/\/www.susannavaris.com\/blogg\/wp-content\/uploads\/2014\/10\/oscar01.jpg\" alt=\"oscar01\" width=\"450\" height=\"281\" srcset=\"http:\/\/www.susannavaris.com\/blogg\/wp-content\/uploads\/2014\/10\/oscar01.jpg 450w, http:\/\/www.susannavaris.com\/blogg\/wp-content\/uploads\/2014\/10\/oscar01-300x187.jpg 300w\" sizes=\"auto, (max-width: 450px) 100vw, 450px\" \/><\/a><\/p>\n<p style=\"text-align: center;\">\n<p style=\"text-align: center;\">\n<p style=\"text-align: center;\">\n<p style=\"text-align: center;\">\n<p style=\"text-align: center;\"><em>Carrie Bradshaw i Sex and the City, \u00f6vergiven p\u00e5 hotellet i tusenlagerskl\u00e4nningen&#8230;<\/em><\/p>\n<p style=\"text-align: center;\"><a href=\"http:\/\/www.susannavaris.com\/blogg\/wp-content\/uploads\/2014\/10\/oscar02.jpg\"><\/p>\n<p><img loading=\"lazy\" decoding=\"async\" class=\"aligncenter size-full wp-image-13629\" src=\"http:\/\/www.susannavaris.com\/blogg\/wp-content\/uploads\/2014\/10\/oscar02.jpg\" alt=\"oscar02\" width=\"236\" height=\"354\" srcset=\"http:\/\/www.susannavaris.com\/blogg\/wp-content\/uploads\/2014\/10\/oscar02.jpg 236w, http:\/\/www.susannavaris.com\/blogg\/wp-content\/uploads\/2014\/10\/oscar02-200x300.jpg 200w\" sizes=\"auto, (max-width: 236px) 100vw, 236px\" \/><\/a><\/p>\n<p style=\"text-align: center;\"><em>Sarah Jessica Parker och Oscar de la Renta<\/em><\/p>\n<p style=\"text-align: center;\"><a href=\"http:\/\/www.susannavaris.com\/blogg\/wp-content\/uploads\/2014\/10\/oscar080310-jackie-o-300.jpg\"><img loading=\"lazy\" decoding=\"async\" class=\"aligncenter size-full wp-image-13630\" src=\"http:\/\/www.susannavaris.com\/blogg\/wp-content\/uploads\/2014\/10\/oscar080310-jackie-o-300.jpg\" alt=\"oscar080310-jackie-o-300\" width=\"300\" height=\"400\" srcset=\"http:\/\/www.susannavaris.com\/blogg\/wp-content\/uploads\/2014\/10\/oscar080310-jackie-o-300.jpg 300w, http:\/\/www.susannavaris.com\/blogg\/wp-content\/uploads\/2014\/10\/oscar080310-jackie-o-300-225x300.jpg 225w\" sizes=\"auto, (max-width: 300px) 100vw, 300px\" \/><\/a><\/p>\n<p style=\"text-align: center;\"><em>Jackie Kennedy i Oscar de la Renta<\/em><\/p>\n<p style=\"text-align: center;\">\n<p style=\"text-align: center;\">\n<p style=\"text-align: center;\"><a href=\"http:\/\/www.susannavaris.com\/blogg\/wp-content\/uploads\/2014\/10\/oscar1928295683_1.jpg\"><img loading=\"lazy\" decoding=\"async\" class=\"aligncenter size-full wp-image-13631\" src=\"http:\/\/www.susannavaris.com\/blogg\/wp-content\/uploads\/2014\/10\/oscar1928295683_1.jpg\" alt=\"oscar1928295683_1\" width=\"477\" height=\"800\" srcset=\"http:\/\/www.susannavaris.com\/blogg\/wp-content\/uploads\/2014\/10\/oscar1928295683_1.jpg 477w, http:\/\/www.susannavaris.com\/blogg\/wp-content\/uploads\/2014\/10\/oscar1928295683_1-178x300.jpg 178w\" sizes=\"auto, (max-width: 477px) 100vw, 477px\" \/><\/a><\/p>\n<p style=\"text-align: center;\"><em>Carrie Bradshaw g\u00f6r br\u00f6llopsreportage f\u00f6r Vogue i filmen Sex and the City.<\/em><\/p>\n<p style=\"text-align: center;\">\n<p style=\"text-align: center;\">\n<p style=\"text-align: center;\">\n<p style=\"text-align: center;\"><a href=\"http:\/\/www.susannavaris.com\/blogg\/wp-content\/uploads\/2014\/10\/Oscar-de-la-Renta-18.jpg\"><img loading=\"lazy\" decoding=\"async\" class=\"aligncenter size-full wp-image-13632\" src=\"http:\/\/www.susannavaris.com\/blogg\/wp-content\/uploads\/2014\/10\/Oscar-de-la-Renta-18.jpg\" alt=\"Oscar-de-la-Renta-18\" width=\"646\" height=\"968\" srcset=\"http:\/\/www.susannavaris.com\/blogg\/wp-content\/uploads\/2014\/10\/Oscar-de-la-Renta-18.jpg 646w, http:\/\/www.susannavaris.com\/blogg\/wp-content\/uploads\/2014\/10\/Oscar-de-la-Renta-18-200x300.jpg 200w\" sizes=\"auto, (max-width: 646px) 100vw, 646px\" \/><\/a><\/p>\n<p style=\"text-align: center;\"><em>Alexandr Petrovsky (Mikhail Baryshnikov) och Carrie Bradshaw, \u00e5ter i en de la Renta-kl\u00e4nning, p\u00e5 McDonalds.<\/em><\/p>\n<p style=\"text-align: center;\">\n<p style=\"text-align: center;\">\n<p style=\"text-align: center;\"><a href=\"http:\/\/www.susannavaris.com\/blogg\/wp-content\/uploads\/2014\/10\/oscar-de-la-renta-aw-13.jpg\"><img loading=\"lazy\" decoding=\"async\" class=\"aligncenter size-full wp-image-13633\" src=\"http:\/\/www.susannavaris.com\/blogg\/wp-content\/uploads\/2014\/10\/oscar-de-la-renta-aw-13.jpg\" alt=\"oscar-de-la-renta-aw-13\" width=\"600\" height=\"405\" srcset=\"http:\/\/www.susannavaris.com\/blogg\/wp-content\/uploads\/2014\/10\/oscar-de-la-renta-aw-13.jpg 600w, http:\/\/www.susannavaris.com\/blogg\/wp-content\/uploads\/2014\/10\/oscar-de-la-renta-aw-13-300x202.jpg 300w\" sizes=\"auto, (max-width: 600px) 100vw, 600px\" \/><\/a> <a href=\"http:\/\/www.susannavaris.com\/blogg\/wp-content\/uploads\/2014\/10\/oscar-de-la-renta-fall-fashion-runway-models-590sd02172010-1266443340.jpg\"><img loading=\"lazy\" decoding=\"async\" class=\"aligncenter size-full wp-image-13634\" src=\"http:\/\/www.susannavaris.com\/blogg\/wp-content\/uploads\/2014\/10\/oscar-de-la-renta-fall-fashion-runway-models-590sd02172010-1266443340.jpg\" alt=\"oscar-de-la-renta-fall-fashion-runway-models-590sd02172010-1266443340\" width=\"590\" height=\"393\" srcset=\"http:\/\/www.susannavaris.com\/blogg\/wp-content\/uploads\/2014\/10\/oscar-de-la-renta-fall-fashion-runway-models-590sd02172010-1266443340.jpg 590w, http:\/\/www.susannavaris.com\/blogg\/wp-content\/uploads\/2014\/10\/oscar-de-la-renta-fall-fashion-runway-models-590sd02172010-1266443340-300x199.jpg 300w\" sizes=\"auto, (max-width: 590px) 100vw, 590px\" \/><\/a> <a href=\"http:\/\/www.susannavaris.com\/blogg\/wp-content\/uploads\/2014\/10\/oscarnyfw-ss13-oscar-de-la-renta-L-c_DIjz.png\"><img loading=\"lazy\" decoding=\"async\" class=\"aligncenter size-full wp-image-13635\" src=\"http:\/\/www.susannavaris.com\/blogg\/wp-content\/uploads\/2014\/10\/oscarnyfw-ss13-oscar-de-la-renta-L-c_DIjz.png\" alt=\"oscarnyfw-ss13-oscar-de-la-renta-L-c_DIjz\" width=\"524\" height=\"548\" srcset=\"http:\/\/www.susannavaris.com\/blogg\/wp-content\/uploads\/2014\/10\/oscarnyfw-ss13-oscar-de-la-renta-L-c_DIjz.png 524w, http:\/\/www.susannavaris.com\/blogg\/wp-content\/uploads\/2014\/10\/oscarnyfw-ss13-oscar-de-la-renta-L-c_DIjz-286x300.png 286w\" sizes=\"auto, (max-width: 524px) 100vw, 524px\" \/><\/a><\/p>\n<p style=\"text-align: center;\"><em>Smakprov ur senare \u00e5rs de la Renta-kollektioner. De spanska influenserna finns d\u00e4r, men \u00e4ven blinkningar \u00e5t Jackie Kennedy.<\/em><\/p>\n<p style=\"text-align: center;\">\n<p style=\"text-align: center;\"><a href=\"http:\/\/www.susannavaris.com\/blogg\/wp-content\/uploads\/2014\/10\/oscartop.jpg\"><img loading=\"lazy\" decoding=\"async\" class=\"aligncenter size-full wp-image-13636\" src=\"http:\/\/www.susannavaris.com\/blogg\/wp-content\/uploads\/2014\/10\/oscartop.jpg\" alt=\"oscartop\" width=\"455\" height=\"405\" srcset=\"http:\/\/www.susannavaris.com\/blogg\/wp-content\/uploads\/2014\/10\/oscartop.jpg 455w, http:\/\/www.susannavaris.com\/blogg\/wp-content\/uploads\/2014\/10\/oscartop-300x267.jpg 300w\" sizes=\"auto, (max-width: 455px) 100vw, 455px\" \/><\/a><em>N\u00e4rstudie av ryggen till br\u00f6llopskl\u00e4nningen ovan. <\/em><\/p>\n<p style=\"text-align: center;\"><a href=\"http:\/\/www.susannavaris.com\/blogg\/wp-content\/uploads\/2014\/10\/oscarkate-moss_oscar-de-la-renta.jpg\"><img loading=\"lazy\" decoding=\"async\" class=\"aligncenter size-full wp-image-13637\" src=\"http:\/\/www.susannavaris.com\/blogg\/wp-content\/uploads\/2014\/10\/oscarkate-moss_oscar-de-la-renta.jpg\" alt=\"oscarkate-moss_oscar-de-la-renta\" width=\"500\" height=\"325\" srcset=\"http:\/\/www.susannavaris.com\/blogg\/wp-content\/uploads\/2014\/10\/oscarkate-moss_oscar-de-la-renta.jpg 500w, http:\/\/www.susannavaris.com\/blogg\/wp-content\/uploads\/2014\/10\/oscarkate-moss_oscar-de-la-renta-300x195.jpg 300w\" sizes=\"auto, (max-width: 500px) 100vw, 500px\" \/><\/a><em>Kate Moss i en annan br\u00f6llopskl\u00e4nning fr\u00e5n de la Renta<\/em>.<\/p>\n<p style=\"text-align: center;\">Tack f\u00f6r att ha f\u00f6rsk\u00f6nat v\u00e5r v\u00e4rld en smula, Oscar de la Renta! Vila i frid.<\/p>\n","protected":false},"excerpt":{"rendered":"<p>Modeskaparen Oscar de la Renta har g\u00e5tt bort, 82 \u00e5r gammal. de la Renta var en de maffiga, ofta spansk-inspirerade galabl\u00e5sornas och br\u00f6llopskl\u00e4nningarnas kung. de la Renta skapade \u00e4ven kl\u00e4der \u00e5t den stora modeikonen Jaqueline Kennedy. Han b\u00f6rjade sin karri\u00e4r &hellip; <a href=\"http:\/\/www.susannavaris.com\/blogg\/2014\/10\/r-i-p-oscar-de-la-renta\/\">Forts\u00e4tt l\u00e4sa <span class=\"meta-nav\">&rarr;<\/span><\/a><\/p>\n","protected":false},"author":1,"featured_media":0,"comment_status":"open","ping_status":"open","sticky":false,"template":"","format":"standard","meta":{"footnotes":""},"categories":[9,674,1162,14,1],"tags":[1775,4389,4387,22,4388,19,4385,4384,4386,1773,72],"class_list":["post-13626","post","type-post","status-publish","format-standard","hentry","category-film","category-historia","category-kultur","category-mode","category-okategoriserade","tag-brollopsklanning","tag-jackie","tag-jaqueline-kennedy","tag-kate-moss","tag-kennedy","tag-mode-2","tag-modeskapare","tag-oscar-de-la-renta","tag-r-i-p","tag-sarah-jessica-parker","tag-sex-and-the-city"],"_links":{"self":[{"href":"http:\/\/www.susannavaris.com\/blogg\/wp-json\/wp\/v2\/posts\/13626","targetHints":{"allow":["GET"]}}],"collection":[{"href":"http:\/\/www.susannavaris.com\/blogg\/wp-json\/wp\/v2\/posts"}],"about":[{"href":"http:\/\/www.susannavaris.com\/blogg\/wp-json\/wp\/v2\/types\/post"}],"author":[{"embeddable":true,"href":"http:\/\/www.susannavaris.com\/blogg\/wp-json\/wp\/v2\/users\/1"}],"replies":[{"embeddable":true,"href":"http:\/\/www.susannavaris.com\/blogg\/wp-json\/wp\/v2\/comments?post=13626"}],"version-history":[{"count":1,"href":"http:\/\/www.susannavaris.com\/blogg\/wp-json\/wp\/v2\/posts\/13626\/revisions"}],"predecessor-version":[{"id":13638,"href":"http:\/\/www.susannavaris.com\/blogg\/wp-json\/wp\/v2\/posts\/13626\/revisions\/13638"}],"wp:attachment":[{"href":"http:\/\/www.susannavaris.com\/blogg\/wp-json\/wp\/v2\/media?parent=13626"}],"wp:term":[{"taxonomy":"category","embeddable":true,"href":"http:\/\/www.susannavaris.com\/blogg\/wp-json\/wp\/v2\/categories?post=13626"},{"taxonomy":"post_tag","embeddable":true,"href":"http:\/\/www.susannavaris.com\/blogg\/wp-json\/wp\/v2\/tags?post=13626"}],"curies":[{"name":"wp","href":"https:\/\/api.w.org\/{rel}","templated":true}]}}