{"id":13651,"date":"2014-10-28T00:15:01","date_gmt":"2014-10-27T23:15:01","guid":{"rendered":"http:\/\/www.susannavaris.com\/blogg\/?p=13651"},"modified":"2014-10-28T11:10:11","modified_gmt":"2014-10-28T10:10:11","slug":"ogonblicket-da-tystnaden-infinner-sig","status":"publish","type":"post","link":"http:\/\/www.susannavaris.com\/blogg\/2014\/10\/ogonblicket-da-tystnaden-infinner-sig\/","title":{"rendered":"\u00d6gonblicket d\u00e5 tystnaden infinner sig"},"content":{"rendered":"<p>&#8230;eller fulmetoderna tar vid:<\/p>\n<p><a href=\"http:\/\/www.susannavaris.com\/blogg\/wp-content\/uploads\/2014\/10\/bash01.jpg\"><img loading=\"lazy\" decoding=\"async\" class=\"aligncenter size-full wp-image-13652\" src=\"http:\/\/www.susannavaris.com\/blogg\/wp-content\/uploads\/2014\/10\/bash01.jpg\" alt=\"bash01\" width=\"512\" height=\"519\" srcset=\"http:\/\/www.susannavaris.com\/blogg\/wp-content\/uploads\/2014\/10\/bash01.jpg 512w, http:\/\/www.susannavaris.com\/blogg\/wp-content\/uploads\/2014\/10\/bash01-295x300.jpg 295w\" sizes=\"auto, (max-width: 512px) 100vw, 512px\" \/><\/a> <a href=\"http:\/\/www.susannavaris.com\/blogg\/wp-content\/uploads\/2014\/10\/bash02.jpg\"><img loading=\"lazy\" decoding=\"async\" class=\"aligncenter size-full wp-image-13653\" src=\"http:\/\/www.susannavaris.com\/blogg\/wp-content\/uploads\/2014\/10\/bash02.jpg\" alt=\"bash02\" width=\"515\" height=\"585\" srcset=\"http:\/\/www.susannavaris.com\/blogg\/wp-content\/uploads\/2014\/10\/bash02.jpg 515w, http:\/\/www.susannavaris.com\/blogg\/wp-content\/uploads\/2014\/10\/bash02-264x300.jpg 264w\" sizes=\"auto, (max-width: 515px) 100vw, 515px\" \/><\/a> <a href=\"http:\/\/www.susannavaris.com\/blogg\/wp-content\/uploads\/2014\/10\/bash03.jpg\"><img loading=\"lazy\" decoding=\"async\" class=\"aligncenter size-full wp-image-13654\" src=\"http:\/\/www.susannavaris.com\/blogg\/wp-content\/uploads\/2014\/10\/bash03.jpg\" alt=\"bash03\" width=\"515\" height=\"487\" srcset=\"http:\/\/www.susannavaris.com\/blogg\/wp-content\/uploads\/2014\/10\/bash03.jpg 515w, http:\/\/www.susannavaris.com\/blogg\/wp-content\/uploads\/2014\/10\/bash03-300x283.jpg 300w\" sizes=\"auto, (max-width: 515px) 100vw, 515px\" \/><\/a> <a href=\"http:\/\/www.susannavaris.com\/blogg\/wp-content\/uploads\/2014\/10\/bash04.jpg\"><img loading=\"lazy\" decoding=\"async\" class=\"aligncenter size-full wp-image-13655\" src=\"http:\/\/www.susannavaris.com\/blogg\/wp-content\/uploads\/2014\/10\/bash04.jpg\" alt=\"bash04\" width=\"515\" height=\"263\" srcset=\"http:\/\/www.susannavaris.com\/blogg\/wp-content\/uploads\/2014\/10\/bash04.jpg 515w, http:\/\/www.susannavaris.com\/blogg\/wp-content\/uploads\/2014\/10\/bash04-300x153.jpg 300w\" sizes=\"auto, (max-width: 515px) 100vw, 515px\" \/><\/a><\/p>\n<p><a href=\"http:\/\/bashflak.wordpress.com\/\">(Bashflak<\/a> i en twitterdiskussion.)<\/p>\n<p><strong>Till\u00e4gg:<\/strong> <a href=\"http:\/\/toklandet.wordpress.com\/2014\/10\/28\/galna-twitter-igen\/\">WTF\/Toklandet<\/a> har givetvis fyllt p\u00e5 med andra f\u00f6rgreningar i denna diskussion och det \u00e4r fascinerande hur den enda respons som finns \u00e4r h\u00e4rskartekniker och argumentation av &#8221;det \u00e4r allm\u00e4nt vedertaget att jorden \u00e4r platt&#8221;-snitt.<\/p>\n","protected":false},"excerpt":{"rendered":"<p>&#8230;eller fulmetoderna tar vid: (Bashflak i en twitterdiskussion.) Till\u00e4gg: WTF\/Toklandet har givetvis fyllt p\u00e5 med andra f\u00f6rgreningar i denna diskussion och det \u00e4r fascinerande hur den enda respons som finns \u00e4r h\u00e4rskartekniker och argumentation av &#8221;det \u00e4r allm\u00e4nt vedertaget att &hellip; <a href=\"http:\/\/www.susannavaris.com\/blogg\/2014\/10\/ogonblicket-da-tystnaden-infinner-sig\/\">Forts\u00e4tt l\u00e4sa <span class=\"meta-nav\">&rarr;<\/span><\/a><\/p>\n","protected":false},"author":1,"featured_media":0,"comment_status":"open","ping_status":"open","sticky":false,"template":"","format":"standard","meta":{"footnotes":""},"categories":[181,154,259,3358,1321,589,1,590,303],"tags":[2577,4900,2776,4401],"class_list":["post-13651","post","type-post","status-publish","format-standard","hentry","category-feminism","category-genus","category-genusvetenskap","category-identitetspolitik","category-jamstalldhet","category-medier","category-okategoriserade","category-politik","category-religion","tag-bashflak","tag-feminism","tag-twitter","tag-twitterdiskussion"],"_links":{"self":[{"href":"http:\/\/www.susannavaris.com\/blogg\/wp-json\/wp\/v2\/posts\/13651","targetHints":{"allow":["GET"]}}],"collection":[{"href":"http:\/\/www.susannavaris.com\/blogg\/wp-json\/wp\/v2\/posts"}],"about":[{"href":"http:\/\/www.susannavaris.com\/blogg\/wp-json\/wp\/v2\/types\/post"}],"author":[{"embeddable":true,"href":"http:\/\/www.susannavaris.com\/blogg\/wp-json\/wp\/v2\/users\/1"}],"replies":[{"embeddable":true,"href":"http:\/\/www.susannavaris.com\/blogg\/wp-json\/wp\/v2\/comments?post=13651"}],"version-history":[{"count":3,"href":"http:\/\/www.susannavaris.com\/blogg\/wp-json\/wp\/v2\/posts\/13651\/revisions"}],"predecessor-version":[{"id":13658,"href":"http:\/\/www.susannavaris.com\/blogg\/wp-json\/wp\/v2\/posts\/13651\/revisions\/13658"}],"wp:attachment":[{"href":"http:\/\/www.susannavaris.com\/blogg\/wp-json\/wp\/v2\/media?parent=13651"}],"wp:term":[{"taxonomy":"category","embeddable":true,"href":"http:\/\/www.susannavaris.com\/blogg\/wp-json\/wp\/v2\/categories?post=13651"},{"taxonomy":"post_tag","embeddable":true,"href":"http:\/\/www.susannavaris.com\/blogg\/wp-json\/wp\/v2\/tags?post=13651"}],"curies":[{"name":"wp","href":"https:\/\/api.w.org\/{rel}","templated":true}]}}