{"id":13702,"date":"2014-11-11T12:39:00","date_gmt":"2014-11-11T11:39:00","guid":{"rendered":"http:\/\/www.susannavaris.com\/blogg\/?p=13702"},"modified":"2014-11-11T12:41:02","modified_gmt":"2014-11-11T11:41:02","slug":"fran-tsarer-till-folkkommissarier","status":"publish","type":"post","link":"http:\/\/www.susannavaris.com\/blogg\/2014\/11\/fran-tsarer-till-folkkommissarier\/","title":{"rendered":"Fr\u00e5n Tsarer Till Folkkommissarier"},"content":{"rendered":"<p>I helgen s\u00e5g vi en alldeles fantastisk\u00a0<a href=\"http:\/\/www.nationalmuseum.se\/sv\/Utstallningar\/Fran-tsarer-till-folkkommissarier\/\">utst\u00e4llning<\/a> p\u00e5 Nationalmuseet\/Konstakademien &#8211; <em>Fr\u00e5n tsarer till folkkommissarier. <\/em>Det var inte till\u00e5tet att fotografera inne p\u00e5 utst\u00e4llningen, s\u00e5 det blir n\u00e5gra foton utifr\u00e5n:<\/p>\n<p style=\"text-align: center;\"><a href=\"http:\/\/www.susannavaris.com\/blogg\/wp-content\/uploads\/2014\/11\/DSC_0621-50.jpg\"><img loading=\"lazy\" decoding=\"async\" class=\"aligncenter size-full wp-image-13703\" src=\"http:\/\/www.susannavaris.com\/blogg\/wp-content\/uploads\/2014\/11\/DSC_0621-50.jpg\" alt=\"DSC_0621-50\" width=\"1536\" height=\"2304\" srcset=\"http:\/\/www.susannavaris.com\/blogg\/wp-content\/uploads\/2014\/11\/DSC_0621-50.jpg 1536w, http:\/\/www.susannavaris.com\/blogg\/wp-content\/uploads\/2014\/11\/DSC_0621-50-200x300.jpg 200w, http:\/\/www.susannavaris.com\/blogg\/wp-content\/uploads\/2014\/11\/DSC_0621-50-682x1024.jpg 682w\" sizes=\"auto, (max-width: 1536px) 100vw, 1536px\" \/><\/a> <a href=\"http:\/\/www.susannavaris.com\/blogg\/wp-content\/uploads\/2014\/11\/DSC_0622-50-t.jpg\"><img loading=\"lazy\" decoding=\"async\" class=\"aligncenter size-full wp-image-13704\" src=\"http:\/\/www.susannavaris.com\/blogg\/wp-content\/uploads\/2014\/11\/DSC_0622-50-t.jpg\" alt=\"DSC_0622-50-t\" width=\"2304\" height=\"1536\" srcset=\"http:\/\/www.susannavaris.com\/blogg\/wp-content\/uploads\/2014\/11\/DSC_0622-50-t.jpg 2304w, http:\/\/www.susannavaris.com\/blogg\/wp-content\/uploads\/2014\/11\/DSC_0622-50-t-300x200.jpg 300w, http:\/\/www.susannavaris.com\/blogg\/wp-content\/uploads\/2014\/11\/DSC_0622-50-t-1024x682.jpg 1024w\" sizes=\"auto, (max-width: 2304px) 100vw, 2304px\" \/><\/a> <a href=\"http:\/\/www.susannavaris.com\/blogg\/wp-content\/uploads\/2014\/11\/DSC_0623-50.jpg\"><img loading=\"lazy\" decoding=\"async\" class=\"aligncenter size-full wp-image-13705\" src=\"http:\/\/www.susannavaris.com\/blogg\/wp-content\/uploads\/2014\/11\/DSC_0623-50.jpg\" alt=\"DSC_0623-50\" width=\"2304\" height=\"1536\" srcset=\"http:\/\/www.susannavaris.com\/blogg\/wp-content\/uploads\/2014\/11\/DSC_0623-50.jpg 2304w, http:\/\/www.susannavaris.com\/blogg\/wp-content\/uploads\/2014\/11\/DSC_0623-50-300x200.jpg 300w, http:\/\/www.susannavaris.com\/blogg\/wp-content\/uploads\/2014\/11\/DSC_0623-50-1024x682.jpg 1024w\" sizes=\"auto, (max-width: 2304px) 100vw, 2304px\" \/><\/a> <a href=\"http:\/\/www.susannavaris.com\/blogg\/wp-content\/uploads\/2014\/11\/DSC_0624-50-t.jpg\"><img loading=\"lazy\" decoding=\"async\" class=\"aligncenter size-full wp-image-13706\" src=\"http:\/\/www.susannavaris.com\/blogg\/wp-content\/uploads\/2014\/11\/DSC_0624-50-t.jpg\" alt=\"DSC_0624-50-t\" width=\"1536\" height=\"2304\" srcset=\"http:\/\/www.susannavaris.com\/blogg\/wp-content\/uploads\/2014\/11\/DSC_0624-50-t.jpg 1536w, http:\/\/www.susannavaris.com\/blogg\/wp-content\/uploads\/2014\/11\/DSC_0624-50-t-200x300.jpg 200w, http:\/\/www.susannavaris.com\/blogg\/wp-content\/uploads\/2014\/11\/DSC_0624-50-t-682x1024.jpg 682w\" sizes=\"auto, (max-width: 1536px) 100vw, 1536px\" \/><\/a> <a href=\"http:\/\/www.susannavaris.com\/blogg\/wp-content\/uploads\/2014\/11\/DSC_0626-50.jpg\"><img loading=\"lazy\" decoding=\"async\" class=\"aligncenter size-full wp-image-13707\" src=\"http:\/\/www.susannavaris.com\/blogg\/wp-content\/uploads\/2014\/11\/DSC_0626-50.jpg\" alt=\"DSC_0626-50\" width=\"2304\" height=\"1536\" srcset=\"http:\/\/www.susannavaris.com\/blogg\/wp-content\/uploads\/2014\/11\/DSC_0626-50.jpg 2304w, http:\/\/www.susannavaris.com\/blogg\/wp-content\/uploads\/2014\/11\/DSC_0626-50-300x200.jpg 300w, http:\/\/www.susannavaris.com\/blogg\/wp-content\/uploads\/2014\/11\/DSC_0626-50-1024x682.jpg 1024w\" sizes=\"auto, (max-width: 2304px) 100vw, 2304px\" \/><\/a> <a href=\"http:\/\/www.susannavaris.com\/blogg\/wp-content\/uploads\/2014\/11\/DSC_0627-50-t.jpg\"><img loading=\"lazy\" decoding=\"async\" class=\"aligncenter size-full wp-image-13708\" src=\"http:\/\/www.susannavaris.com\/blogg\/wp-content\/uploads\/2014\/11\/DSC_0627-50-t.jpg\" alt=\"DSC_0627-50-t\" width=\"1536\" height=\"2304\" srcset=\"http:\/\/www.susannavaris.com\/blogg\/wp-content\/uploads\/2014\/11\/DSC_0627-50-t.jpg 1536w, http:\/\/www.susannavaris.com\/blogg\/wp-content\/uploads\/2014\/11\/DSC_0627-50-t-200x300.jpg 200w, http:\/\/www.susannavaris.com\/blogg\/wp-content\/uploads\/2014\/11\/DSC_0627-50-t-682x1024.jpg 682w\" sizes=\"auto, (max-width: 1536px) 100vw, 1536px\" \/><\/a> <a href=\"http:\/\/www.susannavaris.com\/blogg\/wp-content\/uploads\/2014\/11\/DSC_0628-50-t.jpg\"><img loading=\"lazy\" decoding=\"async\" class=\"aligncenter size-full wp-image-13709\" src=\"http:\/\/www.susannavaris.com\/blogg\/wp-content\/uploads\/2014\/11\/DSC_0628-50-t.jpg\" alt=\"DSC_0628-50-t\" width=\"1536\" height=\"2304\" srcset=\"http:\/\/www.susannavaris.com\/blogg\/wp-content\/uploads\/2014\/11\/DSC_0628-50-t.jpg 1536w, http:\/\/www.susannavaris.com\/blogg\/wp-content\/uploads\/2014\/11\/DSC_0628-50-t-200x300.jpg 200w, http:\/\/www.susannavaris.com\/blogg\/wp-content\/uploads\/2014\/11\/DSC_0628-50-t-682x1024.jpg 682w\" sizes=\"auto, (max-width: 1536px) 100vw, 1536px\" \/><\/a> <a href=\"http:\/\/www.susannavaris.com\/blogg\/wp-content\/uploads\/2014\/11\/DSC_0630-50.jpg\"><img loading=\"lazy\" decoding=\"async\" class=\"aligncenter size-full wp-image-13710\" src=\"http:\/\/www.susannavaris.com\/blogg\/wp-content\/uploads\/2014\/11\/DSC_0630-50.jpg\" alt=\"DSC_0630-50\" width=\"2304\" height=\"1536\" srcset=\"http:\/\/www.susannavaris.com\/blogg\/wp-content\/uploads\/2014\/11\/DSC_0630-50.jpg 2304w, http:\/\/www.susannavaris.com\/blogg\/wp-content\/uploads\/2014\/11\/DSC_0630-50-300x200.jpg 300w, http:\/\/www.susannavaris.com\/blogg\/wp-content\/uploads\/2014\/11\/DSC_0630-50-1024x682.jpg 1024w\" sizes=\"auto, (max-width: 2304px) 100vw, 2304px\" \/><\/a> <em>\u00c4ntligen tillf\u00e4lle att ha dragkedjekl\u00e4nningen fr\u00e5n Gaultier-kollektionen&#8230;:)<\/em><\/p>\n<p style=\"text-align: center;\"><a href=\"http:\/\/www.susannavaris.com\/blogg\/wp-content\/uploads\/2014\/11\/DSC_0633.jpg\"><img loading=\"lazy\" decoding=\"async\" class=\"aligncenter size-full wp-image-13712\" src=\"http:\/\/www.susannavaris.com\/blogg\/wp-content\/uploads\/2014\/11\/DSC_0633.jpg\" alt=\"DSC_0633\" width=\"4608\" height=\"3072\" srcset=\"http:\/\/www.susannavaris.com\/blogg\/wp-content\/uploads\/2014\/11\/DSC_0633.jpg 4608w, http:\/\/www.susannavaris.com\/blogg\/wp-content\/uploads\/2014\/11\/DSC_0633-300x200.jpg 300w, http:\/\/www.susannavaris.com\/blogg\/wp-content\/uploads\/2014\/11\/DSC_0633-1024x682.jpg 1024w\" sizes=\"auto, (max-width: 4608px) 100vw, 4608px\" \/><\/a> <a href=\"http:\/\/www.susannavaris.com\/blogg\/wp-content\/uploads\/2014\/11\/DSC_0635-50-t.jpg\"><img loading=\"lazy\" decoding=\"async\" class=\"aligncenter size-full wp-image-13713\" src=\"http:\/\/www.susannavaris.com\/blogg\/wp-content\/uploads\/2014\/11\/DSC_0635-50-t.jpg\" alt=\"DSC_0635-50-t\" width=\"1536\" height=\"2304\" srcset=\"http:\/\/www.susannavaris.com\/blogg\/wp-content\/uploads\/2014\/11\/DSC_0635-50-t.jpg 1536w, http:\/\/www.susannavaris.com\/blogg\/wp-content\/uploads\/2014\/11\/DSC_0635-50-t-200x300.jpg 200w, http:\/\/www.susannavaris.com\/blogg\/wp-content\/uploads\/2014\/11\/DSC_0635-50-t-682x1024.jpg 682w\" sizes=\"auto, (max-width: 1536px) 100vw, 1536px\" \/><\/a><em>Foton: Ulf Holm\u00e9n, Susanna Varis<\/em><\/p>\n<p style=\"text-align: left;\">Utst\u00e4llningen sp\u00e4nner \u00f6ver 1800- och 1900-talen, fr\u00e5n Fjodor Aleksejevs venetianska vedutam\u00e5leri, genom 1800-talets portr\u00e4tt, genrem\u00e5leri, historiska m\u00e5leri och politiska realism till 1900-talets politiskt mycket eller n\u00e5got mindre styrda konst med exempelvis Jurij Kukgatjs idylliska prolet\u00e4rportr\u00e4tt och br\u00f6derna Alex och Sergej Tkatjovs subtila samh\u00e4llskritik. Det \u00e4r med andra ord ett brett spektra av konstn\u00e4rer, motiv och uttryck som serveras p\u00e5 denna utst\u00e4llning och sj\u00e4lvklart finns ett helt p\u00e4rlband av fantastiska verk att besk\u00e5da i den h\u00e4r slags greatest hits-sammanst\u00e4llning. Det \u00e4r h\u00e4nf\u00f6relse och ber\u00f6ring. Den tekniska skickligheten \u00e4r fenomenal och motiven som sp\u00e4nner \u00f6ver ett s\u00e5 vitt spektrum \u00f6ver det ryska samh\u00e4llslivet och historien g\u00f6r att m\u00e4ngden intryck blir n\u00e4rmast \u00f6verv\u00e4ldigande, men p\u00e5 ett positivt s\u00e4tt.<\/p>\n<p style=\"text-align: left;\">Personligen blev jag fullst\u00e4ndigt f\u00f6r\u00e4lskad i denna portr\u00e4tt av Br\u00fcllow (bilden g\u00f6r m\u00e5lningen inte alls r\u00e4ttvisa, ni m\u00e5ste se den p\u00e5 plats):<\/p>\n<p style=\"text-align: left;\"><a href=\"http:\/\/www.susannavaris.com\/blogg\/wp-content\/uploads\/2014\/11\/Karl-Pavlovich-Briullov-Portrait-of-Countess-Yulia-Samoilova-with-her-daughter-Amazilia-Paccini1.jpg\"><img loading=\"lazy\" decoding=\"async\" class=\"aligncenter size-full wp-image-13715\" src=\"http:\/\/www.susannavaris.com\/blogg\/wp-content\/uploads\/2014\/11\/Karl-Pavlovich-Briullov-Portrait-of-Countess-Yulia-Samoilova-with-her-daughter-Amazilia-Paccini1.jpg\" alt=\"Karl-Pavlovich-Briullov-Portrait-of-Countess-Yulia-Samoilova-with-her-daughter-Amazilia-Paccini\" width=\"419\" height=\"599\" srcset=\"http:\/\/www.susannavaris.com\/blogg\/wp-content\/uploads\/2014\/11\/Karl-Pavlovich-Briullov-Portrait-of-Countess-Yulia-Samoilova-with-her-daughter-Amazilia-Paccini1.jpg 419w, http:\/\/www.susannavaris.com\/blogg\/wp-content\/uploads\/2014\/11\/Karl-Pavlovich-Briullov-Portrait-of-Countess-Yulia-Samoilova-with-her-daughter-Amazilia-Paccini1-209x300.jpg 209w\" sizes=\"auto, (max-width: 419px) 100vw, 419px\" \/><\/a><\/p>\n<p style=\"text-align: center;\"><em>Grevinnan Julia Samojlova l\u00e4mnar balen i s\u00e4llskap av adoptivdottern Amacilia Paccini<\/em> av <em>Karl Br\u00fcllow<\/em>.<\/p>\n<p>Tavlan \u00e4r definierad som oavslutad och bakgrunden \u00e4r mycket riktigt en skiss och en underm\u00e5lning. Jag tycker dock att detta ger portr\u00e4ttet en egen kvalitet i sig; bakgrunden, balen, som en oavslutad och inte lika viktig del av sammanhanget och grevinnan med adoptivdottern som det full\u00e4ndade blickf\u00e5nget. Greppet med ett portr\u00e4tt d\u00e4r huvudpersonerna ser ut att enbart ha stannat till (som f\u00f6r en modern k\u00e4ndisfotograf) p\u00e5 sin v\u00e4g ut, men en r\u00f6relse och med balens stim som en kuliss i bakgrunden ger liv \u00e5t framst\u00e4llningen. (Jag ska bes\u00f6ka utst\u00e4llningen en g\u00e5ng till med moderskan och f\u00e5r d\u00e5 chansen att uppleva m\u00e5lningen en g\u00e5ng till innan den f\u00f6rsvinner tillbaka till Moskva.)<\/p>\n<p>N\u00e5gra andra favoriter:<\/p>\n<p style=\"text-align: center;\"><a href=\"http:\/\/www.susannavaris.com\/blogg\/wp-content\/uploads\/2014\/11\/pavel-fedotov-wintry-street-on-vasilievsky-island-st-petersburg.jpg\"><img loading=\"lazy\" decoding=\"async\" class=\"aligncenter size-full wp-image-13716\" src=\"http:\/\/www.susannavaris.com\/blogg\/wp-content\/uploads\/2014\/11\/pavel-fedotov-wintry-street-on-vasilievsky-island-st-petersburg.jpg\" alt=\"pavel-fedotov-wintry-street-on-vasilievsky-island-st-petersburg\" width=\"743\" height=\"576\" srcset=\"http:\/\/www.susannavaris.com\/blogg\/wp-content\/uploads\/2014\/11\/pavel-fedotov-wintry-street-on-vasilievsky-island-st-petersburg.jpg 743w, http:\/\/www.susannavaris.com\/blogg\/wp-content\/uploads\/2014\/11\/pavel-fedotov-wintry-street-on-vasilievsky-island-st-petersburg-300x232.jpg 300w\" sizes=\"auto, (max-width: 743px) 100vw, 743px\" \/><\/a><em>Vinterdag. Vasilij-\u00f6n, 20:e linjen<\/em> av <em>Pavel Fedotov<\/em><\/p>\n<p style=\"text-align: center;\"><a href=\"http:\/\/www.susannavaris.com\/blogg\/wp-content\/uploads\/2014\/11\/michail-nesterov-hermit.jpg\"><img loading=\"lazy\" decoding=\"async\" class=\"aligncenter size-full wp-image-13717\" src=\"http:\/\/www.susannavaris.com\/blogg\/wp-content\/uploads\/2014\/11\/michail-nesterov-hermit.jpg\" alt=\"michail-nesterov-hermit\" width=\"556\" height=\"600\" srcset=\"http:\/\/www.susannavaris.com\/blogg\/wp-content\/uploads\/2014\/11\/michail-nesterov-hermit.jpg 556w, http:\/\/www.susannavaris.com\/blogg\/wp-content\/uploads\/2014\/11\/michail-nesterov-hermit-278x300.jpg 278w\" sizes=\"auto, (max-width: 556px) 100vw, 556px\" \/><\/a><em>Eremiten<\/em> av <em>Michail Nesterov <\/em><\/p>\n<p style=\"text-align: left;\">Nesterovs m\u00e5leri p\u00e5minner mycket om de finska konstn\u00e4rer som under 1800-talet l\u00e4t sig inspireras av Karelen, dess natur, mystik och traditioner, som Gall\u00e9n-Kallela, Halonen, Edelfeldt och J\u00e4rnefelt. Nesterov var verksam i Kiev och Moskva, s\u00e5 en direkt geografisk koppling verkar dock inte finnas.<\/p>\n<p style=\"text-align: center;\"><a href=\"http:\/\/www.susannavaris.com\/blogg\/wp-content\/uploads\/2014\/11\/aleksejkorzuchin-mohippa205558.jpg\"><img loading=\"lazy\" decoding=\"async\" class=\"aligncenter size-full wp-image-13718\" src=\"http:\/\/www.susannavaris.com\/blogg\/wp-content\/uploads\/2014\/11\/aleksejkorzuchin-mohippa205558.jpg\" alt=\"aleksejkorzuchin-mohippa205558\" width=\"900\" height=\"630\" srcset=\"http:\/\/www.susannavaris.com\/blogg\/wp-content\/uploads\/2014\/11\/aleksejkorzuchin-mohippa205558.jpg 900w, http:\/\/www.susannavaris.com\/blogg\/wp-content\/uploads\/2014\/11\/aleksejkorzuchin-mohippa205558-300x210.jpg 300w\" sizes=\"auto, (max-width: 900px) 100vw, 900px\" \/><\/a><em>M\u00f6hippa<\/em> av <em>Aleksej Korzuchin<\/em>.<\/p>\n<p style=\"text-align: center;\"><a href=\"http:\/\/www.susannavaris.com\/blogg\/wp-content\/uploads\/2014\/11\/aleksandr-dejneka-textilarbetare7123771293_76b379347e_z.jpg\"><img loading=\"lazy\" decoding=\"async\" class=\"aligncenter size-full wp-image-13719\" src=\"http:\/\/www.susannavaris.com\/blogg\/wp-content\/uploads\/2014\/11\/aleksandr-dejneka-textilarbetare7123771293_76b379347e_z.jpg\" alt=\"aleksandr-dejneka-textilarbetare7123771293_76b379347e_z\" width=\"640\" height=\"555\" srcset=\"http:\/\/www.susannavaris.com\/blogg\/wp-content\/uploads\/2014\/11\/aleksandr-dejneka-textilarbetare7123771293_76b379347e_z.jpg 640w, http:\/\/www.susannavaris.com\/blogg\/wp-content\/uploads\/2014\/11\/aleksandr-dejneka-textilarbetare7123771293_76b379347e_z-300x260.jpg 300w\" sizes=\"auto, (max-width: 640px) 100vw, 640px\" \/><\/a><em>Textilarbetare<\/em> av <em>Alexandr Dejneka<\/em>.<\/p>\n<p style=\"text-align: left;\">Detta \u00e4r enbart ett axplock, det fanns m\u00e5nga m\u00e5nga fler godbitar att se och jag rekommenderar varmt att g\u00e5 och se den h\u00e4r utst\u00e4llningen p\u00e5 plats!<\/p>\n<p style=\"text-align: left;\">\n","protected":false},"excerpt":{"rendered":"<p>I helgen s\u00e5g vi en alldeles fantastisk\u00a0utst\u00e4llning p\u00e5 Nationalmuseet\/Konstakademien &#8211; Fr\u00e5n tsarer till folkkommissarier. Det var inte till\u00e5tet att fotografera inne p\u00e5 utst\u00e4llningen, s\u00e5 det blir n\u00e5gra foton utifr\u00e5n: \u00c4ntligen tillf\u00e4lle att ha dragkedjekl\u00e4nningen fr\u00e5n Gaultier-kollektionen&#8230;:) Foton: Ulf Holm\u00e9n, Susanna &hellip; <a href=\"http:\/\/www.susannavaris.com\/blogg\/2014\/11\/fran-tsarer-till-folkkommissarier\/\">Forts\u00e4tt l\u00e4sa <span class=\"meta-nav\">&rarr;<\/span><\/a><\/p>\n","protected":false},"author":1,"featured_media":0,"comment_status":"open","ping_status":"open","sticky":false,"template":"","format":"standard","meta":{"footnotes":""},"categories":[107,110,3,1162,14,1,4],"tags":[4433,4434,4430,4425,4429,4428,17,4424,4158,4432,21,4431,4426,4360,4427,4014,122],"class_list":["post-13702","post","type-post","status-publish","format-standard","hentry","category-finland","category-foto","category-konst","category-kultur","category-mode","category-okategoriserade","category-utstallning","tag-aleksej-korzuchin","tag-alexandr-dejneka","tag-amacilia-paccini","tag-fran-tsarer-till-folkkommissarier","tag-grevinnan-julia-samojlova","tag-karl-brullow","tag-konst-2","tag-konstakademien","tag-konstutstallning","tag-michail-nesterov","tag-nationalmuseum","tag-pavel-fedotov","tag-rysk-konst","tag-ryssland","tag-sovjet","tag-sovjetunionen","tag-utstallning-2"],"_links":{"self":[{"href":"http:\/\/www.susannavaris.com\/blogg\/wp-json\/wp\/v2\/posts\/13702","targetHints":{"allow":["GET"]}}],"collection":[{"href":"http:\/\/www.susannavaris.com\/blogg\/wp-json\/wp\/v2\/posts"}],"about":[{"href":"http:\/\/www.susannavaris.com\/blogg\/wp-json\/wp\/v2\/types\/post"}],"author":[{"embeddable":true,"href":"http:\/\/www.susannavaris.com\/blogg\/wp-json\/wp\/v2\/users\/1"}],"replies":[{"embeddable":true,"href":"http:\/\/www.susannavaris.com\/blogg\/wp-json\/wp\/v2\/comments?post=13702"}],"version-history":[{"count":2,"href":"http:\/\/www.susannavaris.com\/blogg\/wp-json\/wp\/v2\/posts\/13702\/revisions"}],"predecessor-version":[{"id":13721,"href":"http:\/\/www.susannavaris.com\/blogg\/wp-json\/wp\/v2\/posts\/13702\/revisions\/13721"}],"wp:attachment":[{"href":"http:\/\/www.susannavaris.com\/blogg\/wp-json\/wp\/v2\/media?parent=13702"}],"wp:term":[{"taxonomy":"category","embeddable":true,"href":"http:\/\/www.susannavaris.com\/blogg\/wp-json\/wp\/v2\/categories?post=13702"},{"taxonomy":"post_tag","embeddable":true,"href":"http:\/\/www.susannavaris.com\/blogg\/wp-json\/wp\/v2\/tags?post=13702"}],"curies":[{"name":"wp","href":"https:\/\/api.w.org\/{rel}","templated":true}]}}