{"id":13877,"date":"2014-12-14T22:22:19","date_gmt":"2014-12-14T21:22:19","guid":{"rendered":"http:\/\/www.susannavaris.com\/blogg\/?p=13877"},"modified":"2014-12-14T22:22:19","modified_gmt":"2014-12-14T21:22:19","slug":"wien-igen-del-3","status":"publish","type":"post","link":"http:\/\/www.susannavaris.com\/blogg\/2014\/12\/wien-igen-del-3\/","title":{"rendered":"Wien &#8211; igen del 3"},"content":{"rendered":"<p style=\"text-align: center;\"><em>Forts\u00e4ttning fr\u00e5n tidigare inl\u00e4gg&#8230;<\/em><\/p>\n<p style=\"text-align: left;\">P\u00e5 fredagskv\u00e4llen blev det s\u00e5 dags f\u00f6r Mozarts Trollfl\u00f6jten p\u00e5 <a href=\"http:\/\/www.volksoper.at\/Content.Node2\/index.php\">Volksoper<\/a>.<\/p>\n<p style=\"text-align: center;\"><a href=\"http:\/\/www.susannavaris.com\/blogg\/wp-content\/uploads\/2014\/12\/uDSC_0086-50.jpg\"><img loading=\"lazy\" decoding=\"async\" class=\"aligncenter size-full wp-image-13883\" src=\"http:\/\/www.susannavaris.com\/blogg\/wp-content\/uploads\/2014\/12\/uDSC_0086-50.jpg\" alt=\"uDSC_0086-50\" width=\"1070\" height=\"1213\" srcset=\"http:\/\/www.susannavaris.com\/blogg\/wp-content\/uploads\/2014\/12\/uDSC_0086-50.jpg 1070w, http:\/\/www.susannavaris.com\/blogg\/wp-content\/uploads\/2014\/12\/uDSC_0086-50-264x300.jpg 264w, http:\/\/www.susannavaris.com\/blogg\/wp-content\/uploads\/2014\/12\/uDSC_0086-50-903x1024.jpg 903w\" sizes=\"auto, (max-width: 1070px) 100vw, 1070px\" \/><\/a> <a href=\"http:\/\/www.susannavaris.com\/blogg\/wp-content\/uploads\/2014\/12\/uDSC_0087-crop-50.jpg\"><img loading=\"lazy\" decoding=\"async\" class=\"aligncenter size-full wp-image-13884\" src=\"http:\/\/www.susannavaris.com\/blogg\/wp-content\/uploads\/2014\/12\/uDSC_0087-crop-50.jpg\" alt=\"uDSC_0087-crop-50\" width=\"1424\" height=\"1968\" srcset=\"http:\/\/www.susannavaris.com\/blogg\/wp-content\/uploads\/2014\/12\/uDSC_0087-crop-50.jpg 1424w, http:\/\/www.susannavaris.com\/blogg\/wp-content\/uploads\/2014\/12\/uDSC_0087-crop-50-217x300.jpg 217w, http:\/\/www.susannavaris.com\/blogg\/wp-content\/uploads\/2014\/12\/uDSC_0087-crop-50-740x1024.jpg 740w\" sizes=\"auto, (max-width: 1424px) 100vw, 1424px\" \/><\/a><em>Lite f\u00f6rfriskningar och mat f\u00f6re f\u00f6rest\u00e4llningen&#8230;<\/em><\/p>\n<p style=\"text-align: center;\"><a href=\"http:\/\/www.susannavaris.com\/blogg\/wp-content\/uploads\/2014\/12\/resize.php-dimodimov.jpg\"><img loading=\"lazy\" decoding=\"async\" class=\"aligncenter size-full wp-image-13885\" src=\"http:\/\/www.susannavaris.com\/blogg\/wp-content\/uploads\/2014\/12\/resize.php-dimodimov.jpg\" alt=\"resize.php-dimodimov\" width=\"448\" height=\"300\" srcset=\"http:\/\/www.susannavaris.com\/blogg\/wp-content\/uploads\/2014\/12\/resize.php-dimodimov.jpg 448w, http:\/\/www.susannavaris.com\/blogg\/wp-content\/uploads\/2014\/12\/resize.php-dimodimov-300x200.jpg 300w\" sizes=\"auto, (max-width: 448px) 100vw, 448px\" \/><\/a> <a href=\"http:\/\/www.susannavaris.com\/blogg\/wp-content\/uploads\/2014\/12\/resize.php-dinodimov.jpg\"><img loading=\"lazy\" decoding=\"async\" class=\"aligncenter size-full wp-image-13886\" src=\"http:\/\/www.susannavaris.com\/blogg\/wp-content\/uploads\/2014\/12\/resize.php-dinodimov.jpg\" alt=\"resize.php-dinodimov\" width=\"451\" height=\"300\" srcset=\"http:\/\/www.susannavaris.com\/blogg\/wp-content\/uploads\/2014\/12\/resize.php-dinodimov.jpg 451w, http:\/\/www.susannavaris.com\/blogg\/wp-content\/uploads\/2014\/12\/resize.php-dinodimov-300x199.jpg 300w\" sizes=\"auto, (max-width: 451px) 100vw, 451px\" \/><\/a><em>Och vilken f\u00f6rest\u00e4llning sen! Nattens Drottning (nederst), Jennifer O&#8217;Loughlin, sj\u00f6ng s\u00e5 att h\u00e5ret reste sig p\u00e5 mina armar och \u00f6gonen fuktades&#8230;alla s\u00e5nginsatser var f\u00f6rst\u00e5s v\u00e4rldsklass, men just Nattens Drottnings gick in p\u00e5 djupet. <\/em><\/p>\n<p style=\"text-align: center;\"><em>\u00d6verst: J\u00f6rg Schneider som Tamino, Elisabeth Flechl, Eva Maria Riedl och Andrea B\u00f6nig.<\/em><\/p>\n<p style=\"text-align: center;\">Jennifer O&#8217;Loughlin kan ni lyssna p\u00e5 p\u00e5 hennes <a href=\"http:\/\/jenniferoloughlin.com\/\">hemsida<\/a>.<\/p>\n<p style=\"text-align: center;\">\n<p style=\"text-align: center;\"><a href=\"http:\/\/www.susannavaris.com\/blogg\/wp-content\/uploads\/2014\/12\/WP_20141205_18_54_37_Pro-2.jpg\"><img loading=\"lazy\" decoding=\"async\" class=\"aligncenter size-full wp-image-13891\" src=\"http:\/\/www.susannavaris.com\/blogg\/wp-content\/uploads\/2014\/12\/WP_20141205_18_54_37_Pro-2.jpg\" alt=\"Redigerad i Lumia Selfie\" width=\"720\" height=\"1199\" srcset=\"http:\/\/www.susannavaris.com\/blogg\/wp-content\/uploads\/2014\/12\/WP_20141205_18_54_37_Pro-2.jpg 720w, http:\/\/www.susannavaris.com\/blogg\/wp-content\/uploads\/2014\/12\/WP_20141205_18_54_37_Pro-2-180x300.jpg 180w\" sizes=\"auto, (max-width: 720px) 100vw, 720px\" \/><\/a> <a href=\"http:\/\/www.susannavaris.com\/blogg\/wp-content\/uploads\/2014\/12\/WP_20141205_20_24_22_Pro.jpg\"><img loading=\"lazy\" decoding=\"async\" class=\"aligncenter size-full wp-image-13892\" src=\"http:\/\/www.susannavaris.com\/blogg\/wp-content\/uploads\/2014\/12\/WP_20141205_20_24_22_Pro.jpg\" alt=\"WP_20141205_20_24_22_Pro\" width=\"3072\" height=\"1728\" srcset=\"http:\/\/www.susannavaris.com\/blogg\/wp-content\/uploads\/2014\/12\/WP_20141205_20_24_22_Pro.jpg 3072w, http:\/\/www.susannavaris.com\/blogg\/wp-content\/uploads\/2014\/12\/WP_20141205_20_24_22_Pro-300x168.jpg 300w, http:\/\/www.susannavaris.com\/blogg\/wp-content\/uploads\/2014\/12\/WP_20141205_20_24_22_Pro-1024x576.jpg 1024w\" sizes=\"auto, (max-width: 3072px) 100vw, 3072px\" \/><\/a><em>I pausen.<\/em><\/p>\n<p style=\"text-align: center;\"><a href=\"http:\/\/www.susannavaris.com\/blogg\/wp-content\/uploads\/2014\/12\/resize.php-dimodimov2.jpg\"><img loading=\"lazy\" decoding=\"async\" class=\"aligncenter size-full wp-image-13887\" src=\"http:\/\/www.susannavaris.com\/blogg\/wp-content\/uploads\/2014\/12\/resize.php-dimodimov2.jpg\" alt=\"resize.php-dimodimov2\" width=\"451\" height=\"300\" srcset=\"http:\/\/www.susannavaris.com\/blogg\/wp-content\/uploads\/2014\/12\/resize.php-dimodimov2.jpg 451w, http:\/\/www.susannavaris.com\/blogg\/wp-content\/uploads\/2014\/12\/resize.php-dimodimov2-300x199.jpg 300w\" sizes=\"auto, (max-width: 451px) 100vw, 451px\" \/><\/a> <a href=\"http:\/\/www.susannavaris.com\/blogg\/wp-content\/uploads\/2014\/12\/resize.php-dimodimov3.jpg\"><img loading=\"lazy\" decoding=\"async\" class=\"aligncenter size-full wp-image-13888\" src=\"http:\/\/www.susannavaris.com\/blogg\/wp-content\/uploads\/2014\/12\/resize.php-dimodimov3.jpg\" alt=\"resize.php-dimodimov3\" width=\"451\" height=\"300\" srcset=\"http:\/\/www.susannavaris.com\/blogg\/wp-content\/uploads\/2014\/12\/resize.php-dimodimov3.jpg 451w, http:\/\/www.susannavaris.com\/blogg\/wp-content\/uploads\/2014\/12\/resize.php-dimodimov3-300x199.jpg 300w\" sizes=\"auto, (max-width: 451px) 100vw, 451px\" \/><\/a> <em>Birgid Steinberger som Pamina och Jennifer O\u00b4Loughlin som Nattens Drottning. Foton: Dimo Dimov\/Folksoper.<\/em><\/p>\n<p style=\"text-align: center;\"><a href=\"http:\/\/www.susannavaris.com\/blogg\/wp-content\/uploads\/2014\/12\/resize.php-dimodimov7.jpg\"><img loading=\"lazy\" decoding=\"async\" class=\"aligncenter size-full wp-image-13890\" src=\"http:\/\/www.susannavaris.com\/blogg\/wp-content\/uploads\/2014\/12\/resize.php-dimodimov7.jpg\" alt=\"resize.php-dimodimov7\" width=\"451\" height=\"300\" srcset=\"http:\/\/www.susannavaris.com\/blogg\/wp-content\/uploads\/2014\/12\/resize.php-dimodimov7.jpg 451w, http:\/\/www.susannavaris.com\/blogg\/wp-content\/uploads\/2014\/12\/resize.php-dimodimov7-300x199.jpg 300w\" sizes=\"auto, (max-width: 451px) 100vw, 451px\" \/><\/a><em>Precis som vi trodde s\u00e5 spelades de tre pojkarna av medlemmar ur Wiener S\u00e4ngerknaben. Foto: Dimo Dimov\/Folksoper <\/em><\/p>\n<p style=\"text-align: center;\">\n<p style=\"text-align: center;\"><a href=\"http:\/\/www.susannavaris.com\/blogg\/wp-content\/uploads\/2014\/12\/DSC_0834-50.jpg\"><img loading=\"lazy\" decoding=\"async\" class=\"aligncenter size-full wp-image-13878\" src=\"http:\/\/www.susannavaris.com\/blogg\/wp-content\/uploads\/2014\/12\/DSC_0834-50.jpg\" alt=\"DSC_0834-50\" width=\"2304\" height=\"1536\" srcset=\"http:\/\/www.susannavaris.com\/blogg\/wp-content\/uploads\/2014\/12\/DSC_0834-50.jpg 2304w, http:\/\/www.susannavaris.com\/blogg\/wp-content\/uploads\/2014\/12\/DSC_0834-50-300x200.jpg 300w, http:\/\/www.susannavaris.com\/blogg\/wp-content\/uploads\/2014\/12\/DSC_0834-50-1024x682.jpg 1024w\" sizes=\"auto, (max-width: 2304px) 100vw, 2304px\" \/><\/a><em>Ny dag, nya utmaningar. Uffe l\u00e4ser om den svenska regeringskrisen p\u00e5 Caf\u00e9 Eiles.<\/em><\/p>\n<p style=\"text-align: center;\"><a href=\"http:\/\/www.susannavaris.com\/blogg\/wp-content\/uploads\/2014\/12\/DSC_0835-50.jpg\"><img loading=\"lazy\" decoding=\"async\" class=\"aligncenter size-full wp-image-13879\" src=\"http:\/\/www.susannavaris.com\/blogg\/wp-content\/uploads\/2014\/12\/DSC_0835-50.jpg\" alt=\"DSC_0835-50\" width=\"1536\" height=\"2304\" srcset=\"http:\/\/www.susannavaris.com\/blogg\/wp-content\/uploads\/2014\/12\/DSC_0835-50.jpg 1536w, http:\/\/www.susannavaris.com\/blogg\/wp-content\/uploads\/2014\/12\/DSC_0835-50-200x300.jpg 200w, http:\/\/www.susannavaris.com\/blogg\/wp-content\/uploads\/2014\/12\/DSC_0835-50-682x1024.jpg 682w\" sizes=\"auto, (max-width: 1536px) 100vw, 1536px\" \/><\/a><em>Spanische Hofreitschule, eller Spanska ridskolan. Till skillnad mot en dr\u00f6s d\u00f6va och\/eller korkade turister s\u00e5 tog jag inga foton under framtr\u00e4dandet, eftersom vi ombads att inte g\u00f6ra det f\u00f6r att det kunde st\u00f6ra h\u00e4starna. D\u00e4rf\u00f6r har jag l\u00e5nat n\u00e5gra bilder fr\u00e5n <a href=\"http:\/\/austria-forum.org\/af\/Sparkling_Science\/Aufsatzsammlung\/Spanische_Hofreitschule_Wien\">Austria forum<\/a>:<\/em><\/p>\n<p style=\"text-align: center;\"><a href=\"http:\/\/www.susannavaris.com\/blogg\/wp-content\/uploads\/2014\/12\/Hofreitschule_01_Einritt-austriaforum.jpg\"><img loading=\"lazy\" decoding=\"async\" class=\"aligncenter size-full wp-image-13880\" src=\"http:\/\/www.susannavaris.com\/blogg\/wp-content\/uploads\/2014\/12\/Hofreitschule_01_Einritt-austriaforum.jpg\" alt=\"Aus dem Leben - Die Spanische Hofreitschule - Eleganz mit Tradit\" width=\"2900\" height=\"1931\" srcset=\"http:\/\/www.susannavaris.com\/blogg\/wp-content\/uploads\/2014\/12\/Hofreitschule_01_Einritt-austriaforum.jpg 2900w, http:\/\/www.susannavaris.com\/blogg\/wp-content\/uploads\/2014\/12\/Hofreitschule_01_Einritt-austriaforum-300x199.jpg 300w, http:\/\/www.susannavaris.com\/blogg\/wp-content\/uploads\/2014\/12\/Hofreitschule_01_Einritt-austriaforum-1024x681.jpg 1024w\" sizes=\"auto, (max-width: 2900px) 100vw, 2900px\" \/><\/a> <a href=\"http:\/\/www.susannavaris.com\/blogg\/wp-content\/uploads\/2014\/12\/Hofreitschule_05-austriaforum.jpg\"><img loading=\"lazy\" decoding=\"async\" class=\"aligncenter size-full wp-image-13881\" src=\"http:\/\/www.susannavaris.com\/blogg\/wp-content\/uploads\/2014\/12\/Hofreitschule_05-austriaforum.jpg\" alt=\"Spanische Hofreitschule\" width=\"2500\" height=\"1678\" srcset=\"http:\/\/www.susannavaris.com\/blogg\/wp-content\/uploads\/2014\/12\/Hofreitschule_05-austriaforum.jpg 2500w, http:\/\/www.susannavaris.com\/blogg\/wp-content\/uploads\/2014\/12\/Hofreitschule_05-austriaforum-300x201.jpg 300w, http:\/\/www.susannavaris.com\/blogg\/wp-content\/uploads\/2014\/12\/Hofreitschule_05-austriaforum-1024x687.jpg 1024w\" sizes=\"auto, (max-width: 2500px) 100vw, 2500px\" \/><\/a> <a href=\"http:\/\/www.susannavaris.com\/blogg\/wp-content\/uploads\/2014\/12\/Hofreitschule_07-austriaforum.jpg\"><img loading=\"lazy\" decoding=\"async\" class=\"aligncenter size-full wp-image-13882\" src=\"http:\/\/www.susannavaris.com\/blogg\/wp-content\/uploads\/2014\/12\/Hofreitschule_07-austriaforum.jpg\" alt=\"Aus dem Leben - Die Spanische Hofreitschule - Eleganz mit Tradit\" width=\"2000\" height=\"1324\" srcset=\"http:\/\/www.susannavaris.com\/blogg\/wp-content\/uploads\/2014\/12\/Hofreitschule_07-austriaforum.jpg 2000w, http:\/\/www.susannavaris.com\/blogg\/wp-content\/uploads\/2014\/12\/Hofreitschule_07-austriaforum-300x198.jpg 300w, http:\/\/www.susannavaris.com\/blogg\/wp-content\/uploads\/2014\/12\/Hofreitschule_07-austriaforum-1024x677.jpg 1024w\" sizes=\"auto, (max-width: 2000px) 100vw, 2000px\" \/><\/a><em>Ryttarna h\u00e4lsar alltid p\u00e5 portr\u00e4ttet av kejsare Karl VI (av Habsburg), grundare av skolan i Wien, som h\u00e4nger p\u00e5 ena kortsidan. <\/em><\/p>\n<p style=\"text-align: left;\">F\u00f6rest\u00e4llningen var imponerande och \u00e4ntligen fick jag se de ber\u00f6mda h\u00e4starna live! Jag hyser ju en svagt f\u00f6rkv\u00e4vd h\u00e4sttjej inom mig&#8230;<\/p>\n<p style=\"text-align: left;\">Efter h\u00e4starna var tanken att botanisera bland Weinachtsdorfen och julbonanzan framf\u00f6r Rathaus, men som konstaterat fick vi fly innerstaden f\u00f6r att inte bli ihj\u00e4ltrampade av turisthorderna. Vi \u00e5kte till Zentralfriedhof f\u00f6r att fotografera:<\/p>\n<p style=\"text-align: center;\"><a href=\"http:\/\/www.susannavaris.com\/blogg\/wp-content\/uploads\/2014\/12\/DSC_0839-50-c.jpg\"><img loading=\"lazy\" decoding=\"async\" class=\"aligncenter size-full wp-image-13893\" src=\"http:\/\/www.susannavaris.com\/blogg\/wp-content\/uploads\/2014\/12\/DSC_0839-50-c.jpg\" alt=\"DSC_0839-50-c\" width=\"1536\" height=\"2304\" srcset=\"http:\/\/www.susannavaris.com\/blogg\/wp-content\/uploads\/2014\/12\/DSC_0839-50-c.jpg 1536w, http:\/\/www.susannavaris.com\/blogg\/wp-content\/uploads\/2014\/12\/DSC_0839-50-c-200x300.jpg 200w, http:\/\/www.susannavaris.com\/blogg\/wp-content\/uploads\/2014\/12\/DSC_0839-50-c-682x1024.jpg 682w\" sizes=\"auto, (max-width: 1536px) 100vw, 1536px\" \/><\/a> <a href=\"http:\/\/www.susannavaris.com\/blogg\/wp-content\/uploads\/2014\/12\/DSC_0841-50-c.jpg\"><img loading=\"lazy\" decoding=\"async\" class=\"aligncenter size-full wp-image-13894\" src=\"http:\/\/www.susannavaris.com\/blogg\/wp-content\/uploads\/2014\/12\/DSC_0841-50-c.jpg\" alt=\"DSC_0841-50-c\" width=\"2304\" height=\"1536\" srcset=\"http:\/\/www.susannavaris.com\/blogg\/wp-content\/uploads\/2014\/12\/DSC_0841-50-c.jpg 2304w, http:\/\/www.susannavaris.com\/blogg\/wp-content\/uploads\/2014\/12\/DSC_0841-50-c-300x200.jpg 300w, http:\/\/www.susannavaris.com\/blogg\/wp-content\/uploads\/2014\/12\/DSC_0841-50-c-1024x682.jpg 1024w\" sizes=\"auto, (max-width: 2304px) 100vw, 2304px\" \/><\/a> <a href=\"http:\/\/www.susannavaris.com\/blogg\/wp-content\/uploads\/2014\/12\/DSC_0843-50-c.jpg\"><img loading=\"lazy\" decoding=\"async\" class=\"aligncenter size-full wp-image-13895\" src=\"http:\/\/www.susannavaris.com\/blogg\/wp-content\/uploads\/2014\/12\/DSC_0843-50-c.jpg\" alt=\"DSC_0843-50-c\" width=\"1536\" height=\"2304\" srcset=\"http:\/\/www.susannavaris.com\/blogg\/wp-content\/uploads\/2014\/12\/DSC_0843-50-c.jpg 1536w, http:\/\/www.susannavaris.com\/blogg\/wp-content\/uploads\/2014\/12\/DSC_0843-50-c-200x300.jpg 200w, http:\/\/www.susannavaris.com\/blogg\/wp-content\/uploads\/2014\/12\/DSC_0843-50-c-682x1024.jpg 682w\" sizes=\"auto, (max-width: 1536px) 100vw, 1536px\" \/><\/a> <a href=\"http:\/\/www.susannavaris.com\/blogg\/wp-content\/uploads\/2014\/12\/DSC_0844-50-c.jpg\"><img loading=\"lazy\" decoding=\"async\" class=\"aligncenter size-full wp-image-13896\" src=\"http:\/\/www.susannavaris.com\/blogg\/wp-content\/uploads\/2014\/12\/DSC_0844-50-c.jpg\" alt=\"DSC_0844-50-c\" width=\"1536\" height=\"2304\" srcset=\"http:\/\/www.susannavaris.com\/blogg\/wp-content\/uploads\/2014\/12\/DSC_0844-50-c.jpg 1536w, http:\/\/www.susannavaris.com\/blogg\/wp-content\/uploads\/2014\/12\/DSC_0844-50-c-200x300.jpg 200w, http:\/\/www.susannavaris.com\/blogg\/wp-content\/uploads\/2014\/12\/DSC_0844-50-c-682x1024.jpg 682w\" sizes=\"auto, (max-width: 1536px) 100vw, 1536px\" \/><\/a> <a href=\"http:\/\/www.susannavaris.com\/blogg\/wp-content\/uploads\/2014\/12\/DSC_0851-50-c.jpg\"><img loading=\"lazy\" decoding=\"async\" class=\"aligncenter size-full wp-image-13897\" src=\"http:\/\/www.susannavaris.com\/blogg\/wp-content\/uploads\/2014\/12\/DSC_0851-50-c.jpg\" alt=\"DSC_0851-50-c\" width=\"1536\" height=\"2304\" srcset=\"http:\/\/www.susannavaris.com\/blogg\/wp-content\/uploads\/2014\/12\/DSC_0851-50-c.jpg 1536w, http:\/\/www.susannavaris.com\/blogg\/wp-content\/uploads\/2014\/12\/DSC_0851-50-c-200x300.jpg 200w, http:\/\/www.susannavaris.com\/blogg\/wp-content\/uploads\/2014\/12\/DSC_0851-50-c-682x1024.jpg 682w\" sizes=\"auto, (max-width: 1536px) 100vw, 1536px\" \/><\/a> <a href=\"http:\/\/www.susannavaris.com\/blogg\/wp-content\/uploads\/2014\/12\/DSC_0856-50-c.jpg\"><img loading=\"lazy\" decoding=\"async\" class=\"aligncenter size-full wp-image-13898\" src=\"http:\/\/www.susannavaris.com\/blogg\/wp-content\/uploads\/2014\/12\/DSC_0856-50-c.jpg\" alt=\"DSC_0856-50-c\" width=\"1536\" height=\"2304\" srcset=\"http:\/\/www.susannavaris.com\/blogg\/wp-content\/uploads\/2014\/12\/DSC_0856-50-c.jpg 1536w, http:\/\/www.susannavaris.com\/blogg\/wp-content\/uploads\/2014\/12\/DSC_0856-50-c-200x300.jpg 200w, http:\/\/www.susannavaris.com\/blogg\/wp-content\/uploads\/2014\/12\/DSC_0856-50-c-682x1024.jpg 682w\" sizes=\"auto, (max-width: 1536px) 100vw, 1536px\" \/><\/a> <a href=\"http:\/\/www.susannavaris.com\/blogg\/wp-content\/uploads\/2014\/12\/DSC_0858-50-c.jpg\"><img loading=\"lazy\" decoding=\"async\" class=\"aligncenter size-full wp-image-13899\" src=\"http:\/\/www.susannavaris.com\/blogg\/wp-content\/uploads\/2014\/12\/DSC_0858-50-c.jpg\" alt=\"DSC_0858-50-c\" width=\"1301\" height=\"1875\" srcset=\"http:\/\/www.susannavaris.com\/blogg\/wp-content\/uploads\/2014\/12\/DSC_0858-50-c.jpg 1301w, http:\/\/www.susannavaris.com\/blogg\/wp-content\/uploads\/2014\/12\/DSC_0858-50-c-208x300.jpg 208w, http:\/\/www.susannavaris.com\/blogg\/wp-content\/uploads\/2014\/12\/DSC_0858-50-c-710x1024.jpg 710w\" sizes=\"auto, (max-width: 1301px) 100vw, 1301px\" \/><\/a> <a href=\"http:\/\/www.susannavaris.com\/blogg\/wp-content\/uploads\/2014\/12\/DSC_0859-50.jpg\"><img loading=\"lazy\" decoding=\"async\" class=\"aligncenter size-full wp-image-13900\" src=\"http:\/\/www.susannavaris.com\/blogg\/wp-content\/uploads\/2014\/12\/DSC_0859-50.jpg\" alt=\"DSC_0859-50\" width=\"1536\" height=\"2304\" srcset=\"http:\/\/www.susannavaris.com\/blogg\/wp-content\/uploads\/2014\/12\/DSC_0859-50.jpg 1536w, http:\/\/www.susannavaris.com\/blogg\/wp-content\/uploads\/2014\/12\/DSC_0859-50-200x300.jpg 200w, http:\/\/www.susannavaris.com\/blogg\/wp-content\/uploads\/2014\/12\/DSC_0859-50-682x1024.jpg 682w\" sizes=\"auto, (max-width: 1536px) 100vw, 1536px\" \/><\/a><em>Flertalet stora komposit\u00f6rer \u00e4r begravda p\u00e5 Zentralfriedhof; Beethoven.<\/em><\/p>\n<p style=\"text-align: center;\"><a href=\"http:\/\/www.susannavaris.com\/blogg\/wp-content\/uploads\/2014\/12\/DSC_0860-50.jpg\"><img loading=\"lazy\" decoding=\"async\" class=\"aligncenter size-full wp-image-13901\" src=\"http:\/\/www.susannavaris.com\/blogg\/wp-content\/uploads\/2014\/12\/DSC_0860-50.jpg\" alt=\"DSC_0860-50\" width=\"1536\" height=\"2304\" srcset=\"http:\/\/www.susannavaris.com\/blogg\/wp-content\/uploads\/2014\/12\/DSC_0860-50.jpg 1536w, http:\/\/www.susannavaris.com\/blogg\/wp-content\/uploads\/2014\/12\/DSC_0860-50-200x300.jpg 200w, http:\/\/www.susannavaris.com\/blogg\/wp-content\/uploads\/2014\/12\/DSC_0860-50-682x1024.jpg 682w\" sizes=\"auto, (max-width: 1536px) 100vw, 1536px\" \/><\/a><em>Monument \u00f6ver Mozart.<\/em><\/p>\n<p style=\"text-align: center;\"><a href=\"http:\/\/www.susannavaris.com\/blogg\/wp-content\/uploads\/2014\/12\/DSC_0861-50.jpg\"><img loading=\"lazy\" decoding=\"async\" class=\"aligncenter size-full wp-image-13902\" src=\"http:\/\/www.susannavaris.com\/blogg\/wp-content\/uploads\/2014\/12\/DSC_0861-50.jpg\" alt=\"DSC_0861-50\" width=\"1536\" height=\"2304\" srcset=\"http:\/\/www.susannavaris.com\/blogg\/wp-content\/uploads\/2014\/12\/DSC_0861-50.jpg 1536w, http:\/\/www.susannavaris.com\/blogg\/wp-content\/uploads\/2014\/12\/DSC_0861-50-200x300.jpg 200w, http:\/\/www.susannavaris.com\/blogg\/wp-content\/uploads\/2014\/12\/DSC_0861-50-682x1024.jpg 682w\" sizes=\"auto, (max-width: 1536px) 100vw, 1536px\" \/><\/a><em>Franz Schubert.<\/em><\/p>\n<p style=\"text-align: center;\"><a href=\"http:\/\/www.susannavaris.com\/blogg\/wp-content\/uploads\/2014\/12\/DSC_0862-50.jpg\"><img loading=\"lazy\" decoding=\"async\" class=\"aligncenter size-full wp-image-13903\" src=\"http:\/\/www.susannavaris.com\/blogg\/wp-content\/uploads\/2014\/12\/DSC_0862-50.jpg\" alt=\"DSC_0862-50\" width=\"1536\" height=\"2304\" srcset=\"http:\/\/www.susannavaris.com\/blogg\/wp-content\/uploads\/2014\/12\/DSC_0862-50.jpg 1536w, http:\/\/www.susannavaris.com\/blogg\/wp-content\/uploads\/2014\/12\/DSC_0862-50-200x300.jpg 200w, http:\/\/www.susannavaris.com\/blogg\/wp-content\/uploads\/2014\/12\/DSC_0862-50-682x1024.jpg 682w\" sizes=\"auto, (max-width: 1536px) 100vw, 1536px\" \/><\/a><em>Johann Strauss<\/em><\/p>\n<p style=\"text-align: center;\"><a href=\"http:\/\/www.susannavaris.com\/blogg\/wp-content\/uploads\/2014\/12\/DSC_0863-50.jpg\"><img loading=\"lazy\" decoding=\"async\" class=\"aligncenter size-full wp-image-13904\" src=\"http:\/\/www.susannavaris.com\/blogg\/wp-content\/uploads\/2014\/12\/DSC_0863-50.jpg\" alt=\"DSC_0863-50\" width=\"1536\" height=\"2304\" srcset=\"http:\/\/www.susannavaris.com\/blogg\/wp-content\/uploads\/2014\/12\/DSC_0863-50.jpg 1536w, http:\/\/www.susannavaris.com\/blogg\/wp-content\/uploads\/2014\/12\/DSC_0863-50-200x300.jpg 200w, http:\/\/www.susannavaris.com\/blogg\/wp-content\/uploads\/2014\/12\/DSC_0863-50-682x1024.jpg 682w\" sizes=\"auto, (max-width: 1536px) 100vw, 1536px\" \/><\/a><em>Brahms<\/em><\/p>\n<p style=\"text-align: center;\"><a href=\"http:\/\/www.susannavaris.com\/blogg\/wp-content\/uploads\/2014\/12\/DSC_0865-50.jpg\"><img loading=\"lazy\" decoding=\"async\" class=\"aligncenter size-full wp-image-13905\" src=\"http:\/\/www.susannavaris.com\/blogg\/wp-content\/uploads\/2014\/12\/DSC_0865-50.jpg\" alt=\"DSC_0865-50\" width=\"1536\" height=\"2304\" srcset=\"http:\/\/www.susannavaris.com\/blogg\/wp-content\/uploads\/2014\/12\/DSC_0865-50.jpg 1536w, http:\/\/www.susannavaris.com\/blogg\/wp-content\/uploads\/2014\/12\/DSC_0865-50-200x300.jpg 200w, http:\/\/www.susannavaris.com\/blogg\/wp-content\/uploads\/2014\/12\/DSC_0865-50-682x1024.jpg 682w\" sizes=\"auto, (max-width: 1536px) 100vw, 1536px\" \/><\/a><em>Josef Strauss<\/em><\/p>\n<p style=\"text-align: center;\"><a href=\"http:\/\/www.susannavaris.com\/blogg\/wp-content\/uploads\/2014\/12\/DSC_0872-50-crop-c.jpg\"><img loading=\"lazy\" decoding=\"async\" class=\"aligncenter size-full wp-image-13906\" src=\"http:\/\/www.susannavaris.com\/blogg\/wp-content\/uploads\/2014\/12\/DSC_0872-50-crop-c.jpg\" alt=\"DSC_0872-50-crop-c\" width=\"1509\" height=\"1963\" srcset=\"http:\/\/www.susannavaris.com\/blogg\/wp-content\/uploads\/2014\/12\/DSC_0872-50-crop-c.jpg 1509w, http:\/\/www.susannavaris.com\/blogg\/wp-content\/uploads\/2014\/12\/DSC_0872-50-crop-c-230x300.jpg 230w, http:\/\/www.susannavaris.com\/blogg\/wp-content\/uploads\/2014\/12\/DSC_0872-50-crop-c-787x1024.jpg 787w\" sizes=\"auto, (max-width: 1509px) 100vw, 1509px\" \/><\/a> <a href=\"http:\/\/www.susannavaris.com\/blogg\/wp-content\/uploads\/2014\/12\/DSC_0874-50-c.jpg\"><img loading=\"lazy\" decoding=\"async\" class=\"aligncenter size-full wp-image-13907\" src=\"http:\/\/www.susannavaris.com\/blogg\/wp-content\/uploads\/2014\/12\/DSC_0874-50-c.jpg\" alt=\"DSC_0874-50-c\" width=\"1536\" height=\"2304\" srcset=\"http:\/\/www.susannavaris.com\/blogg\/wp-content\/uploads\/2014\/12\/DSC_0874-50-c.jpg 1536w, http:\/\/www.susannavaris.com\/blogg\/wp-content\/uploads\/2014\/12\/DSC_0874-50-c-200x300.jpg 200w, http:\/\/www.susannavaris.com\/blogg\/wp-content\/uploads\/2014\/12\/DSC_0874-50-c-682x1024.jpg 682w\" sizes=\"auto, (max-width: 1536px) 100vw, 1536px\" \/><\/a><a href=\"http:\/\/www.susannavaris.com\/blogg\/wp-content\/uploads\/2014\/12\/DSC_0875-50.jpg\"><img loading=\"lazy\" decoding=\"async\" class=\"aligncenter size-full wp-image-13908\" src=\"http:\/\/www.susannavaris.com\/blogg\/wp-content\/uploads\/2014\/12\/DSC_0875-50.jpg\" alt=\"DSC_0875-50\" width=\"1536\" height=\"2304\" srcset=\"http:\/\/www.susannavaris.com\/blogg\/wp-content\/uploads\/2014\/12\/DSC_0875-50.jpg 1536w, http:\/\/www.susannavaris.com\/blogg\/wp-content\/uploads\/2014\/12\/DSC_0875-50-200x300.jpg 200w, http:\/\/www.susannavaris.com\/blogg\/wp-content\/uploads\/2014\/12\/DSC_0875-50-682x1024.jpg 682w\" sizes=\"auto, (max-width: 1536px) 100vw, 1536px\" \/><\/a><em>Det h\u00e4r monumentet \u00e4r &#8221;till salu&#8221;, s\u00e5 om du s\u00f6ker efter ett tjusigt, nygotiskt minnesm\u00e4rke \u00f6ver dig eller din familj s\u00e5 finns det h\u00e4r&#8230;<\/em><\/p>\n<p style=\"text-align: center;\"><a href=\"http:\/\/www.susannavaris.com\/blogg\/wp-content\/uploads\/2014\/12\/DSC_0879-50.jpg\"><img loading=\"lazy\" decoding=\"async\" class=\"aligncenter size-full wp-image-13909\" src=\"http:\/\/www.susannavaris.com\/blogg\/wp-content\/uploads\/2014\/12\/DSC_0879-50.jpg\" alt=\"DSC_0879-50\" width=\"1536\" height=\"2304\" srcset=\"http:\/\/www.susannavaris.com\/blogg\/wp-content\/uploads\/2014\/12\/DSC_0879-50.jpg 1536w, http:\/\/www.susannavaris.com\/blogg\/wp-content\/uploads\/2014\/12\/DSC_0879-50-200x300.jpg 200w, http:\/\/www.susannavaris.com\/blogg\/wp-content\/uploads\/2014\/12\/DSC_0879-50-682x1024.jpg 682w\" sizes=\"auto, (max-width: 1536px) 100vw, 1536px\" \/><\/a> <a href=\"http:\/\/www.susannavaris.com\/blogg\/wp-content\/uploads\/2014\/12\/DSC_0880-50.jpg\"><img loading=\"lazy\" decoding=\"async\" class=\"aligncenter size-full wp-image-13910\" src=\"http:\/\/www.susannavaris.com\/blogg\/wp-content\/uploads\/2014\/12\/DSC_0880-50.jpg\" alt=\"DSC_0880-50\" width=\"1536\" height=\"2304\" srcset=\"http:\/\/www.susannavaris.com\/blogg\/wp-content\/uploads\/2014\/12\/DSC_0880-50.jpg 1536w, http:\/\/www.susannavaris.com\/blogg\/wp-content\/uploads\/2014\/12\/DSC_0880-50-200x300.jpg 200w, http:\/\/www.susannavaris.com\/blogg\/wp-content\/uploads\/2014\/12\/DSC_0880-50-682x1024.jpg 682w\" sizes=\"auto, (max-width: 1536px) 100vw, 1536px\" \/><\/a><em>Sista kv\u00e4llen var det adventskonsert i Stephansdom. Mycket trevligt.<\/em><\/p>\n<p style=\"text-align: center;\"><a href=\"http:\/\/www.susannavaris.com\/blogg\/wp-content\/uploads\/2014\/12\/DSC_0882-50.jpg\"><img loading=\"lazy\" decoding=\"async\" class=\"aligncenter size-full wp-image-13911\" src=\"http:\/\/www.susannavaris.com\/blogg\/wp-content\/uploads\/2014\/12\/DSC_0882-50.jpg\" alt=\"DSC_0882-50\" width=\"1536\" height=\"2304\" srcset=\"http:\/\/www.susannavaris.com\/blogg\/wp-content\/uploads\/2014\/12\/DSC_0882-50.jpg 1536w, http:\/\/www.susannavaris.com\/blogg\/wp-content\/uploads\/2014\/12\/DSC_0882-50-200x300.jpg 200w, http:\/\/www.susannavaris.com\/blogg\/wp-content\/uploads\/2014\/12\/DSC_0882-50-682x1024.jpg 682w\" sizes=\"auto, (max-width: 1536px) 100vw, 1536px\" \/><\/a> <a href=\"http:\/\/www.susannavaris.com\/blogg\/wp-content\/uploads\/2014\/12\/DSC_0883-50.jpg\"><img loading=\"lazy\" decoding=\"async\" class=\"aligncenter size-full wp-image-13912\" src=\"http:\/\/www.susannavaris.com\/blogg\/wp-content\/uploads\/2014\/12\/DSC_0883-50.jpg\" alt=\"DSC_0883-50\" width=\"2304\" height=\"1536\" srcset=\"http:\/\/www.susannavaris.com\/blogg\/wp-content\/uploads\/2014\/12\/DSC_0883-50.jpg 2304w, http:\/\/www.susannavaris.com\/blogg\/wp-content\/uploads\/2014\/12\/DSC_0883-50-300x200.jpg 300w, http:\/\/www.susannavaris.com\/blogg\/wp-content\/uploads\/2014\/12\/DSC_0883-50-1024x682.jpg 1024w\" sizes=\"auto, (max-width: 2304px) 100vw, 2304px\" \/><\/a><em>Sista bilderna fr\u00e5n en r\u00e5kall Stephansplatz. Morgonen d\u00e4rp\u00e5 var det hemf\u00e4rd. <\/em><\/p>\n<p style=\"text-align: center;\">Tillbaka ska vi. Kanske inte n\u00e4sta \u00e5r, men senast \u00e5ret d\u00e4rp\u00e5.<\/p>\n<p style=\"text-align: left;\">\n<p style=\"text-align: left;\">\n<p style=\"text-align: center;\">\n<p style=\"text-align: center;\">\n","protected":false},"excerpt":{"rendered":"<p>Forts\u00e4ttning fr\u00e5n tidigare inl\u00e4gg&#8230; P\u00e5 fredagskv\u00e4llen blev det s\u00e5 dags f\u00f6r Mozarts Trollfl\u00f6jten p\u00e5 Volksoper. Lite f\u00f6rfriskningar och mat f\u00f6re f\u00f6rest\u00e4llningen&#8230; Och vilken f\u00f6rest\u00e4llning sen! Nattens Drottning (nederst), Jennifer O&#8217;Loughlin, sj\u00f6ng s\u00e5 att h\u00e5ret reste sig p\u00e5 mina armar och &hellip; <a href=\"http:\/\/www.susannavaris.com\/blogg\/2014\/12\/wien-igen-del-3\/\">Forts\u00e4tt l\u00e4sa <span class=\"meta-nav\">&rarr;<\/span><\/a><\/p>\n","protected":false},"author":1,"featured_media":0,"comment_status":"open","ping_status":"open","sticky":false,"template":"","format":"standard","meta":{"footnotes":""},"categories":[361,674,1419,3,1162,994,1,590],"tags":[4467,4468,4462,4461,3718,4463,949,4466,4459,65,4460,4458,950,4465,4464,68,4457,67,3732],"class_list":["post-13877","post","type-post","status-publish","format-standard","hentry","category-goth","category-historia","category-konsert","category-konst","category-kultur","category-musik","category-okategoriserade","category-politik","tag-advent","tag-adventskonsert","tag-hast","tag-hastar","tag-hofburg","tag-jennifer-oloughlin","tag-jul","tag-julkonsert","tag-lipizzaner","tag-mozart","tag-spanische-hofreitschule","tag-spanska-hovridskolan","tag-stephansdom","tag-the-magic-fluite","tag-trollflojten","tag-vienna","tag-volksoper","tag-wien","tag-zentralfriedhof"],"_links":{"self":[{"href":"http:\/\/www.susannavaris.com\/blogg\/wp-json\/wp\/v2\/posts\/13877","targetHints":{"allow":["GET"]}}],"collection":[{"href":"http:\/\/www.susannavaris.com\/blogg\/wp-json\/wp\/v2\/posts"}],"about":[{"href":"http:\/\/www.susannavaris.com\/blogg\/wp-json\/wp\/v2\/types\/post"}],"author":[{"embeddable":true,"href":"http:\/\/www.susannavaris.com\/blogg\/wp-json\/wp\/v2\/users\/1"}],"replies":[{"embeddable":true,"href":"http:\/\/www.susannavaris.com\/blogg\/wp-json\/wp\/v2\/comments?post=13877"}],"version-history":[{"count":1,"href":"http:\/\/www.susannavaris.com\/blogg\/wp-json\/wp\/v2\/posts\/13877\/revisions"}],"predecessor-version":[{"id":13913,"href":"http:\/\/www.susannavaris.com\/blogg\/wp-json\/wp\/v2\/posts\/13877\/revisions\/13913"}],"wp:attachment":[{"href":"http:\/\/www.susannavaris.com\/blogg\/wp-json\/wp\/v2\/media?parent=13877"}],"wp:term":[{"taxonomy":"category","embeddable":true,"href":"http:\/\/www.susannavaris.com\/blogg\/wp-json\/wp\/v2\/categories?post=13877"},{"taxonomy":"post_tag","embeddable":true,"href":"http:\/\/www.susannavaris.com\/blogg\/wp-json\/wp\/v2\/tags?post=13877"}],"curies":[{"name":"wp","href":"https:\/\/api.w.org\/{rel}","templated":true}]}}