{"id":13942,"date":"2014-12-24T12:49:10","date_gmt":"2014-12-24T11:49:10","guid":{"rendered":"http:\/\/www.susannavaris.com\/blogg\/?p=13942"},"modified":"2014-12-24T12:49:10","modified_gmt":"2014-12-24T11:49:10","slug":"god-jul-3","status":"publish","type":"post","link":"http:\/\/www.susannavaris.com\/blogg\/2014\/12\/god-jul-3\/","title":{"rendered":"God jul!"},"content":{"rendered":"<p style=\"text-align: center;\"><a href=\"http:\/\/www.susannavaris.com\/blogg\/wp-content\/uploads\/2014\/12\/christmaskuusenhakija01.jpg\"><img loading=\"lazy\" decoding=\"async\" class=\"aligncenter size-full wp-image-13943\" src=\"http:\/\/www.susannavaris.com\/blogg\/wp-content\/uploads\/2014\/12\/christmaskuusenhakija01.jpg\" alt=\"christmaskuusenhakija01\" width=\"1019\" height=\"1600\" srcset=\"http:\/\/www.susannavaris.com\/blogg\/wp-content\/uploads\/2014\/12\/christmaskuusenhakija01.jpg 1019w, http:\/\/www.susannavaris.com\/blogg\/wp-content\/uploads\/2014\/12\/christmaskuusenhakija01-191x300.jpg 191w, http:\/\/www.susannavaris.com\/blogg\/wp-content\/uploads\/2014\/12\/christmaskuusenhakija01-652x1024.jpg 652w\" sizes=\"auto, (max-width: 1019px) 100vw, 1019px\" \/><\/a><\/p>\n<p style=\"text-align: center;\"><strong>God jul till er alla!<\/strong><\/p>\n<p>&#8230;fr\u00e5n den slackande bloggaren (som ut\u00f6ver all annan slackighet \u00e5teranv\u00e4nder bilden fr\u00e5n f\u00f6rra \u00e5ret&#8230;men det \u00e4r v\u00e4l bra att \u00e5tervinna&#8230;? Eller&#8230;?<\/p>\n","protected":false},"excerpt":{"rendered":"<p>God jul till er alla! &#8230;fr\u00e5n den slackande bloggaren (som ut\u00f6ver all annan slackighet \u00e5teranv\u00e4nder bilden fr\u00e5n f\u00f6rra \u00e5ret&#8230;men det \u00e4r v\u00e4l bra att \u00e5tervinna&#8230;? Eller&#8230;?<\/p>\n","protected":false},"author":1,"featured_media":0,"comment_status":"open","ping_status":"open","sticky":false,"template":"","format":"standard","meta":{"footnotes":""},"categories":[1],"tags":[4482,949],"class_list":["post-13942","post","type-post","status-publish","format-standard","hentry","category-okategoriserade","tag-god-jul","tag-jul"],"_links":{"self":[{"href":"http:\/\/www.susannavaris.com\/blogg\/wp-json\/wp\/v2\/posts\/13942","targetHints":{"allow":["GET"]}}],"collection":[{"href":"http:\/\/www.susannavaris.com\/blogg\/wp-json\/wp\/v2\/posts"}],"about":[{"href":"http:\/\/www.susannavaris.com\/blogg\/wp-json\/wp\/v2\/types\/post"}],"author":[{"embeddable":true,"href":"http:\/\/www.susannavaris.com\/blogg\/wp-json\/wp\/v2\/users\/1"}],"replies":[{"embeddable":true,"href":"http:\/\/www.susannavaris.com\/blogg\/wp-json\/wp\/v2\/comments?post=13942"}],"version-history":[{"count":1,"href":"http:\/\/www.susannavaris.com\/blogg\/wp-json\/wp\/v2\/posts\/13942\/revisions"}],"predecessor-version":[{"id":13944,"href":"http:\/\/www.susannavaris.com\/blogg\/wp-json\/wp\/v2\/posts\/13942\/revisions\/13944"}],"wp:attachment":[{"href":"http:\/\/www.susannavaris.com\/blogg\/wp-json\/wp\/v2\/media?parent=13942"}],"wp:term":[{"taxonomy":"category","embeddable":true,"href":"http:\/\/www.susannavaris.com\/blogg\/wp-json\/wp\/v2\/categories?post=13942"},{"taxonomy":"post_tag","embeddable":true,"href":"http:\/\/www.susannavaris.com\/blogg\/wp-json\/wp\/v2\/tags?post=13942"}],"curies":[{"name":"wp","href":"https:\/\/api.w.org\/{rel}","templated":true}]}}