{"id":14016,"date":"2015-01-03T19:55:56","date_gmt":"2015-01-03T18:55:56","guid":{"rendered":"http:\/\/www.susannavaris.com\/blogg\/?p=14016"},"modified":"2015-01-03T19:59:22","modified_gmt":"2015-01-03T18:59:22","slug":"vilsenhet","status":"publish","type":"post","link":"http:\/\/www.susannavaris.com\/blogg\/2015\/01\/vilsenhet\/","title":{"rendered":"Vilsenhet"},"content":{"rendered":"<p><a href=\"http:\/\/www.susannavaris.com\/blogg\/wp-content\/uploads\/2015\/01\/uDSC_0817-sepia.jpg\"><img loading=\"lazy\" decoding=\"async\" class=\"aligncenter size-full wp-image-14017\" src=\"http:\/\/www.susannavaris.com\/blogg\/wp-content\/uploads\/2015\/01\/uDSC_0817-sepia.jpg\" alt=\"uDSC_0817-sepia\" width=\"2848\" height=\"3811\" srcset=\"http:\/\/www.susannavaris.com\/blogg\/wp-content\/uploads\/2015\/01\/uDSC_0817-sepia.jpg 2848w, http:\/\/www.susannavaris.com\/blogg\/wp-content\/uploads\/2015\/01\/uDSC_0817-sepia-224x300.jpg 224w, http:\/\/www.susannavaris.com\/blogg\/wp-content\/uploads\/2015\/01\/uDSC_0817-sepia-765x1024.jpg 765w\" sizes=\"auto, (max-width: 2848px) 100vw, 2848px\" \/><\/a><\/p>\n<p>Jag har inte haft energin, eller lusten f\u00f6r den delen, att blogga s\u00e5 mycket p\u00e5 sistone. Det har ni s\u00e4kert m\u00e4rkt. \u00c4ven om situationen b\u00f6rjar l\u00e4tta n\u00e5got p\u00e5 energifronten, \u00e4r ett annat hinder en slags enorm vilsenhet jag k\u00e4nner inf\u00f6r den allt snabbare fortg\u00e5ende samtiden. Galenskapen \u00f6kade med en svindlande hastighet redan under h\u00f6sten och har nu kulminerat i en slags kaos, d\u00e4r jag s\u00f6kt mig till den stilla mittpunkten i stormens \u00f6ga. D\u00e4r har jag st\u00e4ngt ner, sk\u00e4rmat av och tittat bort. Jag har f\u00f6rs\u00f6kt att stoppa ner huvudet i sanden f\u00f6r att likt den gamla strutsen fly undan en obegriplig omv\u00e4rld.<\/p>\n<p>Jag har st\u00e4llt mig fr\u00e5gan: orkar jag blogga? Och fr\u00e5gan: vill jag blogga? Och vidare: vad har jag d\u00e5 att s\u00e4ga? Och jag vet inte. Jag k\u00e4nner mig vilsen. Det finns s\u00e5 mycket som kr\u00e4ver analyserande och kommenterande att det k\u00e4nns fullst\u00e4ndigt \u00f6verm\u00e4ktigt. Som tur \u00e4r finns det allt fler bra bloggar att l\u00e4sa, andra som orkar h\u00e5lla \u00e5ngan uppe.<\/p>\n<p><a href=\"http:\/\/jamstalldhetsfeministern.wordpress.com\/\">J\u00e4mst\u00e4lldhetsfeministern<\/a> kommenterar l\u00e4get p\u00e5 den feministiska fronten med sin skarpa satir, <a href=\"http:\/\/toklandet.wordpress.com\/\">WTF\/Toklandet<\/a> dokumenterar den galopperande galenskapen p\u00e5 Twitter och annorst\u00e4des med of\u00f6rtruten energi, <a href=\"https:\/\/enstillaundran.wordpress.com\/\">En Stilla Undran<\/a> har mycket bra och analytiska texter, <a href=\"http:\/\/jhlundell.wordpress.com\/\">Jussi H Lundell<\/a> skriver alltid mycket skarpt om samtiden, <a href=\"http:\/\/cornucopia.cornubot.se\/\">Cornucopia<\/a> skriver ofta och initierat om varierande \u00e4mnen, <a href=\"http:\/\/lojesguiden.wordpress.com\/\">L\u00f6jesguiden<\/a> analyserar det politiska l\u00e4get, <a href=\"http:\/\/genusdebatten.se\/\">Genusdebatten<\/a> skriver m\u00e5ngsidigt p\u00e5 \u00f6verv\u00e4gande tema genus och feminism, <a href=\"http:\/\/juggen.wordpress.com\/\">Juggen<\/a> skriver intressant om identitetspolitik, feminism och annat, <a href=\"http:\/\/fnordspotting.blogspot.se\/\">Fnordspotting<\/a> och <a href=\"http:\/\/ekvalist.blogspot.se\/\">Ekvalist<\/a> samma sak&#8230;f\u00f6r att n\u00e4mna n\u00e5gra (bli inte sura om ni inte finns med, detta \u00e4r ett axplock).<\/p>\n<p>Svar p\u00e5 mina fr\u00e5gor ovan har jag inte. Jag uppmuntras och uppmanas att forts\u00e4tta blogga fr\u00e5n olika h\u00e5ll, men jag k\u00e4nner mig kluven. P\u00e5 sistone har det k\u00e4nts som en skiva p\u00e5 tomg\u00e5ng, jag har bloggat om samma sak m\u00e5nga g\u00e5nger innan. \u00c5 andra sidan visar inte den tilltagande galenskapen i samh\u00e4llet inga tecken p\u00e5 att f\u00f6rminskas och det g\u00e4ller kanske bara att med en d\u00e5res envishet forts\u00e4tta tjata. Vissa saker har fallit bort, som mitt kritiserande av inneh\u00e5llet i DN, Aftonbaldet, SVT etc, eftersom jag har slutat att ta del av mycket av det som d\u00e4r produceras. Jag kanske m\u00e5ste b\u00f6rja f\u00f6lja de traditionella medierna igen f\u00f6r att h\u00e5lla koll p\u00e5 vad de g\u00f6r och f\u00f6r att kunna kommentera. Jag slutade, eftersom jag inte ville bidra till deras verksamhet med pengar eller klick och \u00e4ven f\u00f6r blodtryckets skull, men jag kanske ska b\u00f6rja igen&#8230;?<\/p>\n<p>Jag vill dessutom inte enbart bli feminismkritikern Susanna Varis, vilket ju \u00e4r risken ju l\u00e4ngre tid jag h\u00e5ller mig sysselsatt med detta \u00e4mne p\u00e5 bloggen. Jag vill n\u00e5 ut med min konst och annat ocks\u00e5 och ibland har det k\u00e4nts som feminismkritiken alltf\u00f6r mycket b\u00f6rjar bli ett k\u00e4nnetecken f\u00f6r mig. S\u00e5 ska jag forts\u00e4tta s\u00e5 kommer det att bli en blandad kompott h\u00e4r p\u00e5 bloggen \u00e4ven i framtiden. Ett alternativ \u00e4r att sluta blogga om feminism (jag vet dock inte om detta \u00e4r ett verkligt alternativ f\u00f6r mig; feminismen, som den ser ut idag, m\u00e5ste ha sina kritiker).<\/p>\n<p>Jag forts\u00e4tter att fundera (och blunda med ena \u00f6gat mot det aktuella politiska l\u00e4get), men under tiden vill jag g\u00e4rna h\u00f6ra om det \u00e4r n\u00e5got s\u00e4rskilt ni som l\u00e4ser vill se mer av p\u00e5 den h\u00e4r bloggen? Ber\u00e4tta g\u00e4rna! Tills n\u00e4sta g\u00e5ng: ha en god forts\u00e4ttning och m\u00e5 v\u00e4l allihopa!<\/p>\n","protected":false},"excerpt":{"rendered":"<p>Jag har inte haft energin, eller lusten f\u00f6r den delen, att blogga s\u00e5 mycket p\u00e5 sistone. Det har ni s\u00e4kert m\u00e4rkt. \u00c4ven om situationen b\u00f6rjar l\u00e4tta n\u00e5got p\u00e5 energifronten, \u00e4r ett annat hinder en slags enorm vilsenhet jag k\u00e4nner inf\u00f6r &hellip; <a href=\"http:\/\/www.susannavaris.com\/blogg\/2015\/01\/vilsenhet\/\">Forts\u00e4tt l\u00e4sa <span class=\"meta-nav\">&rarr;<\/span><\/a><\/p>\n","protected":false},"author":1,"featured_media":0,"comment_status":"open","ping_status":"open","sticky":false,"template":"","format":"standard","meta":{"footnotes":""},"categories":[1],"tags":[4489,284,3169,4900,4490],"class_list":["post-14016","post","type-post","status-publish","format-standard","hentry","category-okategoriserade","tag-amnen","tag-blogg","tag-bloggande","tag-feminism","tag-reflektioner"],"_links":{"self":[{"href":"http:\/\/www.susannavaris.com\/blogg\/wp-json\/wp\/v2\/posts\/14016","targetHints":{"allow":["GET"]}}],"collection":[{"href":"http:\/\/www.susannavaris.com\/blogg\/wp-json\/wp\/v2\/posts"}],"about":[{"href":"http:\/\/www.susannavaris.com\/blogg\/wp-json\/wp\/v2\/types\/post"}],"author":[{"embeddable":true,"href":"http:\/\/www.susannavaris.com\/blogg\/wp-json\/wp\/v2\/users\/1"}],"replies":[{"embeddable":true,"href":"http:\/\/www.susannavaris.com\/blogg\/wp-json\/wp\/v2\/comments?post=14016"}],"version-history":[{"count":2,"href":"http:\/\/www.susannavaris.com\/blogg\/wp-json\/wp\/v2\/posts\/14016\/revisions"}],"predecessor-version":[{"id":14019,"href":"http:\/\/www.susannavaris.com\/blogg\/wp-json\/wp\/v2\/posts\/14016\/revisions\/14019"}],"wp:attachment":[{"href":"http:\/\/www.susannavaris.com\/blogg\/wp-json\/wp\/v2\/media?parent=14016"}],"wp:term":[{"taxonomy":"category","embeddable":true,"href":"http:\/\/www.susannavaris.com\/blogg\/wp-json\/wp\/v2\/categories?post=14016"},{"taxonomy":"post_tag","embeddable":true,"href":"http:\/\/www.susannavaris.com\/blogg\/wp-json\/wp\/v2\/tags?post=14016"}],"curies":[{"name":"wp","href":"https:\/\/api.w.org\/{rel}","templated":true}]}}