{"id":14034,"date":"2015-01-05T12:43:01","date_gmt":"2015-01-05T11:43:01","guid":{"rendered":"http:\/\/www.susannavaris.com\/blogg\/?p=14034"},"modified":"2015-01-05T14:53:53","modified_gmt":"2015-01-05T13:53:53","slug":"bevare-oss-fran-salongskommunisterna","status":"publish","type":"post","link":"http:\/\/www.susannavaris.com\/blogg\/2015\/01\/bevare-oss-fran-salongskommunisterna\/","title":{"rendered":"Bevare oss fr\u00e5n salongskommunisterna"},"content":{"rendered":"<p>Tr\u00f6tt som en s\u00f6mng\u00e5ngare noterar jag en ny trend bland salongskommunisterna. F\u00f6re jul deklarerade salongskommunisten <a href=\"http:\/\/www.susannavaris.com\/blogg\/2012\/04\/nytt-rekord-i-smakloshet\/\">Lars Diding<\/a>, som byggt ett &#8221;leninbad&#8221; p\u00e5 sitt hotell till \u00e4ra f\u00f6r den forne massm\u00f6rdaren, i ett avsnitt av Debatt att han sj\u00e4lv \u00e4r s\u00e5 gniden att han inte skulle betala n\u00e5got f\u00f6r n\u00e5gon annan om det inte skattevis skulle kr\u00e4vas av honom. Hans slutsats av sj\u00e4lvk\u00e4nnedomen var att alla b\u00f6r beskattas s\u00e5 mycket det g\u00e5r.<\/p>\n<p>Nu har en representant f\u00f6r den yngre generationen nykommunister (\u00e4ven om hon i intervjun f\u00f6rnekar att hon \u00e4r just detta),\u00a0<a href=\"http:\/\/www.susannavaris.com\/blogg\/2014\/04\/blodstortning-medelst-aftonpravda\/\">Lina Thomsg\u00e5rd<\/a>\u00a0<a href=\"http:\/\/www.etc.se\/nyheter\/i-huvudet-pa-en-obotlig-optimist\">uttalat sig<\/a> i samma anda i en intervju (f\u00f6r \u00f6vrigt sp\u00e4ckad med feminism och misandri, som sig b\u00f6r) i tidningen Etc:<\/p>\n<blockquote><p>&#8221;Lina\u00a0Thomsg\u00e5rd\u00a0reflekterar \u00f6ver att n\u00e4stan alla intervjuer hon gjort den senaste tiden \u00e4gt rum i kvarteren h\u00e4romkring eftersom journalisterna som f\u00f6reslagit m\u00f6tesplats antingen bor eller jobbar h\u00e4r. Jag fr\u00e5gar var hon sj\u00e4lv bor. Ocks\u00e5 i Hornstull. Jag s\u00e4ger att jag blir socialt deprimerad i Hornstull eftersom det \u00e4r s\u00e5 segregerat. Hon h\u00e5ller med. Sedan talar vi en stund om att det \u00e4r l\u00e4tt att klaga \u00f6ver segregation n\u00e4r man sj\u00e4lv bor mitt i\u00a0stan, men att ingen av oss i realiteten skulle vara beredda att flytta till en f\u00f6rort l\u00e5ngt utanf\u00f6r centrum.<\/p>\n<p><strong>Hur ska segregationen l\u00f6sas d\u00e5, med tv\u00e5ng?\u00a0<\/strong><\/p>\n<p>\u2013 Jag skulle gladeligen st\u00f6dja en lag som tvingade mig att bos\u00e4tta mig i exempelvis Barkarby f\u00f6r j\u00e4mna ut klyftorna, det skulle vara fantastiskt (skratt). Om n\u00e5gon s\u00e4ger: \u201dnu f\u00f6rbjuder vi k\u00f6tt och sm\u00e5godis\u201d, d\u00e5 s\u00e4ger\u00a0jag: \u201dK\u00f6r! Perfekt!\u201d. Min disciplin \u00e4r s\u00e5 d\u00e5lig s\u00e5 det vore j\u00e4ttebra f\u00f6r mina t\u00e4nder. Det skulle bli lite tr\u00e5kigare fredagskv\u00e4llar, men sedan, n\u00e4r det v\u00e4l inf\u00f6rts &#8230;&#8221;<\/p><\/blockquote>\n<p>Jag vet inte ens i vilken \u00e4nda jag ska b\u00f6rja att behandla idiotin i Thomsg\u00e5rds uttalanden. Inte nog med att hon uppvisar en monumental historiel\u00f6shet och respektl\u00f6shet gentemot m\u00e4nniskor som lever under politiskt f\u00f6rtryck, koketterandet med den egna positionen (jag har alla m\u00f6jligheter, men ids bara inte) i kombination med ett infantilt fl\u00f6rtande med id\u00e9er fr\u00e5n totalit\u00e4ra system g\u00f6r mig direkt spyf\u00e4rdig.<\/p>\n<p>Adam Cwejman har kommenterat detta p\u00e5 ett bra s\u00e4tt p\u00e5 sin <a href=\"http:\/\/adamcwejman.blogspot.se\/2015\/01\/fran-revolutionar-till-den-lata-posor.html\">blogg<\/a>.<\/p>\n<p>Till\u00e4gg: Ja, Thomsg\u00e5rd sysslar med reklam, men jag har nu f\u00f6resatt mig att bevaka det som sker i media och d\u00e5 st\u00e4ller jag fr\u00e5gan vad det \u00e4r Thomsg\u00e5rd vill f\u00f6rmedla, vilka \u00e5sikter vill hon torgf\u00f6ra, nu n\u00e4r hon alldeles uppenbart v\u00e4cker allas uppm\u00e4rksamhet? Vad \u00e4r agendan?<\/p>\n","protected":false},"excerpt":{"rendered":"<p>Tr\u00f6tt som en s\u00f6mng\u00e5ngare noterar jag en ny trend bland salongskommunisterna. F\u00f6re jul deklarerade salongskommunisten Lars Diding, som byggt ett &#8221;leninbad&#8221; p\u00e5 sitt hotell till \u00e4ra f\u00f6r den forne massm\u00f6rdaren, i ett avsnitt av Debatt att han sj\u00e4lv \u00e4r s\u00e5 &hellip; <a href=\"http:\/\/www.susannavaris.com\/blogg\/2015\/01\/bevare-oss-fran-salongskommunisterna\/\">Forts\u00e4tt l\u00e4sa <span class=\"meta-nav\">&rarr;<\/span><\/a><\/p>\n","protected":false},"author":1,"featured_media":0,"comment_status":"open","ping_status":"open","sticky":false,"template":"","format":"standard","meta":{"footnotes":""},"categories":[178,181,589,1,590],"tags":[4498,1354,1626,1627,3958,4497,526],"class_list":["post-14034","post","type-post","status-publish","format-standard","hentry","category-blodtryckshojare","category-feminism","category-medier","category-okategoriserade","category-politik","tag-hornstull","tag-kommunism","tag-lars-diding","tag-lenin","tag-lina-thomsgard","tag-salongskommunism","tag-sodermalm"],"_links":{"self":[{"href":"http:\/\/www.susannavaris.com\/blogg\/wp-json\/wp\/v2\/posts\/14034","targetHints":{"allow":["GET"]}}],"collection":[{"href":"http:\/\/www.susannavaris.com\/blogg\/wp-json\/wp\/v2\/posts"}],"about":[{"href":"http:\/\/www.susannavaris.com\/blogg\/wp-json\/wp\/v2\/types\/post"}],"author":[{"embeddable":true,"href":"http:\/\/www.susannavaris.com\/blogg\/wp-json\/wp\/v2\/users\/1"}],"replies":[{"embeddable":true,"href":"http:\/\/www.susannavaris.com\/blogg\/wp-json\/wp\/v2\/comments?post=14034"}],"version-history":[{"count":4,"href":"http:\/\/www.susannavaris.com\/blogg\/wp-json\/wp\/v2\/posts\/14034\/revisions"}],"predecessor-version":[{"id":14038,"href":"http:\/\/www.susannavaris.com\/blogg\/wp-json\/wp\/v2\/posts\/14034\/revisions\/14038"}],"wp:attachment":[{"href":"http:\/\/www.susannavaris.com\/blogg\/wp-json\/wp\/v2\/media?parent=14034"}],"wp:term":[{"taxonomy":"category","embeddable":true,"href":"http:\/\/www.susannavaris.com\/blogg\/wp-json\/wp\/v2\/categories?post=14034"},{"taxonomy":"post_tag","embeddable":true,"href":"http:\/\/www.susannavaris.com\/blogg\/wp-json\/wp\/v2\/tags?post=14034"}],"curies":[{"name":"wp","href":"https:\/\/api.w.org\/{rel}","templated":true}]}}