{"id":14050,"date":"2015-01-06T16:37:55","date_gmt":"2015-01-06T15:37:55","guid":{"rendered":"http:\/\/www.susannavaris.com\/blogg\/?p=14050"},"modified":"2015-01-06T16:43:34","modified_gmt":"2015-01-06T15:43:34","slug":"invandring-och-integration","status":"publish","type":"post","link":"http:\/\/www.susannavaris.com\/blogg\/2015\/01\/invandring-och-integration\/","title":{"rendered":"Invandring och integration"},"content":{"rendered":"<p>Den heta potatisen och \u00e5rets stora valfr\u00e5ga (effektivt bortsopad under mattan) har gett upphov till funderingar hos undertecknad. Jag \u00e4r sj\u00e4lv invandrare, men kom hit fr\u00e5n Finland n\u00e4r jag var elva \u00e5r, d\u00e5 min mamma hade f\u00f6r\u00e4lskat sig i en svensk man och f\u00e5tt ett bra arbete h\u00e4r. Jag har antagligen inte mycket gemensamt med en person som flytt fr\u00e5n exempelvis krigets Syrien.<\/p>\n<p>\u00c4mnet \u00e4r k\u00e4nsligt och kan inte debatteras alls i den tr\u00e5nga \u00e5siktskorridoren, d\u00e4r allt annat \u00e4n fri invandring betecknas som rasism. Fr\u00e5n ena h\u00e5llet framh\u00e5lls att invandringen bara \u00e4r av godo,utvecklande, beh\u00f6vligt och till nytta f\u00f6r landet, fr\u00e5n andra m\u00e5las skr\u00e4ckscenarier med en f\u00f6rest\u00e5ende underg\u00e5ng i ett multikulturellt kaos upp. Sanningen ligger antagligen i vanlig ordning n\u00e5gonstans mittemellan.<\/p>\n<p>Hur ser d\u00e5 invandringen till Sverige ut i dagsl\u00e4get? Jag inleder unders\u00f6kningen med en\u00a0<a href=\"http:\/\/www.scb.se\/sv_\/Hitta-statistik\/Artiklar\/Invandringen-pa-rekordhog-niva\/\">artikel<\/a> hos SCB:<\/p>\n<blockquote><p>&#8221;Invandringen \u00f6kade med 12 procent under 2013, och ligger p\u00e5 den h\u00f6gsta niv\u00e5n n\u00e5gonsin. F\u00f6rklar\u00adingen \u00e4r huvud\u00adsak\u00adligen att invand\u00adringen av med\u00adborgare fr\u00e5n Syrien och Somalia \u00f6kade med drygt 13\u00a0000 personer j\u00e4mf\u00f6rt med 2012. Syriska med\u00adborgare var den n\u00e4st vanlig\u00adaste gruppen som invandrade till Sverige, efter \u00e5ter\u00adv\u00e4ndande svenska medborgare.&#8221;<\/p><\/blockquote>\n<p>Orosh\u00e4rdarna i v\u00e4rlden g\u00f6r att invandringen \u00e5r 2013 l\u00e5g p\u00e5 den dittills h\u00f6gsta niv\u00e5n. St\u00f6rsta andelen av de inflyttade \u00e4r \u00e5terv\u00e4ndande svenska medborgare, 17, 7 %, f\u00f6ljt av syriska 10,1 % och somaliska medborgare 9,5 %.<\/p>\n<p><a href=\"http:\/\/www.susannavaris.com\/blogg\/wp-content\/uploads\/2015\/01\/scb01.jpg\"><img loading=\"lazy\" decoding=\"async\" class=\"aligncenter size-full wp-image-14051\" src=\"http:\/\/www.susannavaris.com\/blogg\/wp-content\/uploads\/2015\/01\/scb01.jpg\" alt=\"scb01\" width=\"434\" height=\"412\" srcset=\"http:\/\/www.susannavaris.com\/blogg\/wp-content\/uploads\/2015\/01\/scb01.jpg 434w, http:\/\/www.susannavaris.com\/blogg\/wp-content\/uploads\/2015\/01\/scb01-300x285.jpg 300w\" sizes=\"auto, (max-width: 434px) 100vw, 434px\" \/><\/a><\/p>\n<p style=\"text-align: center;\"><em>K\u00e4lla: SCB<\/em><\/p>\n<p>Sammanlagt invandrade 115 845 m\u00e4nniskor till Sverige.<\/p>\n<p><a href=\"http:\/\/www.susannavaris.com\/blogg\/wp-content\/uploads\/2015\/01\/scb02.jpg\"><img loading=\"lazy\" decoding=\"async\" class=\"aligncenter size-full wp-image-14052\" src=\"http:\/\/www.susannavaris.com\/blogg\/wp-content\/uploads\/2015\/01\/scb02.jpg\" alt=\"scb02\" width=\"498\" height=\"315\" srcset=\"http:\/\/www.susannavaris.com\/blogg\/wp-content\/uploads\/2015\/01\/scb02.jpg 498w, http:\/\/www.susannavaris.com\/blogg\/wp-content\/uploads\/2015\/01\/scb02-300x190.jpg 300w\" sizes=\"auto, (max-width: 498px) 100vw, 498px\" \/><\/a><\/p>\n<p style=\"text-align: center;\"><em>K\u00e4lla: SCB<\/em><\/p>\n<p>I ovan diagram kan man se hur invandringen uppdelad p\u00e5 medborgarskapsland har sett ut mellan 2000 och 2013. Under 2013 uppgick antalet personer utan medborgarskapsland till 4300, en grupp som n\u00e4stan tredubblats fr\u00e5n \u00e5ret innan. Sju av tio av dessa var f\u00f6dda i Syrien.<\/p>\n<p>De st\u00f6rsta invandringskommunerna:<\/p>\n<p style=\"text-align: center;\"><a href=\"http:\/\/www.susannavaris.com\/blogg\/wp-content\/uploads\/2015\/01\/scb03.jpg\"><img loading=\"lazy\" decoding=\"async\" class=\"aligncenter size-full wp-image-14053\" src=\"http:\/\/www.susannavaris.com\/blogg\/wp-content\/uploads\/2015\/01\/scb03.jpg\" alt=\"scb03\" width=\"496\" height=\"514\" srcset=\"http:\/\/www.susannavaris.com\/blogg\/wp-content\/uploads\/2015\/01\/scb03.jpg 496w, http:\/\/www.susannavaris.com\/blogg\/wp-content\/uploads\/2015\/01\/scb03-289x300.jpg 289w\" sizes=\"auto, (max-width: 496px) 100vw, 496px\" \/><\/a><em>K\u00e4lla: SCB <\/em><\/p>\n<blockquote>\n<h2>&#8221;Invandring<\/h2>\n<p>F\u00f6r att r\u00e4knas som invandrad i SCB:s statistik kr\u00e4vs att man har f\u00f6r avsikt att stanna i Sverige i minst tolv m\u00e5nader samt har uppe\u00adh\u00e5lls\u00adtill\u00adst\u00e5nd\/uppe\u00adh\u00e5lls\u00adr\u00e4tt (g\u00e4ller inte nordiska med\u00adborg\u00adare) och folk\u00adbok\u00adf\u00f6r sig i landet. Nordiska med\u00adborgare beh\u00f6ver inte ha till\u00adst\u00e5nd f\u00f6r att invandra till Sverige.&#8221;<\/p>\n<p>K\u00e4lla. SCB<\/p><\/blockquote>\n<p>Dags att definiera begrepp med andra ord.<\/p>\n<p><strong>Asyls\u00f6kande<\/strong> = Asyls\u00f6kande \u00e4r den som tar sig till Sverige och ans\u00f6ker om skydd (asyl) h\u00e4r, men som \u00e4nnu inte har f\u00e5tt sin ans\u00f6kan avgjord. (Migrationsverket)<\/p>\n<p><strong>Flykting<\/strong> =<\/p>\n<div id=\"svid12_5e83388f141c129ba638730\" class=\"sv-text-portlet sv-use-margins\">\n<div class=\"sv-text-portlet-content\">\n<p class=\"normal\">Enligt flyktingkonventionen, svensk lag och EU:regler \u00e4r du flykting om du har v\u00e4lgrundade sk\u00e4l att vara r\u00e4dd f\u00f6r f\u00f6rf\u00f6ljelse p\u00e5 grund av:<\/p>\n<ul class=\"Standard normal\">\n<li>ras<\/li>\n<li>nationalitet<\/li>\n<li>religi\u00f6s eller politisk uppfattning<\/li>\n<li>k\u00f6n<\/li>\n<li>sexuell l\u00e4ggning eller<\/li>\n<li>tillh\u00f6righet till viss samh\u00e4llsgrupp.<\/li>\n<\/ul>\n<\/div>\n<\/div>\n<div id=\"sv-spacer-svid12_5e83388f141c129ba638730\" class=\"sv-spacer c40\"><\/div>\n<div id=\"svid12_5e83388f141c129ba63ccef\" class=\"sv-text-portlet sv-use-margins\">\n<div id=\"Text\"><\/div>\n<div class=\"sv-text-portlet-content\">\n<p class=\"normal\">F\u00f6rf\u00f6ljelsen kan komma fr\u00e5n hemlandets myndigheter. Det kan ocks\u00e5 vara s\u00e5 att myndigheterna inte kan eller vill ge skydd mot f\u00f6rf\u00f6ljelse fr\u00e5n enskilda personer eller grupper.<\/p>\n<p>Den som f\u00e5r uppeh\u00e5llstillst\u00e5nd som flykting kan beg\u00e4ra att f\u00e5 en flyktingstatusf\u00f6rklaring; en internationellt erk\u00e4nd status grundad p\u00e5 b\u00e5de FN:s flyktingkonvention och EU-regler.<\/p>\n<p class=\"normal\">\u00c4ven den som inte \u00e4r flykting enligt FN:s flyktingkonvention kan ha r\u00e4tt till uppeh\u00e5llstillst\u00e5nd som skyddsbeh\u00f6vande. Det finnas tv\u00e5 kategorier av skyddsbeh\u00f6vande i utl\u00e4nningslagen:<\/p>\n<ul class=\"abc-lista normal\">\n<li>alternativt skyddsbeh\u00f6vande (enligt EU-regler )<\/li>\n<li>\u00f6vriga skyddsbeh\u00f6vande (enligt svensk lag)(Migrationsverket. Se mer om bl a alternativt &#8211; och \u00f6vriga skyddsbeh\u00f6vande <a href=\"http:\/\/www.migrationsverket.se\/Privatpersoner\/Skydd-och-asyl-i-Sverige\/Asylregler.html\">h\u00e4r<\/a>).<\/li>\n<\/ul>\n<p><strong>Flyktingkvoten<\/strong> =<\/p>\n<div id=\"svid12_3dfbd3e6142328511b11759\" class=\"sv-text-portlet sv-use-margins\">\n<div class=\"sv-text-portlet-content\">\n<p class=\"normal\">Det g\u00e5r inte att ans\u00f6ka om att bli uttagen som kvotflykting; Sverige tar bara emot ans\u00f6kningar fr\u00e5n FN:s flyktingorgan UNHCR som g\u00e4ller flyktingar och skyddsbeh\u00f6vande d\u00e4r UNHCR har bed\u00f6mt att de varken kan \u00e5terv\u00e4nda till sitt hemland eller leva i s\u00e4kerhet i det land dit de flytt. Migrationsverket pr\u00f6var sedan ans\u00f6kningarna p\u00e5 samma s\u00e4tt som andra asylans\u00f6kningar. (Mer om detta <a href=\"http:\/\/www.migrationsverket.se\/Privatpersoner\/Skydd-och-asyl-i-Sverige\/Flyktingkvoten.html\">h\u00e4r<\/a>). (Migrationsverket)<\/p>\n<\/div>\n<\/div>\n<div id=\"sv-spacer-svid12_3dfbd3e6142328511b11759\" class=\"sv-spacer c40\"><\/div>\n<\/div>\n<\/div>\n<p><strong>Invandrare<\/strong> = F\u00f6r att r\u00e4knas som invandrad i SCB:s statistik kr\u00e4vs att man har f\u00f6r avsikt att stanna i Sverige i minst tolv m\u00e5nader samt har uppe\u00adh\u00e5lls\u00adtill\u00adst\u00e5nd\/uppe\u00adh\u00e5lls\u00adr\u00e4tt (g\u00e4ller inte nordiska med\u00adborg\u00adare) och folk\u00adbok\u00adf\u00f6r sig i landet. Nordiska med\u00adborgare beh\u00f6ver inte ha till\u00adst\u00e5nd f\u00f6r att invandra till Sverige. (SCB).<\/p>\n<p><strong>Uppeh\u00e5llstillst\u00e5nd<\/strong> = En person som vill bos\u00e4tta sig i Sverige och som \u00e4r medborgare i ett land utanf\u00f6r EU m\u00e5ste s\u00f6ka uppeh\u00e5llstillst\u00e5nd. De olika grunderna f\u00f6r uppeh\u00e5llstillst\u00e5nd \u00e4r: uppeh\u00e5llstillst\u00e5nd som anknytning, &#8211; som arbetstagare, &#8211; som g\u00e4ststudent, &#8211; f\u00f6r att man s\u00f6ker skydd (asyl) och &#8211; f\u00f6r bes\u00f6k (eller visum). EU-medborgare beh\u00f6ver inte s\u00f6ka uppeh\u00e5llstillst\u00e5nd. Mer om detta <a href=\"http:\/\/www.migrationsverket.se\/Privatpersoner\/Skydd-och-asyl-i-Sverige\/Asylregler.html\">h\u00e4r<\/a>. (Migrationsverket)<\/p>\n<p style=\"text-align: center;\"><a href=\"http:\/\/www.susannavaris.com\/blogg\/wp-content\/uploads\/2015\/01\/asyls\u00f6kande.png\"><img loading=\"lazy\" decoding=\"async\" class=\"aligncenter size-full wp-image-14054\" src=\"http:\/\/www.susannavaris.com\/blogg\/wp-content\/uploads\/2015\/01\/asyls\u00f6kande.png\" alt=\"asyls\u00f6kande\" width=\"800\" height=\"442\" srcset=\"http:\/\/www.susannavaris.com\/blogg\/wp-content\/uploads\/2015\/01\/asyls\u00f6kande.png 800w, http:\/\/www.susannavaris.com\/blogg\/wp-content\/uploads\/2015\/01\/asyls\u00f6kande-300x166.png 300w\" sizes=\"auto, (max-width: 800px) 100vw, 800px\" \/><\/a><em>Det totala antalet asyls\u00f6kande 2014, 2013 och 2012. K\u00e4lla: <a href=\"http:\/\/www.migrationsverket.se\/Om-Migrationsverket\/Statistik.html\">Migrationsverket <\/a><\/em><\/p>\n<p style=\"text-align: center;\"><a href=\"http:\/\/www.susannavaris.com\/blogg\/wp-content\/uploads\/2015\/01\/asyl.jpg\"><img loading=\"lazy\" decoding=\"async\" class=\"aligncenter size-full wp-image-14055\" src=\"http:\/\/www.susannavaris.com\/blogg\/wp-content\/uploads\/2015\/01\/asyl.jpg\" alt=\"asyl\" width=\"798\" height=\"481\" srcset=\"http:\/\/www.susannavaris.com\/blogg\/wp-content\/uploads\/2015\/01\/asyl.jpg 798w, http:\/\/www.susannavaris.com\/blogg\/wp-content\/uploads\/2015\/01\/asyl-300x181.jpg 300w\" sizes=\"auto, (max-width: 798px) 100vw, 798px\" \/><\/a> <a href=\"http:\/\/www.susannavaris.com\/blogg\/wp-content\/uploads\/2015\/01\/asyl01.jpg\"><img loading=\"lazy\" decoding=\"async\" class=\"aligncenter size-full wp-image-14056\" src=\"http:\/\/www.susannavaris.com\/blogg\/wp-content\/uploads\/2015\/01\/asyl01.jpg\" alt=\"asyl01\" width=\"762\" height=\"156\" srcset=\"http:\/\/www.susannavaris.com\/blogg\/wp-content\/uploads\/2015\/01\/asyl01.jpg 762w, http:\/\/www.susannavaris.com\/blogg\/wp-content\/uploads\/2015\/01\/asyl01-300x61.jpg 300w\" sizes=\"auto, (max-width: 762px) 100vw, 762px\" \/><\/a><em>K\u00e4lla: <a href=\"http:\/\/www.migrationsverket.se\/download\/18.7c00d8e6143101d166d1aad\/1417425136524\/Avgjorda+asyl%C3%A4renden+2014+-+Asylum+desicions+2014.pdf\">Migrationsverket <\/a><\/em><\/p>\n<p style=\"text-align: left;\">Under perioden 1980 &#8211; 2013 har sammanlagt 1 757 565 uppeh\u00e5llstillst\u00e5nd <a href=\"http:\/\/www.migrationsverket.se\/download\/18.5e83388f141c129ba6313943\/1400506277636\/tab1.pdf\">beviljats<\/a>. Det \u00e4r f\u00f6rst\u00e5s v\u00e4ldigt m\u00e5nga. Med stor sannolikhet \u00e5terfinns inte alla dessa personer inte i Sverige idag. In- och utflyttningen har n\u00e4mligen sett ut som f\u00f6ljer (inklusive prognos):<\/p>\n<p style=\"text-align: left;\"><a href=\"http:\/\/www.susannavaris.com\/blogg\/wp-content\/uploads\/2015\/01\/inoutflyttning.jpg\"><img loading=\"lazy\" decoding=\"async\" class=\"aligncenter size-full wp-image-14057\" src=\"http:\/\/www.susannavaris.com\/blogg\/wp-content\/uploads\/2015\/01\/inoutflyttning.jpg\" alt=\"inoutflyttning\" width=\"579\" height=\"422\" srcset=\"http:\/\/www.susannavaris.com\/blogg\/wp-content\/uploads\/2015\/01\/inoutflyttning.jpg 579w, http:\/\/www.susannavaris.com\/blogg\/wp-content\/uploads\/2015\/01\/inoutflyttning-300x219.jpg 300w\" sizes=\"auto, (max-width: 579px) 100vw, 579px\" \/><\/a><em>K\u00e4lla: <a href=\"http:\/\/www.scb.se\/sv_\/Hitta-statistik\/Statistik-efter-amne\/Befolkning\/Befolkningsframskrivningar\/Befolkningsframskrivningar\/14498\/14505\/Aktuell-befolkningsprognos\/Sveriges-framtida-befolkning-20132060\/91832\/\">SCB<\/a>. Kommentar: SCB:s prognos f\u00f6r den framtida invandringen ser n\u00e5got l\u00e5g ut. I texten h\u00e4nvisas till snart minskande asyl &#8211; och anh\u00f6riginvandring, samt minskande invandring fr\u00e5n EU.<\/em><\/p>\n<p style=\"text-align: left;\">Jag kommer att forts\u00e4tta bena i allt detta n\u00e4r tillf\u00e4lle ges. Vad kan man d\u00e5 dra f\u00f6r slutsats? Tja, att invandringen \u00e4r mycket diversifierad och att antalet asyls\u00f6kande fr\u00e5n framf\u00f6r allt Syrien f\u00f6r tillf\u00e4llet \u00f6kar snabbt.<\/p>\n<p style=\"text-align: left;\">Det flyttar in v\u00e4ldigt m\u00e5nga m\u00e4nniskor, men samtidigt flyttar en hel del ut. Hur m\u00e5nga och vilka som v\u00e4ljer att stanna h\u00e4nger f\u00f6rst\u00e5s p\u00e5 flera faktorer. Integrationspolitiken, i den m\u00e5n den funnits, har inte fungerat under decennier och det \u00e4r h\u00f6g tid f\u00f6r de styrande att ta dessa fr\u00e5gor p\u00e5 allvar. M\u00e5nga m\u00e4nniskor s\u00f6ker sig hit och problematiken med den icke-fungerande integrationen \u00e4r uppenbar p\u00e5 m\u00e5nga orter. Signalen Stefan L\u00f6fven s\u00e4nder genom att avskaffa integrationsministerposten till f\u00f6rm\u00e5n f\u00f6r en kombinerad justitie- och migrationsministerpost tyder inte p\u00e5 att man ser fr\u00e5gan som viktig.<\/p>\n<p>&nbsp;<\/p>\n","protected":false},"excerpt":{"rendered":"<p>Den heta potatisen och \u00e5rets stora valfr\u00e5ga (effektivt bortsopad under mattan) har gett upphov till funderingar hos undertecknad. Jag \u00e4r sj\u00e4lv invandrare, men kom hit fr\u00e5n Finland n\u00e4r jag var elva \u00e5r, d\u00e5 min mamma hade f\u00f6r\u00e4lskat sig i en &hellip; <a href=\"http:\/\/www.susannavaris.com\/blogg\/2015\/01\/invandring-och-integration\/\">Forts\u00e4tt l\u00e4sa <span class=\"meta-nav\">&rarr;<\/span><\/a><\/p>\n","protected":false},"author":1,"featured_media":0,"comment_status":"open","ping_status":"open","sticky":false,"template":"","format":"standard","meta":{"footnotes":""},"categories":[4515,1,590,1060],"tags":[4520,4521,4518,4473,4474,4418,4522,4516,4517,4910,2860,4519],"class_list":["post-14050","post","type-post","status-publish","format-standard","hentry","category-invandring-och-integration","category-okategoriserade","category-politik","category-samhallsplanering","tag-asyl","tag-asylsokande","tag-inflyttning","tag-integration","tag-integrationspolitik","tag-invandring","tag-migrant","tag-migration","tag-migrationsverket","tag-politik","tag-statistik","tag-utflyttning"],"_links":{"self":[{"href":"http:\/\/www.susannavaris.com\/blogg\/wp-json\/wp\/v2\/posts\/14050","targetHints":{"allow":["GET"]}}],"collection":[{"href":"http:\/\/www.susannavaris.com\/blogg\/wp-json\/wp\/v2\/posts"}],"about":[{"href":"http:\/\/www.susannavaris.com\/blogg\/wp-json\/wp\/v2\/types\/post"}],"author":[{"embeddable":true,"href":"http:\/\/www.susannavaris.com\/blogg\/wp-json\/wp\/v2\/users\/1"}],"replies":[{"embeddable":true,"href":"http:\/\/www.susannavaris.com\/blogg\/wp-json\/wp\/v2\/comments?post=14050"}],"version-history":[{"count":3,"href":"http:\/\/www.susannavaris.com\/blogg\/wp-json\/wp\/v2\/posts\/14050\/revisions"}],"predecessor-version":[{"id":14060,"href":"http:\/\/www.susannavaris.com\/blogg\/wp-json\/wp\/v2\/posts\/14050\/revisions\/14060"}],"wp:attachment":[{"href":"http:\/\/www.susannavaris.com\/blogg\/wp-json\/wp\/v2\/media?parent=14050"}],"wp:term":[{"taxonomy":"category","embeddable":true,"href":"http:\/\/www.susannavaris.com\/blogg\/wp-json\/wp\/v2\/categories?post=14050"},{"taxonomy":"post_tag","embeddable":true,"href":"http:\/\/www.susannavaris.com\/blogg\/wp-json\/wp\/v2\/tags?post=14050"}],"curies":[{"name":"wp","href":"https:\/\/api.w.org\/{rel}","templated":true}]}}