{"id":14112,"date":"2015-01-13T09:00:29","date_gmt":"2015-01-13T08:00:29","guid":{"rendered":"http:\/\/www.susannavaris.com\/blogg\/?p=14112"},"modified":"2015-01-12T12:40:08","modified_gmt":"2015-01-12T11:40:08","slug":"gastinlagg-oravsky-om-p1","status":"publish","type":"post","link":"http:\/\/www.susannavaris.com\/blogg\/2015\/01\/gastinlagg-oravsky-om-p1\/","title":{"rendered":"G\u00e4stinl\u00e4gg: Oravsky om P1"},"content":{"rendered":"<p style=\"text-align: center;\"><a href=\"http:\/\/www.susannavaris.com\/blogg\/wp-content\/uploads\/2015\/01\/Vladimir-Oravsky-av-Ole-Schwander.jpg\"><img loading=\"lazy\" decoding=\"async\" class=\"aligncenter size-medium wp-image-14113\" src=\"http:\/\/www.susannavaris.com\/blogg\/wp-content\/uploads\/2015\/01\/Vladimir-Oravsky-av-Ole-Schwander-220x300.jpg\" alt=\"Vladimir Oravsky av Ole Schwander\" width=\"220\" height=\"300\" srcset=\"http:\/\/www.susannavaris.com\/blogg\/wp-content\/uploads\/2015\/01\/Vladimir-Oravsky-av-Ole-Schwander-220x300.jpg 220w, http:\/\/www.susannavaris.com\/blogg\/wp-content\/uploads\/2015\/01\/Vladimir-Oravsky-av-Ole-Schwander-750x1024.jpg 750w, http:\/\/www.susannavaris.com\/blogg\/wp-content\/uploads\/2015\/01\/Vladimir-Oravsky-av-Ole-Schwander.jpg 1297w\" sizes=\"auto, (max-width: 220px) 100vw, 220px\" \/><\/a><em>Vladimir Oravsky av Ole Schwander<\/em><\/p>\n<p style=\"text-align: center;\">\n<p><strong>Quid pro quo:<\/strong> <strong>Tjugondag Knut k\u00f6rs julen ut, och i st\u00e4llet\u2026 <\/strong><\/p>\n<p>&nbsp;<\/p>\n<p>Samtidigt som \u201dKnut driver julen ut\u201d, b\u00f6rjar den licenspengfinansierade radiokanalen P1, s\u00e4nda talade program dygnet runt.<\/p>\n<p>Kulturen har ett problem och det \u00e4r att m\u00e4nniskan inte kan undvika att p\u00e5verka.<\/p>\n<p>Oavsett om en enfald s\u00e4gs av Louise Epstein eller en klokhet av Horace Engdahl s\u00e5 \u00e4r var och ens p\u00e5verkan p\u00e5 den breda massan lika. Och i dag mer \u00e4n n\u00e5gonsin. Mestadels f\u00f6r att exempelvis Sveriges Radio P1, s\u00e4nder allt, oavsett dess inneh\u00e5ll respektive andefattigdom i repris p\u00e5 repris, i repris p\u00e5 repris, i repris p\u00e5 repris, i inte s\u00e5 f\u00e5 fall upp till 6, och till och med 9 g\u00e5nger.<\/p>\n<p>P1 brukar dagligen bjuda p\u00e5 ett r\u00f6stuppeh\u00e5ll mellan 01:35 och 05:29. Under den tiden kan man h\u00f6ra havets brus och tillf\u00e4lliga f\u00e5glars flaxande. Det \u00e4r inte s\u00e5 s\u00e4llan det mest substantiella P1 har att bjuda p\u00e5.<\/p>\n<p>&nbsp;<\/p>\n<p>Lyssna p\u00e5 vilket som helst \u201dkulturprogram\u201d p\u00e5 Sveriges Radio och s\u00e5dana finns hur m\u00e5nga som helst, eftersom sedermera \u00e4r kultur knappast n\u00e5got annat \u00e4n en arbetsmarknadspolitisk \u00e5tg\u00e4rd. Dessa \u201dkulturprofiler\u201d som under sina framtr\u00e4dande klarar av att n\u00e4mna sitt eget namn \u00e5tminstone lika m\u00e5nga g\u00e5nger att de ristar sig i en dement kakaduas hj\u00e4rna \u2013 inte sant Marie Lundstr\u00f6m, inte sant Louise Epstein \u2013 talar i tungom\u00e5l, och jag misst\u00e4nker att det inte finns s\u00e5 m\u00e5nga \u00e5h\u00f6rare som lyckas att dechiffrera vad de menar. Inte ens efter femte eller sj\u00e4tte s\u00e4ndningsreprisens repris.<\/p>\n<p>&nbsp;<\/p>\n<p>Men nu, \u00e5r 2015, samtidigt som tjugondag Knut kastar granen ut, sl\u00e4par SR P1 in talade program \u00e4ven under den tid som fram till \u00e5rets julgransplundring vigdes \u00e5t m\u00e5sarnas fria flaxande och kraxande och havsv\u00e5gornas okontrollerade skvalp.<\/p>\n<p>&nbsp;<\/p>\n<p>Vad \u00e4r det vi f\u00e5r f\u00f6r de 2,9 miljarder kronor som vi licensbetalare tvingas att punga ut \u00e5r efter \u00e5r?<\/p>\n<p>Vi f\u00e5r Ekonyheter varje timme, f\u00f6rhoppningsvis \u00e5tminstone n\u00e5gra av dessa blir inte mer \u00e4n ett dygn gamla. Vi f\u00e5r Mozartalmanackan, och den har vi inte h\u00f6rt v\u00e5dligt m\u00e5nga g\u00e5nger sedan den f\u00f6rsta g\u00e5ngen s\u00e4ndes \u00e5r 1991. Vi f\u00e5r \u00e4ven \u201dKulturradion special\u201d, som \u00e5ter och \u00e5ter och \u00e5terigen kommer att f\u00f6rs\u00f6ka sanktifiera Birgitta Stenberg, och \u00e5terigen med samma ord och samma meningar och samma budskap som m\u00e5nga, alltf\u00f6r m\u00e5nga g\u00e5nger tidigare. Vi f\u00e5r \u00e4ven ett annat Sl\u00e4ktband, \u00e4ven det i repriserat repris och s\u00e5 vidare och s\u00e5 vidare.<\/p>\n<p>&nbsp;<\/p>\n<p>Det \u00e4r s\u00e5 karri\u00e4r byggs p\u00e5 Sveriges Radio. \u201dVet du att mitt program s\u00e4ndes 666 g\u00e5nger?\u201d kommer en och annan stoltsera med och d\u00e4rmed \u00e4ven tvinga oss att acceptera att antalet repriser skall anv\u00e4ndas som m\u00e5tt p\u00e5 n\u00e5got som st\u00e5r f\u00f6r kvalit\u00e9 och andra positiva budskap.<\/p>\n<p>Vet dessa SR-m\u00e4nniskor n\u00e5got om hur m\u00e5nga g\u00e5nger jag tvingades att lyssna p\u00e5 exempelvis \u201dArbetets s\u00f6ner\u201d under min uppv\u00e4xt i d\u00e5varande Tjeckoslovakien?<\/p>\n<p>\u201dArbetets s\u00f6ner sluten er alla \/ till v\u00e5ra br\u00f6der i syd och i nord!<br \/>\nH\u00f6ren I ej hur m\u00e4ktigt de skalla \/ ut \u00f6ver v\u00e4rlden befrielsens ord?\u201d<\/p>\n<p>Det var \u201dArbetets s\u00f6ner\u201d direkt p\u00e5 morgonen, det var \u201dArbetets s\u00f6ner\u201d p\u00e5 v\u00e4gen till skolan, det var \u201dArbetets s\u00f6ner\u201d under alla skolpauser et cetera, \u00e4nda fram till mina f\u00f6r\u00e4ldrar sade god natt till mig och jag svarade med den omnipotenta \u201dArbetets s\u00f6ner\u201d.<\/p>\n<p>Repetitio est mater studiorum, repetitionen \u00e4r studiernas moder, s\u00e4gs det, eller som vi svenskar s\u00e4ger, repetitionen \u00e4r kunskapens moder. Mig veterligen har ingen annan fri, demokratisk nation en s\u00e5 \u00f6verbetald och fantasil\u00f6s kunskapens mor, som vi, Svearikets d\u00f6ttrar och s\u00f6ner.<\/p>\n<p>&nbsp;<\/p>\n<p>Och slutligen: Gl\u00f6m inte att du kan h\u00f6ra samtliga SR-program \u00e4n en g\u00e5ng och \u00e4n en g\u00e5ng och \u00e4n en g\u00e5ng direkt p\u00e5 webben och i Sverige Radios app.<\/p>\n<p>&nbsp;<\/p>\n<p>\u00a9 vladimir oravsky<\/p>\n","protected":false},"excerpt":{"rendered":"<p>Vladimir Oravsky av Ole Schwander Quid pro quo: Tjugondag Knut k\u00f6rs julen ut, och i st\u00e4llet\u2026 &nbsp; Samtidigt som \u201dKnut driver julen ut\u201d, b\u00f6rjar den licenspengfinansierade radiokanalen P1, s\u00e4nda talade program dygnet runt. Kulturen har ett problem och det \u00e4r &hellip; <a href=\"http:\/\/www.susannavaris.com\/blogg\/2015\/01\/gastinlagg-oravsky-om-p1\/\">Forts\u00e4tt l\u00e4sa <span class=\"meta-nav\">&rarr;<\/span><\/a><\/p>\n","protected":false},"author":1,"featured_media":0,"comment_status":"open","ping_status":"open","sticky":false,"template":"","format":"standard","meta":{"footnotes":""},"categories":[3280,1928,3,1162,589,1],"tags":[4926,4917,4557,2570,3651,928,929,3279],"class_list":["post-14112","post","type-post","status-publish","format-standard","hentry","category-gastinlagg","category-journalistik","category-konst","category-kultur","category-medier","category-okategoriserade","tag-gastinlagg","tag-kultur","tag-ole-schwander","tag-p1","tag-public-service","tag-sr","tag-sveriges-radio","tag-vladimir-oravsky"],"_links":{"self":[{"href":"http:\/\/www.susannavaris.com\/blogg\/wp-json\/wp\/v2\/posts\/14112","targetHints":{"allow":["GET"]}}],"collection":[{"href":"http:\/\/www.susannavaris.com\/blogg\/wp-json\/wp\/v2\/posts"}],"about":[{"href":"http:\/\/www.susannavaris.com\/blogg\/wp-json\/wp\/v2\/types\/post"}],"author":[{"embeddable":true,"href":"http:\/\/www.susannavaris.com\/blogg\/wp-json\/wp\/v2\/users\/1"}],"replies":[{"embeddable":true,"href":"http:\/\/www.susannavaris.com\/blogg\/wp-json\/wp\/v2\/comments?post=14112"}],"version-history":[{"count":1,"href":"http:\/\/www.susannavaris.com\/blogg\/wp-json\/wp\/v2\/posts\/14112\/revisions"}],"predecessor-version":[{"id":14114,"href":"http:\/\/www.susannavaris.com\/blogg\/wp-json\/wp\/v2\/posts\/14112\/revisions\/14114"}],"wp:attachment":[{"href":"http:\/\/www.susannavaris.com\/blogg\/wp-json\/wp\/v2\/media?parent=14112"}],"wp:term":[{"taxonomy":"category","embeddable":true,"href":"http:\/\/www.susannavaris.com\/blogg\/wp-json\/wp\/v2\/categories?post=14112"},{"taxonomy":"post_tag","embeddable":true,"href":"http:\/\/www.susannavaris.com\/blogg\/wp-json\/wp\/v2\/tags?post=14112"}],"curies":[{"name":"wp","href":"https:\/\/api.w.org\/{rel}","templated":true}]}}