{"id":14117,"date":"2015-01-13T10:53:51","date_gmt":"2015-01-13T09:53:51","guid":{"rendered":"http:\/\/www.susannavaris.com\/blogg\/?p=14117"},"modified":"2015-01-13T10:53:51","modified_gmt":"2015-01-13T09:53:51","slug":"judarna-i-frankrike","status":"publish","type":"post","link":"http:\/\/www.susannavaris.com\/blogg\/2015\/01\/judarna-i-frankrike\/","title":{"rendered":"Judarna i Frankrike"},"content":{"rendered":"<p style=\"text-align: center;\"><a href=\"http:\/\/www.susannavaris.com\/blogg\/wp-content\/uploads\/2015\/01\/image-31029-galleryV9-zddp.jpg\"><img loading=\"lazy\" decoding=\"async\" class=\"aligncenter size-medium wp-image-14118\" src=\"http:\/\/www.susannavaris.com\/blogg\/wp-content\/uploads\/2015\/01\/image-31029-galleryV9-zddp-300x213.jpg\" alt=\"Reichspogromnacht\" width=\"300\" height=\"213\" srcset=\"http:\/\/www.susannavaris.com\/blogg\/wp-content\/uploads\/2015\/01\/image-31029-galleryV9-zddp-300x213.jpg 300w, http:\/\/www.susannavaris.com\/blogg\/wp-content\/uploads\/2015\/01\/image-31029-galleryV9-zddp.jpg 720w\" sizes=\"auto, (max-width: 300px) 100vw, 300px\" \/><\/a><em>Bild\u00a0 fr\u00e5n nazisternas pogromer;\u00a0<a href=\"http:\/\/www.spiegel.de\/international\/germany\/bild-660206-31029.html\">kristallnatten<\/a> 9. november 1938.<\/em><\/p>\n<p>Rapporteringen i samband med terrord\u00e5den i Frankrike har k\u00e4nnetecknats av en slags ber\u00f6ringsskr\u00e4ck med hur det hela p\u00e5verkar judarna i Frankrike. Om detta\u00a0<a href=\"http:\/\/www.svd.se\/kultur\/svensk-rapportering-har-missat-den-judiska-fragan_4246737.svd\">skriver<\/a> Harry Amster i dagens SvD. I samma tidning finns ett\u00a0<a href=\"http:\/\/www.svd.se\/nyheter\/utrikes\/oron-vaxer-i-de-judiska-kvarteren_4247727.svd\">reportage<\/a> p\u00e5 temat. Budskapet om att m\u00e5nga judar nu l\u00e4mnat eller t\u00e4nker l\u00e4mna Frankrike ger olustiga associationer till tiden f\u00f6re andra v\u00e4rldskriget, d\u00e5 m\u00e5nga judar flyttade till USA och andra l\u00e4nder fr\u00e5n Tyskland.<\/p>\n","protected":false},"excerpt":{"rendered":"<p>Bild\u00a0 fr\u00e5n nazisternas pogromer;\u00a0kristallnatten 9. november 1938. Rapporteringen i samband med terrord\u00e5den i Frankrike har k\u00e4nnetecknats av en slags ber\u00f6ringsskr\u00e4ck med hur det hela p\u00e5verkar judarna i Frankrike. Om detta\u00a0skriver Harry Amster i dagens SvD. I samma tidning finns ett\u00a0reportage &hellip; <a href=\"http:\/\/www.susannavaris.com\/blogg\/2015\/01\/judarna-i-frankrike\/\">Forts\u00e4tt l\u00e4sa <span class=\"meta-nav\">&rarr;<\/span><\/a><\/p>\n","protected":false},"author":1,"featured_media":0,"comment_status":"open","ping_status":"open","sticky":false,"template":"","format":"standard","meta":{"footnotes":""},"categories":[674,4515,1928,589,1,590,303],"tags":[4532,3949,2810,4559,3662,4558,4560,446,454],"class_list":["post-14117","post","type-post","status-publish","format-standard","hentry","category-historia","category-invandring-och-integration","category-journalistik","category-medier","category-okategoriserade","category-politik","category-religion","tag-charlie-hebdo","tag-frankrike","tag-journalism","tag-judar","tag-kristallnatten","tag-paris","tag-pogrom","tag-terror","tag-terrordad"],"_links":{"self":[{"href":"http:\/\/www.susannavaris.com\/blogg\/wp-json\/wp\/v2\/posts\/14117","targetHints":{"allow":["GET"]}}],"collection":[{"href":"http:\/\/www.susannavaris.com\/blogg\/wp-json\/wp\/v2\/posts"}],"about":[{"href":"http:\/\/www.susannavaris.com\/blogg\/wp-json\/wp\/v2\/types\/post"}],"author":[{"embeddable":true,"href":"http:\/\/www.susannavaris.com\/blogg\/wp-json\/wp\/v2\/users\/1"}],"replies":[{"embeddable":true,"href":"http:\/\/www.susannavaris.com\/blogg\/wp-json\/wp\/v2\/comments?post=14117"}],"version-history":[{"count":1,"href":"http:\/\/www.susannavaris.com\/blogg\/wp-json\/wp\/v2\/posts\/14117\/revisions"}],"predecessor-version":[{"id":14119,"href":"http:\/\/www.susannavaris.com\/blogg\/wp-json\/wp\/v2\/posts\/14117\/revisions\/14119"}],"wp:attachment":[{"href":"http:\/\/www.susannavaris.com\/blogg\/wp-json\/wp\/v2\/media?parent=14117"}],"wp:term":[{"taxonomy":"category","embeddable":true,"href":"http:\/\/www.susannavaris.com\/blogg\/wp-json\/wp\/v2\/categories?post=14117"},{"taxonomy":"post_tag","embeddable":true,"href":"http:\/\/www.susannavaris.com\/blogg\/wp-json\/wp\/v2\/tags?post=14117"}],"curies":[{"name":"wp","href":"https:\/\/api.w.org\/{rel}","templated":true}]}}