{"id":14120,"date":"2015-01-13T11:32:44","date_gmt":"2015-01-13T10:32:44","guid":{"rendered":"http:\/\/www.susannavaris.com\/blogg\/?p=14120"},"modified":"2015-01-13T11:34:13","modified_gmt":"2015-01-13T10:34:13","slug":"identitetspolitisk-overdos","status":"publish","type":"post","link":"http:\/\/www.susannavaris.com\/blogg\/2015\/01\/identitetspolitisk-overdos\/","title":{"rendered":"Identitetspolitisk \u00f6verdos"},"content":{"rendered":"<p>Dagens DN inneh\u00e5ller en <a href=\"http:\/\/www.dn.se\/kultur-noje\/normbrytaren-vann-over-jante\/?utm_source=social&amp;utm_medium=fb&amp;utm_campaign=page\">artikel<\/a> om hiphopstj\u00e4rnan Silvana Imam, skriven av Kristofer Ahlstr\u00f6m. Imam \u00e4r kvinna, lesbisk och arab, med andra ord den v\u00e5taste av v\u00e5ta dr\u00f6mmar f\u00f6r dagens kulturmaffia.<\/p>\n<blockquote><p>&#8221;Hennes elastiska s\u00e4tt att kasta sig mellan avantgardistiskt skryt och socialkonstruktivism, ofta inom samma rim, har gett henne en unik position och klang, och hon r\u00f6r sig hela tiden fram\u00e5t i en tydlig utvecklingskurva.&#8221;<\/p>\n<p style=\"text-align: center;\"><a href=\"http:\/\/www.susannavaris.com\/blogg\/wp-content\/uploads\/2015\/01\/homer.jpg\"><img loading=\"lazy\" decoding=\"async\" class=\"aligncenter size-medium wp-image-14121\" src=\"http:\/\/www.susannavaris.com\/blogg\/wp-content\/uploads\/2015\/01\/homer-300x300.jpg\" alt=\"homer\" width=\"300\" height=\"300\" srcset=\"http:\/\/www.susannavaris.com\/blogg\/wp-content\/uploads\/2015\/01\/homer.jpg 300w, http:\/\/www.susannavaris.com\/blogg\/wp-content\/uploads\/2015\/01\/homer-150x150.jpg 150w\" sizes=\"auto, (max-width: 300px) 100vw, 300px\" \/><\/a>Mmmmm&#8230;.gurgel gurgel.<\/p>\n<\/blockquote>\n<p>Mmmmm&#8230;socialkonstruktivism&#8230;<\/p>\n<blockquote><p>&#8221;Medan f\u00f6rsta albumet \u201dRekviem\u201d (2013) var mjukt, n\u00e4stan dr\u00f6mskt i sin ljudbild, har de efterf\u00f6ljande singlarna varit h\u00e5rdsl\u00e5ende programf\u00f6rklaringar d\u00e4r varje textrad redog\u00f6r f\u00f6r hennes politiska kamp, och som kvinna, lesbisk och arab finns det m\u00e5nga fronter att f\u00f6ra kampen p\u00e5.&#8221;<\/p><\/blockquote>\n<p>Mmmmm&#8230;b\u00e5de k\u00f6ns-, k\u00f6nsidentitets- och etnicitetskamp&#8230;mmmmm!<\/p>\n<blockquote><p>&#8221;\u2013 Jag har gjort en l\u00e5t till nya ep:n om girighet, \u201dT\u00e4nd alla ljus\u201d, d\u00e4r jag tar en plats som kvinnor oftast inte f\u00e5r ta. Jag rappar att \u201dSj\u00e4lvf\u00f6rtroende \u00e4r pengar, fitta, krig och makt\u201d, och \u201dS\u00e4g till kungen: Ge oss pengarna!\u201d och det \u00e4r klart att det skulle vara annorlunda om Erik Eriksson fr\u00e5n Solsidan sa n\u00e5got s\u00e5dant, s\u00e4ger hon och silverarmbanden klirrar i takt med hennes gestikulerande medan hon pratar, hon liksom fysiskt modellerar orden som lera med h\u00e4nderna.&#8221;<\/p><\/blockquote>\n<p>Feminism, tourettesfeminism, revolutionsromantik och identitetspolitik inklusive marxistiskt inspirerad maktanalys&#8230;.mmmmmmm!<\/p>\n<blockquote><p>&#8221;\u2013 Egentligen \u00e4r det sorgligt att s\u00e5 mycket av min musik ben\u00e4mns som politisk n\u00e4r jag pratar om mitt liv, men den struktur som finns finns ju. F\u00f6r mig \u00e4r det viktigt att vara konstn\u00e4r och inte politiker, och att jag d\u00e4rf\u00f6r sl\u00e5r mig fri fr\u00e5n vilken mall jag \u00e4n hamnar i. Vilken typ av musik jag g\u00f6r avg\u00f6r jag och ingen annan.&#8221;<\/p><\/blockquote>\n<p>Mmmmmmmm&#8230;strukturer!<\/p>\n<blockquote><p>&#8221;I media presenterades P3 Guld-nomineringarna, och nyheten att Imam tillsammans med Tove Lo och Little Jinder ska upptr\u00e4da p\u00e5 galan, med att det handlade om \u201dkvinnodominans\u201d.<\/p>\n<p>\u2013\u2009Det \u00e4r konstigt att det ska st\u00e5 \u201dkvinnodominans\u201d och att det ska uppm\u00e4rksammas att det \u00e4r kvinnor, n\u00e4r det aldrig f\u00f6rut pratats om mansdominans p\u00e5 festivaler med fler m\u00e4n \u00e4n kvinnor. Det har f\u00f6rvisso b\u00f6rjat h\u00e4nda, det \u00e4r bra att stormedia plockar upp s\u00e5dant som f\u00f6rut bara synts p\u00e5 mindre plattformar, fast \u00e4nd\u00e5 sorgligt. Men nu \u00e4r vi h\u00e4r, och 2015 kommer det inte att skrivas om p\u00e5 det s\u00e4ttet, det kommer inte talas om bara \u201ddamlandslaget\u201d, utan man kommer \u00e4ven s\u00e4ga \u201dherrlandslaget\u201d. Det \u00e4r mitt m\u00e5l f\u00f6r 2015, att st\u00f6rta patriarkatet.&#8221;<\/p><\/blockquote>\n<p>Jag m\u00e5ste ha missat n\u00e5got, men det har v\u00e4l inte skrivits om n\u00e5got annat \u00e4n mansdominans i samband med festivaler, prisutdelningar och you name what de senaste decennierna. D\u00e4remot har kvinnodominans setts som bra j\u00e4mst\u00e4lldhet.<\/p>\n<p>Mmmmm&#8230;.st\u00f6rta patriarkatet&#8230;.mmmmm!<\/p>\n<blockquote><p><strong>&#8221;Men om media \u00e4lskar reproducerade stereotyper s\u00e5 g\u00f6r det samtidigt att du sticker ut i bruset.<\/strong><\/p>\n<p>\u2013 Jag tror att media bara g\u00f6r plats f\u00f6r en enda avvikande person, \u201ds\u00e5 hon f\u00e5r det\u201d resonerar man. Om n\u00e5gon annan som jag kommer upp s\u00e5 blir det, \u201dvi har redan en\u201d, trots att det redan finns tusen vita heterom\u00e4n. Men visst, f\u00f6r mig kan det hj\u00e4lpa.&#8221;<\/p><\/blockquote>\n<p>Jag skulle vilja p\u00e5st\u00e5 att de r\u00e5dande identitetspoltiska idealen leder till att varje arabisk, lesbisk tjej som h\u00e5ller p\u00e5 med musik kommer att uppm\u00e4rksammas i media och mer \u00e4n s\u00e5. (\u00c5 andra sidan skadar det inte att se bra ut och vara ung, utseende- och ungdomsfixeringen \u00e4r monumental.)<\/p>\n<blockquote><p><strong>&#8221;Dina texter blandar det spirituella, akademiska och urbana. K\u00e4nner du ett utbildningsansvar gentemot dina lyssnare?<\/strong><\/p>\n<p>\u2013 Ja, till exempel n\u00e4r jag p\u00e5 \u201dI min zon\u201d s\u00e4ger att Judith Butler sa, \u201dK\u00f6n \u00e4r en imitation utan original\u201d, och om man inte vet vem Judith Butler \u00e4r s\u00e5 har hon sagt s\u00e5 h\u00e4r. Man beh\u00f6ver inte sl\u00e5 upp det f\u00f6r att l\u00e4ra sig. Mitt ansvar ligger i att jag har blivit den h\u00e4r r\u00f6sten f\u00f6r m\u00e5nga som inte f\u00e5r s\u00e4ga n\u00e5got. N\u00e4r jag v\u00e4xte upp sk\u00e4mdes jag f\u00f6r vem jag var eftersom jag inte s\u00e5g n\u00e5gon homosexuell p\u00e5 tv, tidningar eller h\u00f6rdes p\u00e5 radio.&#8221;<\/p><\/blockquote>\n<p>Mmmm&#8230;\u00e5\u00e5\u00e5h&#8230;Judith Butler&#8230;.k\u00f6n \u00e4r en imitation&#8230;.mmmm<\/p>\n<p>Var har hon vuxit upp? Inte sett en homosexuell p\u00e5 tv, tidningar och radio och hon \u00e4r f\u00f6dd i Stockholm 1986???? (Gardell, Levengood, Lindarw, Wolff, Boije af Genn\u00e4s, Lodalen, Eva och Efva, Wilhelmsson etc etc&#8230;?)<\/p>\n<p>Det visar sig att det finns en exotisk liten plump i protokollet, Imam \u00e4r ett Ayn Rand-fan.<\/p>\n<blockquote><p><strong>&#8221;Rand och objektivismen brukar annars lyftas fram av personer fr\u00e5n det motsatta politiska l\u00e4gret \u00e4n det du sj\u00e4lv tillh\u00f6r.<\/strong><\/p>\n<p>\u2013 Jantelagen har varit aktiv i mitt liv fr\u00e5n s\u00e5 m\u00e5nga m\u00e4nniskor som har f\u00f6rs\u00f6kt trycka ner mig: \u201dG\u00f6r inget f\u00f6r din egen skull, du m\u00e5ste g\u00f6ra det f\u00f6r n\u00e5gon annan\u201d. Rand beskriver hur arkitekten i \u201dUrk\u00e4llan\u201d har en kunskap som han inte f\u00e5r uttrycka, den f\u00e5r ingen plats. Han m\u00e5ste vara som alla andra, och det k\u00e4nde jag igen mig i, att ha en passion som inte fick plats i v\u00e4rlden.&#8221;<\/p><\/blockquote>\n<p>S\u00e5 chict!<\/p>\n<blockquote><p><strong>&#8221;\u00c4r det sv\u00e5rt att erk\u00e4nna det, att man \u00e4r lycklig?<\/strong><\/p>\n<p>\u2013 I Sverige f\u00e5r vi inte s\u00e4ga att vi \u00e4r lyckliga, vi f\u00e5r inte tro p\u00e5 v\u00e5ra dr\u00f6mmar s\u00e5 vi l\u00e4r oss att trycka ner lyckan. Men jag vill s\u00e4ga att inget \u00e4r om\u00f6jligt, att man ska leva sina dr\u00f6mmar. Hade jag f\u00e5tt h\u00f6ra att jag var j\u00e4ttebra sedan jag var sju \u00e5r gammal hade jag varit v\u00e4rldsartist nu, haha.&#8221;<\/p><\/blockquote>\n<p>H\u00e4r h\u00e5ller jag fullst\u00e4ndigt med.<\/p>\n<p>Jag vill nu p\u00e5peka att mitt raljerande och inv\u00e4ndningarna fr\u00e4mst riktar sig till journalistiken och klimatet inom mediaetablissemanget, d\u00e4r det ovanst\u00e5ende n\u00e4rmast \u00e4r en katalog \u00f6ver de r\u00e5dande idealen. Jag har inga som helst \u00e5sikter om Silvana Imams artisteri och hon \u00e4r s\u00e5 klart fri att hysa precis de \u00e5sikter hon vill, jag vill bara visa p\u00e5 vad som \u00e4r g\u00e5ngbart inom det svenska mediaetablissemanget 2015. Men f\u00f6rresten&#8230;sysslar inte Imam med kulturell appropriering&#8230;?<\/p>\n","protected":false},"excerpt":{"rendered":"<p>Dagens DN inneh\u00e5ller en artikel om hiphopstj\u00e4rnan Silvana Imam, skriven av Kristofer Ahlstr\u00f6m. Imam \u00e4r kvinna, lesbisk och arab, med andra ord den v\u00e5taste av v\u00e5ta dr\u00f6mmar f\u00f6r dagens kulturmaffia. &#8221;Hennes elastiska s\u00e4tt att kasta sig mellan avantgardistiskt skryt och &hellip; <a href=\"http:\/\/www.susannavaris.com\/blogg\/2015\/01\/identitetspolitisk-overdos\/\">Forts\u00e4tt l\u00e4sa <span class=\"meta-nav\">&rarr;<\/span><\/a><\/p>\n","protected":false},"author":1,"featured_media":0,"comment_status":"open","ping_status":"open","sticky":false,"template":"","format":"standard","meta":{"footnotes":""},"categories":[181,154,259,3358,1321,1928,1162,589,994,1,590],"tags":[175,4900,4562,4927,4016,4922,988,4563,4561],"class_list":["post-14120","post","type-post","status-publish","format-standard","hentry","category-feminism","category-genus","category-genusvetenskap","category-identitetspolitik","category-jamstalldhet","category-journalistik","category-kultur","category-medier","category-musik","category-okategoriserade","category-politik","tag-dn","tag-feminism","tag-hiphop","tag-identitetspolitik","tag-intersektionalism","tag-journalistik","tag-judith-butler","tag-kristofer-ahlstrom","tag-silvana-imam"],"_links":{"self":[{"href":"http:\/\/www.susannavaris.com\/blogg\/wp-json\/wp\/v2\/posts\/14120","targetHints":{"allow":["GET"]}}],"collection":[{"href":"http:\/\/www.susannavaris.com\/blogg\/wp-json\/wp\/v2\/posts"}],"about":[{"href":"http:\/\/www.susannavaris.com\/blogg\/wp-json\/wp\/v2\/types\/post"}],"author":[{"embeddable":true,"href":"http:\/\/www.susannavaris.com\/blogg\/wp-json\/wp\/v2\/users\/1"}],"replies":[{"embeddable":true,"href":"http:\/\/www.susannavaris.com\/blogg\/wp-json\/wp\/v2\/comments?post=14120"}],"version-history":[{"count":2,"href":"http:\/\/www.susannavaris.com\/blogg\/wp-json\/wp\/v2\/posts\/14120\/revisions"}],"predecessor-version":[{"id":14123,"href":"http:\/\/www.susannavaris.com\/blogg\/wp-json\/wp\/v2\/posts\/14120\/revisions\/14123"}],"wp:attachment":[{"href":"http:\/\/www.susannavaris.com\/blogg\/wp-json\/wp\/v2\/media?parent=14120"}],"wp:term":[{"taxonomy":"category","embeddable":true,"href":"http:\/\/www.susannavaris.com\/blogg\/wp-json\/wp\/v2\/categories?post=14120"},{"taxonomy":"post_tag","embeddable":true,"href":"http:\/\/www.susannavaris.com\/blogg\/wp-json\/wp\/v2\/tags?post=14120"}],"curies":[{"name":"wp","href":"https:\/\/api.w.org\/{rel}","templated":true}]}}